{"id":551,"date":"2016-09-10T20:34:00","date_gmt":"2016-09-10T18:34:00","guid":{"rendered":"https:\/\/vkjc.bknezmar.cz\/?p=551"},"modified":"2020-02-05T20:35:31","modified_gmt":"2020-02-05T19:35:31","slug":"vkjc-2016-12-jan-skorepa","status":"publish","type":"post","link":"https:\/\/vkjc.bknezmar.cz\/?p=551","title":{"rendered":"VKJ\u010c 2016 &#8211; 12. Jan Sko\u0159epa"},"content":{"rendered":"\n<p>Jan Sko\u0159epa je dal\u0161\u00edm bikerem, kter\u00fd vystoupal na v\u0161ech 20 vrchol\u016f Ji\u017en\u00edch \u010cech pro rok 2016. Krom\u011b Klet\u011b putoval spole\u010dn\u011b v Petrem Jackovem. \u00a0Celkem \u00a0najezdil 375km a nastoupal 8420m \u00a0 \u00a0 \u00a0Blahop\u0159ejeme<\/p>\n","protected":false},"excerpt":{"rendered":"<p>Jan Sko\u0159epa je dal\u0161\u00edm bikerem, kter\u00fd vystoupal na v\u0161ech 20 vrchol\u016f Ji\u017en\u00edch \u010cech pro rok 2016. Krom\u011b Klet\u011b putoval spole\u010dn\u011b v Petrem Jackovem. \u00a0Celkem \u00a0najezdil 375km a nastoupal 8420m \u00a0 \u00a0 \u00a0Blahop\u0159ejeme<\/p>\n","protected":false},"author":2,"featured_media":0,"comment_status":"open","ping_status":"open","sticky":false,"template":"","format":"standard","meta":[],"categories":[6],"tags":[],"_links":{"self":[{"href":"https:\/\/vkjc.bknezmar.cz\/index.php?rest_route=\/wp\/v2\/posts\/551"}],"collection":[{"href":"https:\/\/vkjc.bknezmar.cz\/index.php?rest_route=\/wp\/v2\/posts"}],"about":[{"href":"https:\/\/vkjc.bknezmar.cz\/index.php?rest_route=\/wp\/v2\/types\/post"}],"author":[{"embeddable":true,"href":"https:\/\/vkjc.bknezmar.cz\/index.php?rest_route=\/wp\/v2\/users\/2"}],"replies":[{"embeddable":true,"href":"https:\/\/vkjc.bknezmar.cz\/index.php?rest_route=%2Fwp%2Fv2%2Fcomments&post=551"}],"version-history":[{"count":1,"href":"https:\/\/vkjc.bknezmar.cz\/index.php?rest_route=\/wp\/v2\/posts\/551\/revisions"}],"predecessor-version":[{"id":552,"href":"https:\/\/vkjc.bknezmar.cz\/index.php?rest_route=\/wp\/v2\/posts\/551\/revisions\/552"}],"wp:attachment":[{"href":"https:\/\/vkjc.bknezmar.cz\/index.php?rest_route=%2Fwp%2Fv2%2Fmedia&parent=551"}],"wp:term":[{"taxonomy":"category","embeddable":true,"href":"https:\/\/vkjc.bknezmar.cz\/index.php?rest_route=%2Fwp%2Fv2%2Fcategories&post=551"},{"taxonomy":"post_tag","embeddable":true,"href":"https:\/\/vkjc.bknezmar.cz\/index.php?rest_route=%2Fwp%2Fv2%2Ftags&post=551"}],"curies":[{"name":"wp","href":"https:\/\/api.w.org\/{rel}","templated":true}]}}