{"id":547,"date":"2016-09-19T20:31:00","date_gmt":"2016-09-19T18:31:00","guid":{"rendered":"https:\/\/vkjc.bknezmar.cz\/?p=547"},"modified":"2020-02-05T20:32:31","modified_gmt":"2020-02-05T19:32:31","slug":"vkjc-2016-14-bohumil-kovarna","status":"publish","type":"post","link":"https:\/\/vkjc.bknezmar.cz\/?p=547","title":{"rendered":"VKJ\u010c 2016 &#8211; 14. Bohumil Kov\u00e1rna"},"content":{"rendered":"\n<p>Bohumil je dvojn\u00e1sobn\u00fdm dr\u017eitelem Vrcha\u0159sk\u00e9 koruny Ji\u017en\u00edch \u010cech \u00a0a pojal to p\u0159esn\u011b tak , \u00a0jak jsem se s touhle akc\u00ed ztoto\u017e\u0148uji \u00a0i j\u00e1. Pojmout to jako v\u00fdlety v na\u0161em kr\u00e1sn\u00e9m regionu a pod\u00edvat se i na m\u00edsta, kde by n\u00e1s to v\u016fbec nenapadlo. \u00a0Blahop\u0159ejeme.<\/p>\n","protected":false},"excerpt":{"rendered":"<p>Bohumil je dvojn\u00e1sobn\u00fdm dr\u017eitelem Vrcha\u0159sk\u00e9 koruny Ji\u017en\u00edch \u010cech \u00a0a pojal to p\u0159esn\u011b tak , \u00a0jak jsem se s touhle akc\u00ed ztoto\u017e\u0148uji \u00a0i j\u00e1. Pojmout to jako v\u00fdlety v na\u0161em kr\u00e1sn\u00e9m regionu a pod\u00edvat se i na m\u00edsta, kde by n\u00e1s to v\u016fbec nenapadlo. \u00a0Blahop\u0159ejeme.<\/p>\n","protected":false},"author":2,"featured_media":0,"comment_status":"open","ping_status":"open","sticky":false,"template":"","format":"standard","meta":[],"categories":[6],"tags":[],"_links":{"self":[{"href":"https:\/\/vkjc.bknezmar.cz\/index.php?rest_route=\/wp\/v2\/posts\/547"}],"collection":[{"href":"https:\/\/vkjc.bknezmar.cz\/index.php?rest_route=\/wp\/v2\/posts"}],"about":[{"href":"https:\/\/vkjc.bknezmar.cz\/index.php?rest_route=\/wp\/v2\/types\/post"}],"author":[{"embeddable":true,"href":"https:\/\/vkjc.bknezmar.cz\/index.php?rest_route=\/wp\/v2\/users\/2"}],"replies":[{"embeddable":true,"href":"https:\/\/vkjc.bknezmar.cz\/index.php?rest_route=%2Fwp%2Fv2%2Fcomments&post=547"}],"version-history":[{"count":1,"href":"https:\/\/vkjc.bknezmar.cz\/index.php?rest_route=\/wp\/v2\/posts\/547\/revisions"}],"predecessor-version":[{"id":548,"href":"https:\/\/vkjc.bknezmar.cz\/index.php?rest_route=\/wp\/v2\/posts\/547\/revisions\/548"}],"wp:attachment":[{"href":"https:\/\/vkjc.bknezmar.cz\/index.php?rest_route=%2Fwp%2Fv2%2Fmedia&parent=547"}],"wp:term":[{"taxonomy":"category","embeddable":true,"href":"https:\/\/vkjc.bknezmar.cz\/index.php?rest_route=%2Fwp%2Fv2%2Fcategories&post=547"},{"taxonomy":"post_tag","embeddable":true,"href":"https:\/\/vkjc.bknezmar.cz\/index.php?rest_route=%2Fwp%2Fv2%2Ftags&post=547"}],"curies":[{"name":"wp","href":"https:\/\/api.w.org\/{rel}","templated":true}]}}