{"id":484,"date":"2018-05-12T19:35:00","date_gmt":"2018-05-12T17:35:00","guid":{"rendered":"https:\/\/vkjc.bknezmar.cz\/?p=484"},"modified":"2020-02-05T19:36:29","modified_gmt":"2020-02-05T18:36:29","slug":"vkjc-2018-4-pepa-lipa","status":"publish","type":"post","link":"https:\/\/vkjc.bknezmar.cz\/?p=484","title":{"rendered":"VKJ\u010c 2018 &#8211; 4. Pepa L\u00edpa"},"content":{"rendered":"\n<p>Pepa L\u00edpa je \u010dtvrt\u00fdm poko\u0159itelem a ka\u017edoro\u010dn\u00fdm \u00fa\u010dastn\u00edkem Vrcha\u0159sk\u00e9 koruny J\u010c. Blahop\u0159ejeme. P\u0159e\u010dt\u011bte si jeho koment\u00e1\u0159:<br>\nZdrav\u00edm vrcha\u0159e,tak to m\u00e1m za sebou. Letos jsem kolu moc nedal, sp\u00ed\u0161e jsem lezl po skal\u00e1ch na p\u00edskovc\u00edch. V p\u00e1tek 5.5.se jedu projet na Blatensko a na netu vid\u00edm hned dva vrcholy. A u\u017e mne to chytlo. V ned\u011bli vlakem na Lipno a na t\u011b\u017eko s cyklobra\u0161nami jedu na \u010dty\u0159i dny.&nbsp; Lu\u010d byla sakra zah\u0159ejva\u010dka (bra\u0161ny sundav\u00e1m jasn\u011b v\u017edy pod kopcem), svat\u00e1 Marie, Kun\u00ed hora(tam snad nikdo nechod\u00ed), kr\u00e1sn\u00e1 vyhl\u00eddka z Mandelsteinu. Bivakuji za Nov\u00fdmi Hrady u rybn\u00edka. Druh\u00fd den T\u0159ebo\u0148sko, rovinky a \u010dty\u0159i povinn\u00fd kope\u010dky. Sp\u00edm na Choustn\u00edku ve skaln\u00edm m\u011bst\u011b. P\u0159ed lety se zde po\u0159\u00e1dal horolezeck\u00fd triatlon, kolo,l ezen\u00ed a t\u0159i piva na \u010das (to zas bylo v aleji nablito).. T\u0159et\u00ed den to \u0161olicham a d\u00e1v\u00e1m Homoli a V\u011btr\u00e1k, dal\u0161\u00ed den pak Rad\u011btickou rozhledu s v\u00fdhledem na hnoji\u0161t\u011b (humus) a horu T\u00e1bor s nedalek\u00fdm kamenn\u00fdm kruhem.Doma si pak chci odpo\u010dinout ale k\u00e1mo\u0161 jede r\u00e1no do N\u011bmecka, vysad\u00ed mne za \u010d\u00e1rou a ve\u010der nabere v Prachatic\u00edch. Na T\u0159\u00edstoli\u010dn\u00edku jsem r\u00e1no prvn\u00ed, nabrat vodu u Sto\u017eeck\u00fd kaple, pak Str\u00e1\u017ee. Z\u0159\u00edcenina Osule mi d\u00e1v\u00e1 zabrat, je vedro p\u0159ed bou\u0159kou, u\u017e se plaz\u00edm. K\u00e1mo\u0161 jede naproti. P\u00e1tek 11.5.kopec V\u011bnec( taky p\u011bkn\u00e1 svi..) a Hoslovick\u00e1 rozhledna , domu s kopce 15.km. Bilance:20 kopc\u016f,ujeto od 5.5. do11.5., kilometr\u016f bylo hodn\u011b, p\u0159ev\u00fd\u0161en\u00ed slu\u0161n\u00fd .&nbsp; &nbsp; &nbsp; &nbsp; &nbsp; &nbsp; &nbsp; &nbsp; Pepa L\u00edpa ro\u010d.1956.<\/p>\n","protected":false},"excerpt":{"rendered":"<p>Pepa L\u00edpa je \u010dtvrt\u00fdm poko\u0159itelem a ka\u017edoro\u010dn\u00fdm \u00fa\u010dastn\u00edkem Vrcha\u0159sk\u00e9 koruny J\u010c. Blahop\u0159ejeme. P\u0159e\u010dt\u011bte si jeho koment\u00e1\u0159: Zdrav\u00edm vrcha\u0159e,tak to m\u00e1m za sebou. Letos jsem kolu moc nedal, sp\u00ed\u0161e jsem lezl po skal\u00e1ch na p\u00edskovc\u00edch. V p\u00e1tek 5.5.se jedu projet na Blatensko a na netu vid\u00edm hned dva vrcholy. A u\u017e mne to chytlo. V ned\u011bli&#8230;<\/p>\n","protected":false},"author":2,"featured_media":0,"comment_status":"open","ping_status":"open","sticky":false,"template":"","format":"standard","meta":[],"categories":[4],"tags":[],"_links":{"self":[{"href":"https:\/\/vkjc.bknezmar.cz\/index.php?rest_route=\/wp\/v2\/posts\/484"}],"collection":[{"href":"https:\/\/vkjc.bknezmar.cz\/index.php?rest_route=\/wp\/v2\/posts"}],"about":[{"href":"https:\/\/vkjc.bknezmar.cz\/index.php?rest_route=\/wp\/v2\/types\/post"}],"author":[{"embeddable":true,"href":"https:\/\/vkjc.bknezmar.cz\/index.php?rest_route=\/wp\/v2\/users\/2"}],"replies":[{"embeddable":true,"href":"https:\/\/vkjc.bknezmar.cz\/index.php?rest_route=%2Fwp%2Fv2%2Fcomments&post=484"}],"version-history":[{"count":1,"href":"https:\/\/vkjc.bknezmar.cz\/index.php?rest_route=\/wp\/v2\/posts\/484\/revisions"}],"predecessor-version":[{"id":485,"href":"https:\/\/vkjc.bknezmar.cz\/index.php?rest_route=\/wp\/v2\/posts\/484\/revisions\/485"}],"wp:attachment":[{"href":"https:\/\/vkjc.bknezmar.cz\/index.php?rest_route=%2Fwp%2Fv2%2Fmedia&parent=484"}],"wp:term":[{"taxonomy":"category","embeddable":true,"href":"https:\/\/vkjc.bknezmar.cz\/index.php?rest_route=%2Fwp%2Fv2%2Fcategories&post=484"},{"taxonomy":"post_tag","embeddable":true,"href":"https:\/\/vkjc.bknezmar.cz\/index.php?rest_route=%2Fwp%2Fv2%2Ftags&post=484"}],"curies":[{"name":"wp","href":"https:\/\/api.w.org\/{rel}","templated":true}]}}