{"id":466,"date":"2018-10-22T19:24:00","date_gmt":"2018-10-22T17:24:00","guid":{"rendered":"https:\/\/vkjc.bknezmar.cz\/?p=466"},"modified":"2020-02-05T19:35:18","modified_gmt":"2020-02-05T18:35:18","slug":"11-jindriska-kyslikova","status":"publish","type":"post","link":"https:\/\/vkjc.bknezmar.cz\/?p=466","title":{"rendered":"VKJ\u010c 2018 &#8211; 11. Jind\u0159i\u0161ka Kysl\u00edkov\u00e1"},"content":{"rendered":"\n<p>Jind\u0159i\u0161ka dokon\u010dila Vrcha\u0159skou korunu Ji\u017en\u00edch \u010cech 2018 po neuv\u011b\u0159iteln\u00e9m v\u00fdkonu. Blahop\u0159ejeme.<br>\nJind\u0159i\u0161ka o sv\u00e9m v\u00fdkonu p\u00ed\u0161e:<br>\nAhoj,<br>\nhl\u00e1s\u00edm spln\u011bn\u00ed VKJ\u010c \u2013 a tady je k tomu p\u00e1r slov:<br>\nPo absolvov\u00e1n\u00ed VKVys, VKV\u010c a VKDV jsem pokukovala i po VKJ\u010c, ale dlouho m\u011b<br>\nodrazovalo, \u017ee zab\u00edr\u00e1 p\u0159\u00edli\u0161 rozs\u00e1hl\u00e9 \u00fazem\u00ed. Nakonec jsem si vy\u010dlenila t\u00fdden<br>\ndovolen\u00e9 a vzala to vandrem najednou. Bylo to n\u00e1ro\u010dn\u00e9, v\u011bd\u011bla jsem, \u017ee mus\u00edm<br>\njet a jet a jet, abych to stihla. Cestou sedm bivak\u016f, vst\u00e1vala jsem za \u0161era,<br>\njela denn\u011b a\u017e do tmy. Dvakr\u00e1t jsem spala p\u0159\u00edmo na stanoven\u00e9m kopci \u2013<br>\nMu\u017eetick\u00fd vrch a Maria Rast am Stein. Cestou na V\u011bnec jsem poprv\u00e9 nechala<br>\nbra\u0161ny pod kopcem, s plnou poln\u00ed bych to nezvl\u00e1dla. Pak je\u0161t\u011b n\u011bkolikr\u00e1t<br>\npodobn\u011b. Po\u010das\u00ed bylo luxusn\u00ed, jen cestou z nocovi\u0161t\u011b u Nov\u00e9ho \u00dadol\u00ed na<br>\nSto\u017eeckou sk\u00e1lu mi mrzly prsty a kdy\u017e za\u010daly p\u0159ich\u00e1zet k sob\u011b a zalezlo mi<br>\nza nehty, oz\u00fdvalo se lesem moje hlasit\u00e9 sku\u010den\u00ed. A moji favorit\u00e9 mezi kopci?<br>\nAsi Mandelstein, Jezev\u010d\u00ed vrch a \u010cert\u016fv K\u00e1men. Ujela jsem 572 km a p\u0159ev\u00fd\u0161en\u00ed<br>\njsem rad\u011bji nepo\u010d\u00edtala. D\u011bkuji organiz\u00e1tor\u016fm za skv\u011bl\u00e9 z\u00e1\u017eitky.<br>\nSrde\u010dn\u011b zdrav\u00edm, Jind\u0159i\u0161ka Kysilkov\u00e1.<\/p>\n","protected":false},"excerpt":{"rendered":"<p>Jind\u0159i\u0161ka dokon\u010dila Vrcha\u0159skou korunu Ji\u017en\u00edch \u010cech 2018 po neuv\u011b\u0159iteln\u00e9m v\u00fdkonu. Blahop\u0159ejeme. Jind\u0159i\u0161ka o sv\u00e9m v\u00fdkonu p\u00ed\u0161e: Ahoj, hl\u00e1s\u00edm spln\u011bn\u00ed VKJ\u010c \u2013 a tady je k tomu p\u00e1r slov: Po absolvov\u00e1n\u00ed VKVys, VKV\u010c a VKDV jsem pokukovala i po VKJ\u010c, ale dlouho m\u011b odrazovalo, \u017ee zab\u00edr\u00e1 p\u0159\u00edli\u0161 rozs\u00e1hl\u00e9 \u00fazem\u00ed. Nakonec jsem si vy\u010dlenila t\u00fdden dovolen\u00e9 a&#8230;<\/p>\n","protected":false},"author":2,"featured_media":0,"comment_status":"open","ping_status":"open","sticky":false,"template":"","format":"standard","meta":[],"categories":[4],"tags":[],"_links":{"self":[{"href":"https:\/\/vkjc.bknezmar.cz\/index.php?rest_route=\/wp\/v2\/posts\/466"}],"collection":[{"href":"https:\/\/vkjc.bknezmar.cz\/index.php?rest_route=\/wp\/v2\/posts"}],"about":[{"href":"https:\/\/vkjc.bknezmar.cz\/index.php?rest_route=\/wp\/v2\/types\/post"}],"author":[{"embeddable":true,"href":"https:\/\/vkjc.bknezmar.cz\/index.php?rest_route=\/wp\/v2\/users\/2"}],"replies":[{"embeddable":true,"href":"https:\/\/vkjc.bknezmar.cz\/index.php?rest_route=%2Fwp%2Fv2%2Fcomments&post=466"}],"version-history":[{"count":2,"href":"https:\/\/vkjc.bknezmar.cz\/index.php?rest_route=\/wp\/v2\/posts\/466\/revisions"}],"predecessor-version":[{"id":468,"href":"https:\/\/vkjc.bknezmar.cz\/index.php?rest_route=\/wp\/v2\/posts\/466\/revisions\/468"}],"wp:attachment":[{"href":"https:\/\/vkjc.bknezmar.cz\/index.php?rest_route=%2Fwp%2Fv2%2Fmedia&parent=466"}],"wp:term":[{"taxonomy":"category","embeddable":true,"href":"https:\/\/vkjc.bknezmar.cz\/index.php?rest_route=%2Fwp%2Fv2%2Fcategories&post=466"},{"taxonomy":"post_tag","embeddable":true,"href":"https:\/\/vkjc.bknezmar.cz\/index.php?rest_route=%2Fwp%2Fv2%2Ftags&post=466"}],"curies":[{"name":"wp","href":"https:\/\/api.w.org\/{rel}","templated":true}]}}