{"id":464,"date":"2018-10-26T19:23:00","date_gmt":"2018-10-26T17:23:00","guid":{"rendered":"https:\/\/vkjc.bknezmar.cz\/?p=464"},"modified":"2020-02-05T19:24:25","modified_gmt":"2020-02-05T18:24:25","slug":"vkjc-2018-12-dana-koubikova","status":"publish","type":"post","link":"https:\/\/vkjc.bknezmar.cz\/?p=464","title":{"rendered":"VKJ\u010c 2018 &#8211; 12. Dana Koub\u00edkov\u00e1"},"content":{"rendered":"\n<p>K v\u00edt\u011bzi Vrcha\u0159sk\u00e9 koruny Ji\u017en\u00edch \u010cech 2018 Stanislavu Koub\u00edkovi se p\u0159ipojila i jeho man\u017eelka Dana Koub\u00edkov\u00e1.<br>\nBlahop\u0159ejeme.<br>\nStanislav o sv\u00e9m i spole\u010dn\u00e9m putov\u00e1n\u00ed po Ji\u017en\u00edch \u010cech\u00e1ch napsal:<br>\nO akci jsem \u010detl poprv\u00e9 loni na internetu. Nejd\u0159\u00edve m\u011b tak\u00e9 odrazovalo, \u017ee<br>\ntato koruna zab\u00edr\u00e1 rozs\u00e1hl\u00e9 \u00fazem\u00ed. Letos jsem u\u017e neodolal a v r\u00e1mci tr\u00e9ninku<br>\nvyrazil na l\u00e1kavou v\u00fdzvu. Prvn\u00ed t\u0159i body jsem m\u011bl v dosahu v\u017edy do hodiny<br>\nj\u00edzdy na kole z Pacova. 7x jsem podnikl v\u00fdlet na kole z domova a 2x vyu\u017eil<br>\nz\u00e1kladnu na jihu. Ujel jsem p\u0159ibli\u017en\u011b 1200 km v souvislosti s korunou.\u010c\u00e1st<br>\nvrchol\u016f jsme zdolali spole\u010dn\u011b ji\u017e na ja\u0159e. P\u00e1t\u00e9ho kv\u011btna jsem dokon\u010dil<br>\ndvac\u00e1t\u00fd vrchol a poda\u0159ilo se mi jako prvn\u00edmu z\u00edskat vrcha\u0159skou korunu<br>\nJi\u017en\u00edch \u010cech v roce 2018.Proto\u017ee by byla \u0161koda, aby Dana tuto skv\u011blou akci<br>\nnedokon\u010dila \u2013 vr\u00e1tili jsme se znovu na tra\u0165 koruny v z\u00e1\u0159\u00ed a v sobotu 20. 10.<br>\ni ona dos\u00e1hla dvac\u00e1t\u00e9ho vrcholu.<br>\nPodzimn\u00ed p\u0159\u00edrodu dokreslovala p\u0159\u00edtomnost prob\u00edhaj\u00edc\u00edho koncertu jelen\u00ed \u0159\u00edje.<br>\nPrvn\u00edho jelena jsme potkali p\u0159ekvapiv\u011b p\u0159\u00edmo na cest\u011b pod vrcholem \u010cert\u016fv<br>\nk\u00e1men. Druh\u00e9ho jsme pozorovali i z Jezev\u010d\u00edho vrchu.<br>\nD\u011bkujeme organiz\u00e1tor\u016fm za dob\u0159e vybran\u00e9 vrcholy v kr\u00e1sn\u00e9 p\u0159\u00edrod\u011b se spoustou<br>\nskv\u011bl\u00fdch z\u00e1\u017eitk\u016f.<br>\nS pozdravem<br>\nStanislav Koub\u00edk z Pacova<\/p>\n","protected":false},"excerpt":{"rendered":"<p>K v\u00edt\u011bzi Vrcha\u0159sk\u00e9 koruny Ji\u017en\u00edch \u010cech 2018 Stanislavu Koub\u00edkovi se p\u0159ipojila i jeho man\u017eelka Dana Koub\u00edkov\u00e1. Blahop\u0159ejeme. Stanislav o sv\u00e9m i spole\u010dn\u00e9m putov\u00e1n\u00ed po Ji\u017en\u00edch \u010cech\u00e1ch napsal: O akci jsem \u010detl poprv\u00e9 loni na internetu. Nejd\u0159\u00edve m\u011b tak\u00e9 odrazovalo, \u017ee tato koruna zab\u00edr\u00e1 rozs\u00e1hl\u00e9 \u00fazem\u00ed. Letos jsem u\u017e neodolal a v r\u00e1mci tr\u00e9ninku vyrazil na&#8230;<\/p>\n","protected":false},"author":2,"featured_media":0,"comment_status":"open","ping_status":"open","sticky":false,"template":"","format":"standard","meta":[],"categories":[4],"tags":[],"_links":{"self":[{"href":"https:\/\/vkjc.bknezmar.cz\/index.php?rest_route=\/wp\/v2\/posts\/464"}],"collection":[{"href":"https:\/\/vkjc.bknezmar.cz\/index.php?rest_route=\/wp\/v2\/posts"}],"about":[{"href":"https:\/\/vkjc.bknezmar.cz\/index.php?rest_route=\/wp\/v2\/types\/post"}],"author":[{"embeddable":true,"href":"https:\/\/vkjc.bknezmar.cz\/index.php?rest_route=\/wp\/v2\/users\/2"}],"replies":[{"embeddable":true,"href":"https:\/\/vkjc.bknezmar.cz\/index.php?rest_route=%2Fwp%2Fv2%2Fcomments&post=464"}],"version-history":[{"count":1,"href":"https:\/\/vkjc.bknezmar.cz\/index.php?rest_route=\/wp\/v2\/posts\/464\/revisions"}],"predecessor-version":[{"id":465,"href":"https:\/\/vkjc.bknezmar.cz\/index.php?rest_route=\/wp\/v2\/posts\/464\/revisions\/465"}],"wp:attachment":[{"href":"https:\/\/vkjc.bknezmar.cz\/index.php?rest_route=%2Fwp%2Fv2%2Fmedia&parent=464"}],"wp:term":[{"taxonomy":"category","embeddable":true,"href":"https:\/\/vkjc.bknezmar.cz\/index.php?rest_route=%2Fwp%2Fv2%2Fcategories&post=464"},{"taxonomy":"post_tag","embeddable":true,"href":"https:\/\/vkjc.bknezmar.cz\/index.php?rest_route=%2Fwp%2Fv2%2Ftags&post=464"}],"curies":[{"name":"wp","href":"https:\/\/api.w.org\/{rel}","templated":true}]}}