{"id":462,"date":"2018-10-29T19:20:00","date_gmt":"2018-10-29T18:20:00","guid":{"rendered":"https:\/\/vkjc.bknezmar.cz\/?p=462"},"modified":"2020-02-05T19:22:40","modified_gmt":"2020-02-05T18:22:40","slug":"vkjc-2018-13-vaclav-krutina","status":"publish","type":"post","link":"https:\/\/vkjc.bknezmar.cz\/?p=462","title":{"rendered":"VKJ\u010c 2018 &#8211; 13. V\u00e1clav Krutina"},"content":{"rendered":"\n<p>Va\u0161ek si dal letos voln\u011bj\u0161\u00ed postup p\u0159i zdol\u00e1v\u00e1n\u00ed leto\u0161n\u00edch vrchol\u016f, ale hlavn\u011b \u00fasp\u011b\u0161n\u00fd. Blahop\u0159ejeme.<\/p>\n","protected":false},"excerpt":{"rendered":"<p>Va\u0161ek si dal letos voln\u011bj\u0161\u00ed postup p\u0159i zdol\u00e1v\u00e1n\u00ed leto\u0161n\u00edch vrchol\u016f, ale hlavn\u011b \u00fasp\u011b\u0161n\u00fd. Blahop\u0159ejeme.<\/p>\n","protected":false},"author":2,"featured_media":0,"comment_status":"open","ping_status":"open","sticky":false,"template":"","format":"standard","meta":[],"categories":[4],"tags":[],"_links":{"self":[{"href":"https:\/\/vkjc.bknezmar.cz\/index.php?rest_route=\/wp\/v2\/posts\/462"}],"collection":[{"href":"https:\/\/vkjc.bknezmar.cz\/index.php?rest_route=\/wp\/v2\/posts"}],"about":[{"href":"https:\/\/vkjc.bknezmar.cz\/index.php?rest_route=\/wp\/v2\/types\/post"}],"author":[{"embeddable":true,"href":"https:\/\/vkjc.bknezmar.cz\/index.php?rest_route=\/wp\/v2\/users\/2"}],"replies":[{"embeddable":true,"href":"https:\/\/vkjc.bknezmar.cz\/index.php?rest_route=%2Fwp%2Fv2%2Fcomments&post=462"}],"version-history":[{"count":1,"href":"https:\/\/vkjc.bknezmar.cz\/index.php?rest_route=\/wp\/v2\/posts\/462\/revisions"}],"predecessor-version":[{"id":463,"href":"https:\/\/vkjc.bknezmar.cz\/index.php?rest_route=\/wp\/v2\/posts\/462\/revisions\/463"}],"wp:attachment":[{"href":"https:\/\/vkjc.bknezmar.cz\/index.php?rest_route=%2Fwp%2Fv2%2Fmedia&parent=462"}],"wp:term":[{"taxonomy":"category","embeddable":true,"href":"https:\/\/vkjc.bknezmar.cz\/index.php?rest_route=%2Fwp%2Fv2%2Fcategories&post=462"},{"taxonomy":"post_tag","embeddable":true,"href":"https:\/\/vkjc.bknezmar.cz\/index.php?rest_route=%2Fwp%2Fv2%2Ftags&post=462"}],"curies":[{"name":"wp","href":"https:\/\/api.w.org\/{rel}","templated":true}]}}