{"id":456,"date":"2018-11-30T19:15:00","date_gmt":"2018-11-30T18:15:00","guid":{"rendered":"https:\/\/vkjc.bknezmar.cz\/?p=456"},"modified":"2020-02-05T19:18:53","modified_gmt":"2020-02-05T18:18:53","slug":"vkjc-2018-16-a-17-jana-sraierova-a-petr-sikl","status":"publish","type":"post","link":"https:\/\/vkjc.bknezmar.cz\/?p=456","title":{"rendered":"VKJ\u010c 2018 &#8211; 16. a 17. Jana \u0160raierov\u00e1 a Petr \u0160ikl"},"content":{"rendered":"\n<p>U\u017e jsem ani nedoufal, \u017ee Petr a Jana mi po\u0161lou fotky z jejich putov\u00e1n\u00ed po vrcholech Ji\u017en\u00edch \u010cech. Ale v\u010dera jsem je obdr\u017eel moc jim gratuluji.<br>\nPetr napsal: N\u011bco m\u00e1lo o v\u00fdletech .&nbsp;<br>\nVyrazili jsme celkem \u010dty\u0159i kr\u00e1t.<br>\nCelkov\u011b jsme najeli 565km<\/p>\n\n\n\n<ol><li>\u010dervence jsme se vydali poprv\u00e9 na t\u011b\u017eko od firmy Orgo\u0148 a najeli jsme v p\u011bti dnech celkem 365km. Po\u010das\u00ed n\u00e1m op\u011bt p\u0159\u00e1lo,a tak jsme mohli bivakovat pod \u0161ir\u00e1kem. Dal\u0161\u00ed v\u00fdjezdy jsme kombinovali vlak, nebo auto po zbytek l\u00e9ta. VKJ\u010c 2018 jsme dokon\u010dili 13.\u0159\u00edjna. Moc jsme si to u\u017eili, jako v\u017edy:-)..<\/li><\/ol>\n","protected":false},"excerpt":{"rendered":"<p>U\u017e jsem ani nedoufal, \u017ee Petr a Jana mi po\u0161lou fotky z jejich putov\u00e1n\u00ed po vrcholech Ji\u017en\u00edch \u010cech. Ale v\u010dera jsem je obdr\u017eel moc jim gratuluji. Petr napsal: N\u011bco m\u00e1lo o v\u00fdletech .&nbsp; Vyrazili jsme celkem \u010dty\u0159i kr\u00e1t. Celkov\u011b jsme najeli 565km \u010dervence jsme se vydali poprv\u00e9 na t\u011b\u017eko od firmy Orgo\u0148 a najeli jsme&#8230;<\/p>\n","protected":false},"author":2,"featured_media":0,"comment_status":"open","ping_status":"open","sticky":false,"template":"","format":"standard","meta":[],"categories":[4],"tags":[],"_links":{"self":[{"href":"https:\/\/vkjc.bknezmar.cz\/index.php?rest_route=\/wp\/v2\/posts\/456"}],"collection":[{"href":"https:\/\/vkjc.bknezmar.cz\/index.php?rest_route=\/wp\/v2\/posts"}],"about":[{"href":"https:\/\/vkjc.bknezmar.cz\/index.php?rest_route=\/wp\/v2\/types\/post"}],"author":[{"embeddable":true,"href":"https:\/\/vkjc.bknezmar.cz\/index.php?rest_route=\/wp\/v2\/users\/2"}],"replies":[{"embeddable":true,"href":"https:\/\/vkjc.bknezmar.cz\/index.php?rest_route=%2Fwp%2Fv2%2Fcomments&post=456"}],"version-history":[{"count":1,"href":"https:\/\/vkjc.bknezmar.cz\/index.php?rest_route=\/wp\/v2\/posts\/456\/revisions"}],"predecessor-version":[{"id":457,"href":"https:\/\/vkjc.bknezmar.cz\/index.php?rest_route=\/wp\/v2\/posts\/456\/revisions\/457"}],"wp:attachment":[{"href":"https:\/\/vkjc.bknezmar.cz\/index.php?rest_route=%2Fwp%2Fv2%2Fmedia&parent=456"}],"wp:term":[{"taxonomy":"category","embeddable":true,"href":"https:\/\/vkjc.bknezmar.cz\/index.php?rest_route=%2Fwp%2Fv2%2Fcategories&post=456"},{"taxonomy":"post_tag","embeddable":true,"href":"https:\/\/vkjc.bknezmar.cz\/index.php?rest_route=%2Fwp%2Fv2%2Ftags&post=456"}],"curies":[{"name":"wp","href":"https:\/\/api.w.org\/{rel}","templated":true}]}}