{"id":4359,"date":"2022-12-01T09:01:13","date_gmt":"2022-12-01T08:01:13","guid":{"rendered":"https:\/\/vkjc.bknezmar.cz\/?p=4359"},"modified":"2023-03-07T07:11:52","modified_gmt":"2023-03-07T06:11:52","slug":"ukonceni-rocniku-2022","status":"publish","type":"post","link":"https:\/\/vkjc.bknezmar.cz\/?p=4359","title":{"rendered":"Ukon\u010den\u00ed ro\u010dn\u00edku 2022"},"content":{"rendered":"\n<p>Ro\u010dn\u00edk 2022 Vrcha\u0159sk\u00e9 koruny Ji\u017en\u00edch \u010cech je uzav\u0159en, zb\u00fdv\u00e1 u\u017e jen slavit \ud83d\ude42 .  Tradi\u010dn\u00ed ve\u010d\u00edrek, kter\u00fd definitivn\u011b uzav\u0159e ro\u010dn\u00edk 2022 bychom r\u00e1di svolali v \u00fanoru. D\u00e1me v\u010das v\u011bd\u011bt a budeme se t\u011b\u0161it, \u017ee se s v\u00e1mi uvid\u00edme.<\/p>\n\n\n\n<p>Pro p\u0159\u00e1tele statistik p\u00e1r \u010d\u00edsel:<\/p>\n\n\n\n<p>Letos jsme obj\u00ed\u017ed\u011bli vrcholy ve dvou kategori\u00edch. Celkem n\u00e1m svoje fotografie zaslalo 57 biker\u016f, kte\u0159\u00ed spole\u010dn\u011b zdolali 1.161 vrchol\u016f! Blahop\u0159ejeme v\u0161em a v\u011b\u0159\u00edme, \u017ee jste si putov\u00e1n\u00ed po Ji\u017en\u00edch \u010cech\u00e1ch u\u017eili.<\/p>\n\n\n\n<p>Dokon\u010dit VKJ\u010c se poda\u0159ilo 42 \u00fa\u010dastn\u00edk\u016fm (o 10 v\u00edce ne\u017e v roce 2021). 18 z nich se k VKJ\u010c p\u0159idalo poprv\u00e9, co\u017e n\u00e1s moc t\u011b\u0161\u00ed, na druhou stranu se letos nep\u0159idali n\u011bkte\u0159\u00ed tradi\u010dn\u00ed \u00fa\u010dastn\u00edci. VKJ\u010c v kategorii V\u00ddKON z\u00edskalo 21 dobyvatel\u016f (o jednoho m\u00e9n\u011b ne\u017e v roce 2021), v kategorii OKOLO KOM\u00cdNA 29 dobyvatel\u016f (o 6 v\u00edce ne\u017e v roce 2021). 8 bajker\u016f z\u00edskalo VKJ\u010c v obou kategori\u00edch.<\/p>\n\n\n\n<p>D\u011bkujeme za \u00fa\u010dast ve VKJ\u010c a t\u011b\u0161\u00edme se, \u017ee se s n\u00e1mi pust\u00edte do obj\u00ed\u017ed\u011bn\u00ed vrchol\u016f i p\u0159\u00ed\u0161t\u00ed rok!<\/p>\n","protected":false},"excerpt":{"rendered":"<p>Ro\u010dn\u00edk 2022 Vrcha\u0159sk\u00e9 koruny Ji\u017en\u00edch \u010cech je uzav\u0159en, zb\u00fdv\u00e1 u\u017e jen slavit \ud83d\ude42 . Tradi\u010dn\u00ed ve\u010d\u00edrek, kter\u00fd definitivn\u011b uzav\u0159e ro\u010dn\u00edk 2022 bychom r\u00e1di svolali v \u00fanoru. D\u00e1me v\u010das v\u011bd\u011bt a budeme se t\u011b\u0161it, \u017ee se s v\u00e1mi uvid\u00edme. Pro p\u0159\u00e1tele statistik p\u00e1r \u010d\u00edsel: Letos jsme obj\u00ed\u017ed\u011bli vrcholy ve dvou kategori\u00edch. Celkem n\u00e1m svoje fotografie zaslalo&#8230;<\/p>\n","protected":false},"author":2,"featured_media":4360,"comment_status":"open","ping_status":"open","sticky":false,"template":"","format":"standard","meta":[],"categories":[16,13],"tags":[],"_links":{"self":[{"href":"https:\/\/vkjc.bknezmar.cz\/index.php?rest_route=\/wp\/v2\/posts\/4359"}],"collection":[{"href":"https:\/\/vkjc.bknezmar.cz\/index.php?rest_route=\/wp\/v2\/posts"}],"about":[{"href":"https:\/\/vkjc.bknezmar.cz\/index.php?rest_route=\/wp\/v2\/types\/post"}],"author":[{"embeddable":true,"href":"https:\/\/vkjc.bknezmar.cz\/index.php?rest_route=\/wp\/v2\/users\/2"}],"replies":[{"embeddable":true,"href":"https:\/\/vkjc.bknezmar.cz\/index.php?rest_route=%2Fwp%2Fv2%2Fcomments&post=4359"}],"version-history":[{"count":3,"href":"https:\/\/vkjc.bknezmar.cz\/index.php?rest_route=\/wp\/v2\/posts\/4359\/revisions"}],"predecessor-version":[{"id":4419,"href":"https:\/\/vkjc.bknezmar.cz\/index.php?rest_route=\/wp\/v2\/posts\/4359\/revisions\/4419"}],"wp:featuredmedia":[{"embeddable":true,"href":"https:\/\/vkjc.bknezmar.cz\/index.php?rest_route=\/wp\/v2\/media\/4360"}],"wp:attachment":[{"href":"https:\/\/vkjc.bknezmar.cz\/index.php?rest_route=%2Fwp%2Fv2%2Fmedia&parent=4359"}],"wp:term":[{"taxonomy":"category","embeddable":true,"href":"https:\/\/vkjc.bknezmar.cz\/index.php?rest_route=%2Fwp%2Fv2%2Fcategories&post=4359"},{"taxonomy":"post_tag","embeddable":true,"href":"https:\/\/vkjc.bknezmar.cz\/index.php?rest_route=%2Fwp%2Fv2%2Ftags&post=4359"}],"curies":[{"name":"wp","href":"https:\/\/api.w.org\/{rel}","templated":true}]}}