{"id":4257,"date":"2022-06-13T22:02:44","date_gmt":"2022-06-13T20:02:44","guid":{"rendered":"https:\/\/vkjc.bknezmar.cz\/?p=4257"},"modified":"2022-06-13T22:08:13","modified_gmt":"2022-06-13T20:08:13","slug":"rosta-matrka-je-dalsim-dobyvatelemm-vkjc","status":"publish","type":"post","link":"https:\/\/vkjc.bknezmar.cz\/?p=4257","title":{"rendered":"Ros\u0165a Matrka je dal\u0161\u00edm dobyvatelem VKJ\u010c"},"content":{"rendered":"\n<p>Blahop\u0159ejeme a d\u011bkujeme za p\u00e1r \u0159\u00e1dk\u016f, co n\u00e1m napsal: <\/p>\n\n\n\n<p>&#8222;<em>Ahoj, poslu\u0161n\u011b hl\u00e1s\u00edm, \u017ee jsem dneska doobjel v\u0161echny vrcholy okolo kom\u00edna. Vzal jsem si to jako \u00fakol, kter\u00fd si spln\u00edm v pr\u016fb\u011bhu rodinn\u00e9 dovolen\u00e9 bl\u00edzko T\u0159ebon\u011b &#8211; na celou velkou korunu bych bohu\u017eel \u010das nem\u011bl. Jako Pra\u017e\u00e1k jsem v\u011b\u0159il tomu, \u017ee je to tady sam\u00fd rybn\u00edk a placka, ale podle celkov\u011b nastoupan\u00fdch metr\u016f \u0161lo nejsp\u00ed\u0161 o b\u00e1snickou licenci autora, kter\u00fd sem cht\u011bl nal\u00e1kat co nejv\u00edce lenoch\u016f a ud\u011blat z nich po\u0159\u00e1dn\u00e9 chlapy. Tak snad se mu to povedlo i se mnou. Napl\u00e1noval jsem si t\u0159i etapy s postupn\u00fdm navy\u0161ov\u00e1n\u00edm kilometr\u016f a na\u0161t\u011bst\u00ed i d\u00edky p\u0159\u00edzni po\u010das\u00ed se mi v\u0161e poda\u0159ilo splnit. D\u00edky za mo\u017enost pozn\u00e1n\u00ed dal\u0161\u00edch kr\u00e1sn\u00fdch m\u00edst i mimo svou domovinu a nebojte &#8211; i nad\u00e1le budu \u0161\u00ed\u0159it pov\u011bsti, \u017ee je to tu v pohod\u011b jezditeln\u00e9 i pro nezku\u0161en\u00e9 cyklisty.<\/em> <em>Sportu zdar a korun\u00e1m obzvl\u00e1\u0161\u0165 :-). Ros\u0165a Matrka<\/em>&#8222;.<\/p>\n\n\n\n<figure class=\"wp-block-gallery columns-2\"><ul class=\"blocks-gallery-grid\"><li class=\"blocks-gallery-item\"><figure><img loading=\"lazy\" width=\"540\" height=\"405\" src=\"https:\/\/vkjc.bknezmar.cz\/wp-content\/uploads\/2022\/06\/3bef05b4-ec13-4a7d-b918-c5f02cce21ce.jpg\" alt=\"\" data-id=\"4282\" data-full-url=\"https:\/\/vkjc.bknezmar.cz\/wp-content\/uploads\/2022\/06\/3bef05b4-ec13-4a7d-b918-c5f02cce21ce.jpg\" data-link=\"https:\/\/vkjc.bknezmar.cz\/?attachment_id=4282\" class=\"wp-image-4282\" srcset=\"https:\/\/vkjc.bknezmar.cz\/wp-content\/uploads\/2022\/06\/3bef05b4-ec13-4a7d-b918-c5f02cce21ce.jpg 540w, https:\/\/vkjc.bknezmar.cz\/wp-content\/uploads\/2022\/06\/3bef05b4-ec13-4a7d-b918-c5f02cce21ce-300x225.jpg 300w, https:\/\/vkjc.bknezmar.cz\/wp-content\/uploads\/2022\/06\/3bef05b4-ec13-4a7d-b918-c5f02cce21ce-150x113.jpg 150w, https:\/\/vkjc.bknezmar.cz\/wp-content\/uploads\/2022\/06\/3bef05b4-ec13-4a7d-b918-c5f02cce21ce-400x300.jpg 400w\" sizes=\"(max-width: 540px) 100vw, 540px\" \/><\/figure><\/li><li class=\"blocks-gallery-item\"><figure><img loading=\"lazy\" width=\"540\" height=\"405\" src=\"https:\/\/vkjc.bknezmar.cz\/wp-content\/uploads\/2022\/06\/07e096f2-17cc-4004-903b-1104f27ad47c.jpg\" alt=\"\" data-id=\"4283\" data-full-url=\"https:\/\/vkjc.bknezmar.cz\/wp-content\/uploads\/2022\/06\/07e096f2-17cc-4004-903b-1104f27ad47c.jpg\" data-link=\"https:\/\/vkjc.bknezmar.cz\/?attachment_id=4283\" class=\"wp-image-4283\" srcset=\"https:\/\/vkjc.bknezmar.cz\/wp-content\/uploads\/2022\/06\/07e096f2-17cc-4004-903b-1104f27ad47c.jpg 540w, https:\/\/vkjc.bknezmar.cz\/wp-content\/uploads\/2022\/06\/07e096f2-17cc-4004-903b-1104f27ad47c-300x225.jpg 300w, https:\/\/vkjc.bknezmar.cz\/wp-content\/uploads\/2022\/06\/07e096f2-17cc-4004-903b-1104f27ad47c-150x113.jpg 150w, https:\/\/vkjc.bknezmar.cz\/wp-content\/uploads\/2022\/06\/07e096f2-17cc-4004-903b-1104f27ad47c-400x300.jpg 400w\" sizes=\"(max-width: 540px) 100vw, 540px\" \/><\/figure><\/li><li class=\"blocks-gallery-item\"><figure><img loading=\"lazy\" width=\"540\" height=\"405\" src=\"https:\/\/vkjc.bknezmar.cz\/wp-content\/uploads\/2022\/06\/1325a343-62d9-4f05-9ace-b96269cd4ff4.png\" alt=\"\" data-id=\"4284\" data-full-url=\"https:\/\/vkjc.bknezmar.cz\/wp-content\/uploads\/2022\/06\/1325a343-62d9-4f05-9ace-b96269cd4ff4.png\" data-link=\"https:\/\/vkjc.bknezmar.cz\/?attachment_id=4284\" class=\"wp-image-4284\" srcset=\"https:\/\/vkjc.bknezmar.cz\/wp-content\/uploads\/2022\/06\/1325a343-62d9-4f05-9ace-b96269cd4ff4.png 540w, https:\/\/vkjc.bknezmar.cz\/wp-content\/uploads\/2022\/06\/1325a343-62d9-4f05-9ace-b96269cd4ff4-300x225.png 300w, https:\/\/vkjc.bknezmar.cz\/wp-content\/uploads\/2022\/06\/1325a343-62d9-4f05-9ace-b96269cd4ff4-150x113.png 150w, https:\/\/vkjc.bknezmar.cz\/wp-content\/uploads\/2022\/06\/1325a343-62d9-4f05-9ace-b96269cd4ff4-400x300.png 400w\" sizes=\"(max-width: 540px) 100vw, 540px\" \/><\/figure><\/li><li class=\"blocks-gallery-item\"><figure><img loading=\"lazy\" width=\"540\" height=\"405\" src=\"https:\/\/vkjc.bknezmar.cz\/wp-content\/uploads\/2022\/06\/e59a2659-638d-4bbc-85cd-82033eda2810.jpg\" alt=\"\" data-id=\"4286\" data-full-url=\"https:\/\/vkjc.bknezmar.cz\/wp-content\/uploads\/2022\/06\/e59a2659-638d-4bbc-85cd-82033eda2810.jpg\" data-link=\"https:\/\/vkjc.bknezmar.cz\/?attachment_id=4286\" class=\"wp-image-4286\" srcset=\"https:\/\/vkjc.bknezmar.cz\/wp-content\/uploads\/2022\/06\/e59a2659-638d-4bbc-85cd-82033eda2810.jpg 540w, https:\/\/vkjc.bknezmar.cz\/wp-content\/uploads\/2022\/06\/e59a2659-638d-4bbc-85cd-82033eda2810-300x225.jpg 300w, https:\/\/vkjc.bknezmar.cz\/wp-content\/uploads\/2022\/06\/e59a2659-638d-4bbc-85cd-82033eda2810-150x113.jpg 150w, https:\/\/vkjc.bknezmar.cz\/wp-content\/uploads\/2022\/06\/e59a2659-638d-4bbc-85cd-82033eda2810-400x300.jpg 400w\" sizes=\"(max-width: 540px) 100vw, 540px\" \/><\/figure><\/li><\/ul><\/figure>\n","protected":false},"excerpt":{"rendered":"<p>Blahop\u0159ejeme a d\u011bkujeme za p\u00e1r \u0159\u00e1dk\u016f, co n\u00e1m napsal: &#8222;Ahoj, poslu\u0161n\u011b hl\u00e1s\u00edm, \u017ee jsem dneska doobjel v\u0161echny vrcholy okolo kom\u00edna. Vzal jsem si to jako \u00fakol, kter\u00fd si spln\u00edm v pr\u016fb\u011bhu rodinn\u00e9 dovolen\u00e9 bl\u00edzko T\u0159ebon\u011b &#8211; na celou velkou korunu bych bohu\u017eel \u010das nem\u011bl. Jako Pra\u017e\u00e1k jsem v\u011b\u0159il tomu, \u017ee je to tady sam\u00fd rybn\u00edk&#8230;<\/p>\n","protected":false},"author":2,"featured_media":4285,"comment_status":"open","ping_status":"open","sticky":false,"template":"","format":"standard","meta":[],"categories":[16,13],"tags":[],"_links":{"self":[{"href":"https:\/\/vkjc.bknezmar.cz\/index.php?rest_route=\/wp\/v2\/posts\/4257"}],"collection":[{"href":"https:\/\/vkjc.bknezmar.cz\/index.php?rest_route=\/wp\/v2\/posts"}],"about":[{"href":"https:\/\/vkjc.bknezmar.cz\/index.php?rest_route=\/wp\/v2\/types\/post"}],"author":[{"embeddable":true,"href":"https:\/\/vkjc.bknezmar.cz\/index.php?rest_route=\/wp\/v2\/users\/2"}],"replies":[{"embeddable":true,"href":"https:\/\/vkjc.bknezmar.cz\/index.php?rest_route=%2Fwp%2Fv2%2Fcomments&post=4257"}],"version-history":[{"count":4,"href":"https:\/\/vkjc.bknezmar.cz\/index.php?rest_route=\/wp\/v2\/posts\/4257\/revisions"}],"predecessor-version":[{"id":4307,"href":"https:\/\/vkjc.bknezmar.cz\/index.php?rest_route=\/wp\/v2\/posts\/4257\/revisions\/4307"}],"wp:featuredmedia":[{"embeddable":true,"href":"https:\/\/vkjc.bknezmar.cz\/index.php?rest_route=\/wp\/v2\/media\/4285"}],"wp:attachment":[{"href":"https:\/\/vkjc.bknezmar.cz\/index.php?rest_route=%2Fwp%2Fv2%2Fmedia&parent=4257"}],"wp:term":[{"taxonomy":"category","embeddable":true,"href":"https:\/\/vkjc.bknezmar.cz\/index.php?rest_route=%2Fwp%2Fv2%2Fcategories&post=4257"},{"taxonomy":"post_tag","embeddable":true,"href":"https:\/\/vkjc.bknezmar.cz\/index.php?rest_route=%2Fwp%2Fv2%2Ftags&post=4257"}],"curies":[{"name":"wp","href":"https:\/\/api.w.org\/{rel}","templated":true}]}}