{"id":4014,"date":"2022-04-13T08:14:45","date_gmt":"2022-04-13T06:14:45","guid":{"rendered":"https:\/\/vkjc.bknezmar.cz\/?p=4014"},"modified":"2022-04-13T08:14:47","modified_gmt":"2022-04-13T06:14:47","slug":"vrcharska-koruna-cesko-slovenska-otestuje-zdatnost-cyklistu","status":"publish","type":"post","link":"https:\/\/vkjc.bknezmar.cz\/?p=4014","title":{"rendered":"Vrcha\u0159sk\u00e1 koruna \u010cesko-Slovenska otestuje zdatnost cyklist\u016f"},"content":{"rendered":"\n<p><strong>V&nbsp;p\u00e1tek 15. dubna odstartuje premi\u00e9rov\u00fd ro\u010dn\u00edk cykloturistick\u00e9ho projektu Vrcha\u0159sk\u00e1 koruna \u010cesko-Slovenska (VK\u010c-S). Zdolejte na kole co nejv\u00edce z 25 vrcholov\u00fdch bod\u016f rozeset\u00fdch po regionech \u010cesk\u00e9 republiky a Slovenska, kde ji\u017e \u0159adu let p\u016fsob\u00ed lok\u00e1ln\u00ed Vrcha\u0159sk\u00e9 koruny.<\/strong><\/p>\n\n\n\n<p>Koncept Vrcha\u0159sk\u00fdch korun se zrodil v&nbsp;roce 2012 na Vala\u0161sku. <em>\u201eHledal jsem tehdy motivaci pro cyklistickou sezonu 2013. Rozhodl jsem si proto vytipovat 20 zaj\u00edmav\u00fdch vrcholov\u00fdch bod\u016f na Vala\u0161sku, kter\u00e9 na kole zdol\u00e1m,\u201c<\/em> zavzpom\u00ednal autor my\u0161lenky Vrcha\u0159sk\u00fdch korun Adam Hloch. Jeho n\u00e1pad zaujal i n\u011bkolik p\u0159\u00e1tel, a proto se Adam Hloch rozhodl d\u00e1t mu punc ve\u0159ejn\u00e9 akce. <em>\u201eVe spolupr\u00e1ci s&nbsp;kamar\u00e1dem Michalem Horsk\u00fdm jsme rozjeli organizaci prvn\u00edho ro\u010dn\u00edku Vrcha\u0159sk\u00e9 koruny Vala\u0161ska (VKV), jeho\u017e se v&nbsp;roce 2013 z\u00fa\u010dastnilo 21 cyklist\u016f. V&nbsp;dal\u0161\u00edch letech ale po\u010det \u00fa\u010dastn\u00edk\u016f v\u00fdrazn\u011b rostl, nyn\u00ed se ji\u017e pravideln\u011b pohybujeme kolem hranice tis\u00edcovky ro\u010dn\u011b,\u201c <\/em>dodal Adam Hloch.<\/p>\n\n\n\n<p>Zdol\u00e1vat vrcholy VKV tradi\u010dn\u011b p\u0159ij\u00ed\u017ed\u011bj\u00ed na Vala\u0161sko i cyklist\u00e9 z&nbsp;dalek\u00fdch kon\u010din \u010cesk\u00e9 republiky a Slovenska. N\u011bkte\u0159\u00ed z&nbsp;nich se pot\u00e9 rozhodli nav\u00e1zat na koncept VKV organizac\u00ed partnersk\u00fdch Vrcha\u0159sk\u00fdch korun v&nbsp;dal\u0161\u00edch regionech. A tak se rodina Vrcha\u0159sk\u00fdch korun postupn\u011b rozrostla na aktu\u00e1ln\u00edch 25. V\u0161echny sice maj\u00ed sv\u00e9 vlastn\u00ed organiza\u010dn\u00ed t\u00fdmy, ale sou\u010dasn\u011b se \u0159\u00edd\u00ed pravidly se shodnou z\u00e1kladn\u00ed osnovou. <em>\u201eZ pozice organiz\u00e1tor\u016f zakladatelsk\u00e9 VKV je zast\u0159e\u0161ujeme a \u010dinnost jejich koordinujeme tak, abychom vystupovali jednotn\u011b. Cyklist\u00e9 d\u00edky tomu v\u011bd\u00ed, co mohou o\u010dek\u00e1vat, a\u0165 u\u017e se rozhodnou zdol\u00e1vat vrcholy v&nbsp;kter\u00e9mkoliv regionu, kde Vrcha\u0159sk\u00e9 koruny p\u016fsob\u00ed,\u201c <\/em>konstatoval spoluorganiz\u00e1tor VKV Michal Horsk\u00fd.<\/p>\n\n\n\n<p>Rostouc\u00ed z\u00e1jem ze strany cyklist\u016f (a p\u0159\u00edpadn\u011b i turist\u016f \u010di elektrocyklist\u016f, jim\u017e jsou v&nbsp;n\u011bkter\u00fdch regionech vy\u010dlen\u011bny vedlej\u0161\u00ed kategorie) inspiroval po\u0159adatele VKV k&nbsp;vyhl\u00e1\u0161en\u00ed premi\u00e9rov\u00e9ho ro\u010dn\u00edku Vrcha\u0159sk\u00e9 koruny \u010cesko-Slovenska. <em>\u201eJej\u00edm c\u00edlem je propojit v\u0161echny region\u00e1ln\u00ed Vrcha\u0159sk\u00e9 koruny a nab\u00eddnout tak jejich \u00fa\u010dastn\u00edk\u016fm motivaci k&nbsp;n\u00e1v\u0161t\u011bv\u011b i dal\u0161\u00edch lokalit ne\u017e jen t\u00e9 domovsk\u00e9,\u201c <\/em>vysv\u011btlil Michal Horsk\u00fd a pokra\u010doval: <em>\u201eKa\u017ed\u00e1 region\u00e1ln\u00ed Vrcha\u0159sk\u00e1 koruny nominovala do premi\u00e9rov\u00e9ho ro\u010dn\u00edku VK\u010c-S jeden vrchol. Celkem tedy cyklist\u00e9 budou moci zdol\u00e1vat 25 vrchol\u016f rozm\u00edst\u011bn\u00fdch od z\u00e1padu \u010cech a\u017e po v\u00fdchod Slovenska.\u201c<\/em><\/p>\n\n\n\n<p>Prvn\u00ed ro\u010dn\u00edk VK\u010c-S startuje v\u00a0p\u00e1tek 15. dubna a skon\u010d\u00ed 30. listopadu 2022. Kompletn\u00ed v\u00fd\u010det vrchol\u016f v\u010detn\u011b jejich p\u0159edstaven\u00ed, rozm\u00edst\u011bn\u00ed a tip\u016f na jejich zdol\u00e1n\u00ed najdete na webu <a href=\"http:\/\/www.vk-bike.eu\" target=\"_blank\" rel=\"noreferrer noopener\">www.vk-bike.eu<\/a>, kter\u00fd sdru\u017euje z\u00e1kladn\u00ed informace i o v\u0161ech region\u00e1ln\u00edch Vrcha\u0159sk\u00fdch korun\u00e1ch. <em>\u201eNa ka\u017ed\u00e9m vrcholu si cyklist\u00e9 mus\u00ed jako d\u016fkaz zdol\u00e1n\u00ed po\u0159\u00eddil fotografii, kterou n\u00e1sledn\u011b nahraj\u00ed do sv\u00e9ho u\u017eivatelsk\u00e9ho \u00fa\u010dtu na zm\u00edn\u011bn\u00e9m webu. Zde tak\u00e9 bude mo\u017en\u00e9 sledovat pr\u016fb\u011b\u017en\u00e9 po\u0159ad\u00ed vrcha\u0159\u016f. Sami jsme zv\u011bdav\u00ed, komu se poda\u0159\u00ed poko\u0159it nejv\u011bt\u0161\u00ed po\u010det vrchol\u016f,\u201c <\/em>uzav\u0159el Adam Hloch.<\/p>\n","protected":false},"excerpt":{"rendered":"<p>V&nbsp;p\u00e1tek 15. dubna odstartuje premi\u00e9rov\u00fd ro\u010dn\u00edk cykloturistick\u00e9ho projektu Vrcha\u0159sk\u00e1 koruna \u010cesko-Slovenska (VK\u010c-S). Zdolejte na kole co nejv\u00edce z 25 vrcholov\u00fdch bod\u016f rozeset\u00fdch po regionech \u010cesk\u00e9 republiky a Slovenska, kde ji\u017e \u0159adu let p\u016fsob\u00ed lok\u00e1ln\u00ed Vrcha\u0159sk\u00e9 koruny. Koncept Vrcha\u0159sk\u00fdch korun se zrodil v&nbsp;roce 2012 na Vala\u0161sku. \u201eHledal jsem tehdy motivaci pro cyklistickou sezonu 2013. Rozhodl jsem&#8230;<\/p>\n","protected":false},"author":2,"featured_media":4017,"comment_status":"open","ping_status":"open","sticky":false,"template":"","format":"standard","meta":[],"categories":[16,13],"tags":[],"_links":{"self":[{"href":"https:\/\/vkjc.bknezmar.cz\/index.php?rest_route=\/wp\/v2\/posts\/4014"}],"collection":[{"href":"https:\/\/vkjc.bknezmar.cz\/index.php?rest_route=\/wp\/v2\/posts"}],"about":[{"href":"https:\/\/vkjc.bknezmar.cz\/index.php?rest_route=\/wp\/v2\/types\/post"}],"author":[{"embeddable":true,"href":"https:\/\/vkjc.bknezmar.cz\/index.php?rest_route=\/wp\/v2\/users\/2"}],"replies":[{"embeddable":true,"href":"https:\/\/vkjc.bknezmar.cz\/index.php?rest_route=%2Fwp%2Fv2%2Fcomments&post=4014"}],"version-history":[{"count":1,"href":"https:\/\/vkjc.bknezmar.cz\/index.php?rest_route=\/wp\/v2\/posts\/4014\/revisions"}],"predecessor-version":[{"id":4016,"href":"https:\/\/vkjc.bknezmar.cz\/index.php?rest_route=\/wp\/v2\/posts\/4014\/revisions\/4016"}],"wp:featuredmedia":[{"embeddable":true,"href":"https:\/\/vkjc.bknezmar.cz\/index.php?rest_route=\/wp\/v2\/media\/4017"}],"wp:attachment":[{"href":"https:\/\/vkjc.bknezmar.cz\/index.php?rest_route=%2Fwp%2Fv2%2Fmedia&parent=4014"}],"wp:term":[{"taxonomy":"category","embeddable":true,"href":"https:\/\/vkjc.bknezmar.cz\/index.php?rest_route=%2Fwp%2Fv2%2Fcategories&post=4014"},{"taxonomy":"post_tag","embeddable":true,"href":"https:\/\/vkjc.bknezmar.cz\/index.php?rest_route=%2Fwp%2Fv2%2Ftags&post=4014"}],"curies":[{"name":"wp","href":"https:\/\/api.w.org\/{rel}","templated":true}]}}