{"id":3988,"date":"2022-04-01T14:59:11","date_gmt":"2022-04-01T12:59:11","guid":{"rendered":"https:\/\/vkjc.bknezmar.cz\/?p=3988"},"modified":"2022-04-01T14:59:13","modified_gmt":"2022-04-01T12:59:13","slug":"vkjc-2022-zahajena","status":"publish","type":"post","link":"https:\/\/vkjc.bknezmar.cz\/?p=3988","title":{"rendered":"VKJ\u010c 2022 zah\u00e1jena!"},"content":{"rendered":"\n<p>U\u017e jste na cest\u011b? B\u011bhem 15 hodin trv\u00e1n\u00ed akce Vrcha\u0159sk\u00e1 koruna Ji\u017en\u00edch \u010cech n\u00e1m zat\u00edm nedorazila \u017e\u00e1dn\u00e1 fotka bajkera na vrcholu. Nevad\u00ed &#8230; po\u010dk\u00e1me \ud83d\ude42 \ud83d\ude42 \ud83d\ude42 .<\/p>\n\n\n\n<p><strong>Vyu\u017eijte mo\u017enost nahr\u00e1vat fotky p\u0159\u00edmo v ter\u00e9nu p\u0159es mobiln\u00ed aplikaci Vrcha\u0159sk\u00e1 koruna.<\/strong> Po vytvo\u0159en\u00ed \u00fa\u010dtu na <a rel=\"noreferrer noopener\" href=\"http:\/\/www.vk-bike.eu\" target=\"_blank\">www.vk-bike.eu<\/a> m\u016f\u017eete fotky dokl\u00e1daj\u00ed zdol\u00e1n\u00ed vrchol\u016f nahr\u00e1vat p\u0159\u00edmo na tomto webu, nebo dokonce p\u0159\u00edmo v telefonu p\u0159es mobiln\u00ed aplikaci Vrcha\u0159sk\u00e1 koruna. Tato mo\u017enost se jev\u00ed jako naprosto geni\u00e1ln\u00ed! \u017d\u00e1dn\u00e9 stahov\u00e1n\u00ed, t\u0159\u00edd\u011bn\u00ed, pos\u00edl\u00e1n\u00ed. Vyfot\u00edte a rovnou po\u0161lete. My zkontrolujeme a na webu bude automaticky zve\u0159ejn\u011bno po\u0159ad\u00ed kandid\u00e1t\u016f.<\/p>\n\n\n\n<p>Pro toho, kdo je staromilec, z\u016fst\u00e1v\u00e1 st\u00e1le mo\u017enost pos\u00edlat fotky e-mailem na adresu vkjc@bknezmar.cz \ud83d\ude42 .<\/p>\n\n\n\n<p>P\u0159ejeme \u0161\u0165astnou cestu! Bajku zdar!<\/p>\n","protected":false},"excerpt":{"rendered":"<p>U\u017e jste na cest\u011b? B\u011bhem 15 hodin trv\u00e1n\u00ed akce Vrcha\u0159sk\u00e1 koruna Ji\u017en\u00edch \u010cech n\u00e1m zat\u00edm nedorazila \u017e\u00e1dn\u00e1 fotka bajkera na vrcholu. Nevad\u00ed &#8230; po\u010dk\u00e1me \ud83d\ude42 \ud83d\ude42 \ud83d\ude42 . Vyu\u017eijte mo\u017enost nahr\u00e1vat fotky p\u0159\u00edmo v ter\u00e9nu p\u0159es mobiln\u00ed aplikaci Vrcha\u0159sk\u00e1 koruna. Po vytvo\u0159en\u00ed \u00fa\u010dtu na www.vk-bike.eu m\u016f\u017eete fotky dokl\u00e1daj\u00ed zdol\u00e1n\u00ed vrchol\u016f nahr\u00e1vat p\u0159\u00edmo na tomto webu,&#8230;<\/p>\n","protected":false},"author":2,"featured_media":0,"comment_status":"open","ping_status":"open","sticky":false,"template":"","format":"standard","meta":[],"categories":[16,13],"tags":[],"_links":{"self":[{"href":"https:\/\/vkjc.bknezmar.cz\/index.php?rest_route=\/wp\/v2\/posts\/3988"}],"collection":[{"href":"https:\/\/vkjc.bknezmar.cz\/index.php?rest_route=\/wp\/v2\/posts"}],"about":[{"href":"https:\/\/vkjc.bknezmar.cz\/index.php?rest_route=\/wp\/v2\/types\/post"}],"author":[{"embeddable":true,"href":"https:\/\/vkjc.bknezmar.cz\/index.php?rest_route=\/wp\/v2\/users\/2"}],"replies":[{"embeddable":true,"href":"https:\/\/vkjc.bknezmar.cz\/index.php?rest_route=%2Fwp%2Fv2%2Fcomments&post=3988"}],"version-history":[{"count":1,"href":"https:\/\/vkjc.bknezmar.cz\/index.php?rest_route=\/wp\/v2\/posts\/3988\/revisions"}],"predecessor-version":[{"id":3989,"href":"https:\/\/vkjc.bknezmar.cz\/index.php?rest_route=\/wp\/v2\/posts\/3988\/revisions\/3989"}],"wp:attachment":[{"href":"https:\/\/vkjc.bknezmar.cz\/index.php?rest_route=%2Fwp%2Fv2%2Fmedia&parent=3988"}],"wp:term":[{"taxonomy":"category","embeddable":true,"href":"https:\/\/vkjc.bknezmar.cz\/index.php?rest_route=%2Fwp%2Fv2%2Fcategories&post=3988"},{"taxonomy":"post_tag","embeddable":true,"href":"https:\/\/vkjc.bknezmar.cz\/index.php?rest_route=%2Fwp%2Fv2%2Ftags&post=3988"}],"curies":[{"name":"wp","href":"https:\/\/api.w.org\/{rel}","templated":true}]}}