{"id":3854,"date":"2022-02-21T18:33:41","date_gmt":"2022-02-21T17:33:41","guid":{"rendered":"https:\/\/vkjc.bknezmar.cz\/?p=3854"},"modified":"2022-03-27T10:12:48","modified_gmt":"2022-03-27T08:12:48","slug":"zaverecny-vecirek-rocniku-2021","status":"publish","type":"post","link":"https:\/\/vkjc.bknezmar.cz\/?p=3854","title":{"rendered":"Pozv\u00e1nka na z\u00e1v\u011bre\u010dn\u00fd ve\u010d\u00edrek ro\u010dn\u00edku 2021"},"content":{"rendered":"\n<p>Organiz\u00e1to\u0159i zvou v\u0161echny \u00fa\u010dastn\u00edky a p\u0159\u00e1tele Vrcha\u0159sk\u00e9 koruny Ji\u017en\u00edch \u010cech na z\u00e1v\u011bre\u010dn\u00fd ve\u010d\u00edrek. Bude se konat v p\u00e1tek 11.3.2022 od 18 hodin v restauraci U Podkovy v \u010cesk\u00fdch Bud\u011bjovic\u00edch, Rudolfovsk\u00e1 t\u0159. 10\/6.<\/p>\n\n\n\n<p>Je mo\u017en\u00e9, \u017ee dojde i na vyhl\u00e1\u0161en\u00ed, p\u0159ed\u00e1n\u00ed cen, tombolu &#8230;. ale hlavn\u011b se t\u011b\u0161\u00edme, \u017ee se potk\u00e1me a str\u00e1v\u00edme p\u0159\u00edjemn\u00fd ve\u010der!<\/p>\n\n\n\n<p>Bajku zdar, za organiza\u010dn\u00ed v\u00fdbor V\u00edtek S.<\/p>\n","protected":false},"excerpt":{"rendered":"<p>Organiz\u00e1to\u0159i zvou v\u0161echny \u00fa\u010dastn\u00edky a p\u0159\u00e1tele Vrcha\u0159sk\u00e9 koruny Ji\u017en\u00edch \u010cech na z\u00e1v\u011bre\u010dn\u00fd ve\u010d\u00edrek. Bude se konat v p\u00e1tek 11.3.2022 od 18 hodin v restauraci U Podkovy v \u010cesk\u00fdch Bud\u011bjovic\u00edch, Rudolfovsk\u00e1 t\u0159. 10\/6. Je mo\u017en\u00e9, \u017ee dojde i na vyhl\u00e1\u0161en\u00ed, p\u0159ed\u00e1n\u00ed cen, tombolu &#8230;. ale hlavn\u011b se t\u011b\u0161\u00edme, \u017ee se potk\u00e1me a str\u00e1v\u00edme p\u0159\u00edjemn\u00fd ve\u010der! Bajku&#8230;<\/p>\n","protected":false},"author":2,"featured_media":2482,"comment_status":"open","ping_status":"open","sticky":false,"template":"","format":"standard","meta":[],"categories":[15,13],"tags":[],"_links":{"self":[{"href":"https:\/\/vkjc.bknezmar.cz\/index.php?rest_route=\/wp\/v2\/posts\/3854"}],"collection":[{"href":"https:\/\/vkjc.bknezmar.cz\/index.php?rest_route=\/wp\/v2\/posts"}],"about":[{"href":"https:\/\/vkjc.bknezmar.cz\/index.php?rest_route=\/wp\/v2\/types\/post"}],"author":[{"embeddable":true,"href":"https:\/\/vkjc.bknezmar.cz\/index.php?rest_route=\/wp\/v2\/users\/2"}],"replies":[{"embeddable":true,"href":"https:\/\/vkjc.bknezmar.cz\/index.php?rest_route=%2Fwp%2Fv2%2Fcomments&post=3854"}],"version-history":[{"count":5,"href":"https:\/\/vkjc.bknezmar.cz\/index.php?rest_route=\/wp\/v2\/posts\/3854\/revisions"}],"predecessor-version":[{"id":3953,"href":"https:\/\/vkjc.bknezmar.cz\/index.php?rest_route=\/wp\/v2\/posts\/3854\/revisions\/3953"}],"wp:featuredmedia":[{"embeddable":true,"href":"https:\/\/vkjc.bknezmar.cz\/index.php?rest_route=\/wp\/v2\/media\/2482"}],"wp:attachment":[{"href":"https:\/\/vkjc.bknezmar.cz\/index.php?rest_route=%2Fwp%2Fv2%2Fmedia&parent=3854"}],"wp:term":[{"taxonomy":"category","embeddable":true,"href":"https:\/\/vkjc.bknezmar.cz\/index.php?rest_route=%2Fwp%2Fv2%2Fcategories&post=3854"},{"taxonomy":"post_tag","embeddable":true,"href":"https:\/\/vkjc.bknezmar.cz\/index.php?rest_route=%2Fwp%2Fv2%2Ftags&post=3854"}],"curies":[{"name":"wp","href":"https:\/\/api.w.org\/{rel}","templated":true}]}}