{"id":3421,"date":"2021-09-29T20:55:13","date_gmt":"2021-09-29T18:55:13","guid":{"rendered":"https:\/\/vkjc.bknezmar.cz\/?p=3421"},"modified":"2021-10-06T10:54:29","modified_gmt":"2021-10-06T08:54:29","slug":"vitek-sirotek-pridal-kategorii-vykon","status":"publish","type":"post","link":"https:\/\/vkjc.bknezmar.cz\/?p=3421","title":{"rendered":"V\u00edtek Sirotek p\u0159idal kategorii V\u00ddKON"},"content":{"rendered":"\n<p>Tradi\u010dn\u00ed v\u00edcedenn\u00ed obj\u00ed\u017ed\u011bn\u00ed vrchol\u016f, pl\u00e1novan\u00e9 na za\u010d\u00e1tku sez\u00f3ny se Stenlym a Jarunem, n\u00e1m zhatilo po\u010das\u00ed. Jaro bylo studen\u00e9 a de\u0161tiv\u00e9, tak jsme vym\u011bkli. Doufal jsem, \u017ee se to poda\u0159\u00ed pozd\u011bji a nakonec to vy\u0161lo. Pro zm\u011bnu se staronov\u00fdm par\u0165\u00e1kem Petrem \u0160iklem. Prvn\u00ed pl\u00e1n byl objet v\u0161echny vrcholy kategorie V\u00ddKON. Pak m\u011b Pe\u0165an upozornil na svoji \u00fadajnou (na na\u0161\u00ed cest\u011b nakonec neprojevenou) malou v\u00fdkonost zavin\u011bnou v\u00fdpadkem a zeptal se m\u011b, jestli mus\u00edme na Kle\u0165, kdy\u017e u\u017e jsme tam byli v r\u00e1mci spole\u010dn\u00e9 vyj\u00ed\u017e\u010fky organiz\u00e1tor\u016f VK. Na \u017e\u00e1dn\u00fd d\u016fvod jsem nep\u0159i\u0161el, tak jsem trasu p\u0159ed\u011blal \u2013 upraven\u00fd pl\u00e1n byl cca 405 km z Jind\u0159ichova Hradce na \u0160umavu, celkem 18 vrchol\u016f.<\/p>\n\n\n\n<p><br>Po rychl\u00e9 domluv\u011b jsme vyrazili ve \u010dtvrtek 9.9.2021 po pr\u00e1ci vlakem. Prvn\u00edm pl\u00e1novan\u00fdm vrcholem byl ten pov\u011bstn\u00fd J\u00e1ry Cimrmana. Kdy\u017e jsme v Jind\u0159ichov\u011b Hradci vystoupili, tak se m\u011b Pe\u0165an zeptal, pro\u010d si pro n\u011bj nezajet vlakem, kdy\u017e je vlastn\u011b na n\u00e1dra\u017e\u00ed. Na \u017e\u00e1dn\u00fd d\u016fvod jsem nep\u0159i\u0161el, tak jsme se je\u0161t\u011b svezli \u00fazkokolejkou. Prvn\u00ed vrchol byl tedy dobyt pouze vlakem &#8211; to bude asi rarita v cel\u00e9m projektu VK \ud83d\ude42 . Pak u\u017e n\u00e1m nezbylo nic jin\u00e9ho, ne\u017e na ty na\u0161e bajky sednout a rozjet se. Cesta n\u00e1m ub\u00edhala p\u0159\u00edjemn\u011b. Zastavili jsme se u automatick\u00e9ho v\u00fd\u010depu u Nov\u00e9ho Sv\u011bta, pak na rozhledn\u011b u Jakuba a pak taky v pivovaru v Rudolci. Do Da\u010dic u\u017e jsme dor\u00e1\u017eeli skoro po tm\u011b, dali si ve\u010de\u0159i a pak je\u0161t\u011b kousek popojeli do lesa na span\u00ed. Na kole ujeto 30 km, vlakem u\u0161et\u0159eno 23 km, zdol\u00e1ny 2 vrcholy.<\/p>\n\n\n\n<figure class=\"wp-block-gallery columns-2\"><ul class=\"blocks-gallery-grid\"><li class=\"blocks-gallery-item\"><figure><img loading=\"lazy\" width=\"1024\" height=\"768\" src=\"https:\/\/vkjc.bknezmar.cz\/wp-content\/uploads\/2021\/09\/IMG_9716-1024x768.jpg\" alt=\"\" data-id=\"3428\" data-full-url=\"https:\/\/vkjc.bknezmar.cz\/wp-content\/uploads\/2021\/09\/IMG_9716-scaled.jpg\" data-link=\"https:\/\/vkjc.bknezmar.cz\/?attachment_id=3428\" class=\"wp-image-3428\" srcset=\"https:\/\/vkjc.bknezmar.cz\/wp-content\/uploads\/2021\/09\/IMG_9716-1024x768.jpg 1024w, https:\/\/vkjc.bknezmar.cz\/wp-content\/uploads\/2021\/09\/IMG_9716-300x225.jpg 300w, https:\/\/vkjc.bknezmar.cz\/wp-content\/uploads\/2021\/09\/IMG_9716-768x576.jpg 768w, https:\/\/vkjc.bknezmar.cz\/wp-content\/uploads\/2021\/09\/IMG_9716-1536x1152.jpg 1536w, https:\/\/vkjc.bknezmar.cz\/wp-content\/uploads\/2021\/09\/IMG_9716-2048x1536.jpg 2048w, https:\/\/vkjc.bknezmar.cz\/wp-content\/uploads\/2021\/09\/IMG_9716-150x113.jpg 150w, https:\/\/vkjc.bknezmar.cz\/wp-content\/uploads\/2021\/09\/IMG_9716-800x600.jpg 800w, https:\/\/vkjc.bknezmar.cz\/wp-content\/uploads\/2021\/09\/IMG_9716-400x300.jpg 400w\" sizes=\"(max-width: 1024px) 100vw, 1024px\" \/><\/figure><\/li><li class=\"blocks-gallery-item\"><figure><img loading=\"lazy\" width=\"768\" height=\"1024\" src=\"https:\/\/vkjc.bknezmar.cz\/wp-content\/uploads\/2021\/09\/IMG_9721-768x1024.jpg\" alt=\"\" data-id=\"3429\" data-full-url=\"https:\/\/vkjc.bknezmar.cz\/wp-content\/uploads\/2021\/09\/IMG_9721-scaled.jpg\" data-link=\"https:\/\/vkjc.bknezmar.cz\/?attachment_id=3429\" class=\"wp-image-3429\" srcset=\"https:\/\/vkjc.bknezmar.cz\/wp-content\/uploads\/2021\/09\/IMG_9721-768x1024.jpg 768w, https:\/\/vkjc.bknezmar.cz\/wp-content\/uploads\/2021\/09\/IMG_9721-225x300.jpg 225w, https:\/\/vkjc.bknezmar.cz\/wp-content\/uploads\/2021\/09\/IMG_9721-1152x1536.jpg 1152w, https:\/\/vkjc.bknezmar.cz\/wp-content\/uploads\/2021\/09\/IMG_9721-1536x2048.jpg 1536w, https:\/\/vkjc.bknezmar.cz\/wp-content\/uploads\/2021\/09\/IMG_9721-113x150.jpg 113w, https:\/\/vkjc.bknezmar.cz\/wp-content\/uploads\/2021\/09\/IMG_9721-800x1067.jpg 800w, https:\/\/vkjc.bknezmar.cz\/wp-content\/uploads\/2021\/09\/IMG_9721-scaled.jpg 1920w\" sizes=\"(max-width: 768px) 100vw, 768px\" \/><\/figure><\/li><\/ul><\/figure>\n\n\n\n<p><br>Vyr\u00e1\u017eeli jsem brzo, tak\u017ee na vrcholu B\u00e1ba jsme byli skoro na v\u00fdchod slunce. P\u0159es Sedlo jsme dojeli do Slavonic, kde jsme si na benz\u00ednce dali sn\u00eddani. Trojmez\u00edm jsme se rozlou\u010dili s \u010ceskou Kanadou a uh\u00e1n\u011bli do T\u0159ebo\u0148sk\u00e9 p\u00e1nve. Pobl\u00ed\u017e hranic jsme u rybn\u00edka Hejtman jeli klasickou zkratkou \u2013 bylo to del\u0161\u00ed, ale zato hor\u0161\u00ed cesta. Nakonec jsme vybloudili spr\u00e1vn\u00fdm sm\u011brem a v po\u0159\u00e1dku dojeli do Sta\u0148kova. Tam jsme si dali lehk\u00fd ob\u011bd \u2013 pol\u00edvku a vyrazili sm\u011br Nov\u00e9 hrady. Tam jsme m\u011bli domluven\u00fd nocleh, ale nakonec se mi Pe\u0165ana poda\u0159ilo p\u0159emluvit, \u017ee je je\u0161t\u011b brzo a \u017ee je\u0161t\u011b n\u011bco mus\u00edme ujet. Do cesty se n\u00e1m postavila Krav\u00ed hora, s v\u00fdjezdem z Horn\u00ed Stropnice po louce (ve vedru za pra\u017e\u00edc\u00edho slunce), prudk\u00fdm asfaltem p\u0159es Hojnou vodu, v\u00fd\u0161vihem po \u0161t\u011brkov\u00e9 cest\u011b a z\u00e1v\u011bre\u010dn\u00fdm trialem po kamenn\u00e9 cest\u011b. Hodina d\u0159iny, 400 v\u00fd\u0161kov\u00fdch metr\u016f. Naopak do \u010cern\u00e9ho \u00fadol\u00ed jsme se p\u011bkn\u011b svezli a v 16 hod jsme se za\u010dali zavod\u0148ovat. Bylo je\u0161t\u011b brzo, ale tentokr\u00e1t se mi u\u017e Pa\u0165ana (a vlastn\u011b ani sebe, jeliko\u017e dal\u0161\u00ed ob\u010derstvova\u010dka byla 3 hodiny daleko v Malontech a to by znamenalo doj\u00ed\u017ed\u011bt za tmy) p\u0159emluvit k dal\u0161\u00ed j\u00edzd\u011b nepoda\u0159ilo, tak jsme po\u010dkali na zav\u00edra\u010dku a \u0161li sp\u00e1t do bor\u016fv\u010d\u00ed. Na kole ujeto 127 km, zdol\u00e1ny 4 vrcholy.<\/p>\n\n\n\n<figure class=\"wp-block-gallery columns-2\"><ul class=\"blocks-gallery-grid\"><li class=\"blocks-gallery-item\"><figure><img loading=\"lazy\" width=\"1024\" height=\"768\" src=\"https:\/\/vkjc.bknezmar.cz\/wp-content\/uploads\/2021\/09\/IMG_9731-1024x768.jpg\" alt=\"\" data-id=\"3430\" data-full-url=\"https:\/\/vkjc.bknezmar.cz\/wp-content\/uploads\/2021\/09\/IMG_9731-scaled.jpg\" data-link=\"https:\/\/vkjc.bknezmar.cz\/?attachment_id=3430\" class=\"wp-image-3430\" srcset=\"https:\/\/vkjc.bknezmar.cz\/wp-content\/uploads\/2021\/09\/IMG_9731-1024x768.jpg 1024w, https:\/\/vkjc.bknezmar.cz\/wp-content\/uploads\/2021\/09\/IMG_9731-300x225.jpg 300w, https:\/\/vkjc.bknezmar.cz\/wp-content\/uploads\/2021\/09\/IMG_9731-768x576.jpg 768w, https:\/\/vkjc.bknezmar.cz\/wp-content\/uploads\/2021\/09\/IMG_9731-1536x1152.jpg 1536w, https:\/\/vkjc.bknezmar.cz\/wp-content\/uploads\/2021\/09\/IMG_9731-2048x1536.jpg 2048w, https:\/\/vkjc.bknezmar.cz\/wp-content\/uploads\/2021\/09\/IMG_9731-150x113.jpg 150w, https:\/\/vkjc.bknezmar.cz\/wp-content\/uploads\/2021\/09\/IMG_9731-800x600.jpg 800w, https:\/\/vkjc.bknezmar.cz\/wp-content\/uploads\/2021\/09\/IMG_9731-400x300.jpg 400w\" sizes=\"(max-width: 1024px) 100vw, 1024px\" \/><\/figure><\/li><li class=\"blocks-gallery-item\"><figure><img loading=\"lazy\" width=\"1024\" height=\"768\" src=\"https:\/\/vkjc.bknezmar.cz\/wp-content\/uploads\/2021\/09\/IMG_9736-1024x768.jpg\" alt=\"\" data-id=\"3431\" data-full-url=\"https:\/\/vkjc.bknezmar.cz\/wp-content\/uploads\/2021\/09\/IMG_9736-scaled.jpg\" data-link=\"https:\/\/vkjc.bknezmar.cz\/?attachment_id=3431\" class=\"wp-image-3431\" srcset=\"https:\/\/vkjc.bknezmar.cz\/wp-content\/uploads\/2021\/09\/IMG_9736-1024x768.jpg 1024w, https:\/\/vkjc.bknezmar.cz\/wp-content\/uploads\/2021\/09\/IMG_9736-300x225.jpg 300w, https:\/\/vkjc.bknezmar.cz\/wp-content\/uploads\/2021\/09\/IMG_9736-768x576.jpg 768w, https:\/\/vkjc.bknezmar.cz\/wp-content\/uploads\/2021\/09\/IMG_9736-1536x1152.jpg 1536w, https:\/\/vkjc.bknezmar.cz\/wp-content\/uploads\/2021\/09\/IMG_9736-2048x1536.jpg 2048w, https:\/\/vkjc.bknezmar.cz\/wp-content\/uploads\/2021\/09\/IMG_9736-150x113.jpg 150w, https:\/\/vkjc.bknezmar.cz\/wp-content\/uploads\/2021\/09\/IMG_9736-800x600.jpg 800w, https:\/\/vkjc.bknezmar.cz\/wp-content\/uploads\/2021\/09\/IMG_9736-400x300.jpg 400w\" sizes=\"(max-width: 1024px) 100vw, 1024px\" \/><\/figure><\/li><li class=\"blocks-gallery-item\"><figure><img loading=\"lazy\" width=\"1024\" height=\"768\" src=\"https:\/\/vkjc.bknezmar.cz\/wp-content\/uploads\/2021\/09\/IMG_9740-1024x768.jpg\" alt=\"\" data-id=\"3432\" data-full-url=\"https:\/\/vkjc.bknezmar.cz\/wp-content\/uploads\/2021\/09\/IMG_9740-scaled.jpg\" data-link=\"https:\/\/vkjc.bknezmar.cz\/?attachment_id=3432\" class=\"wp-image-3432\" srcset=\"https:\/\/vkjc.bknezmar.cz\/wp-content\/uploads\/2021\/09\/IMG_9740-1024x768.jpg 1024w, https:\/\/vkjc.bknezmar.cz\/wp-content\/uploads\/2021\/09\/IMG_9740-300x225.jpg 300w, https:\/\/vkjc.bknezmar.cz\/wp-content\/uploads\/2021\/09\/IMG_9740-768x576.jpg 768w, https:\/\/vkjc.bknezmar.cz\/wp-content\/uploads\/2021\/09\/IMG_9740-1536x1152.jpg 1536w, https:\/\/vkjc.bknezmar.cz\/wp-content\/uploads\/2021\/09\/IMG_9740-2048x1536.jpg 2048w, https:\/\/vkjc.bknezmar.cz\/wp-content\/uploads\/2021\/09\/IMG_9740-150x113.jpg 150w, https:\/\/vkjc.bknezmar.cz\/wp-content\/uploads\/2021\/09\/IMG_9740-800x600.jpg 800w, https:\/\/vkjc.bknezmar.cz\/wp-content\/uploads\/2021\/09\/IMG_9740-400x300.jpg 400w\" sizes=\"(max-width: 1024px) 100vw, 1024px\" \/><\/figure><\/li><li class=\"blocks-gallery-item\"><figure><img loading=\"lazy\" width=\"1024\" height=\"768\" src=\"https:\/\/vkjc.bknezmar.cz\/wp-content\/uploads\/2021\/09\/IMG_9752-1024x768.jpg\" alt=\"\" data-id=\"3433\" data-full-url=\"https:\/\/vkjc.bknezmar.cz\/wp-content\/uploads\/2021\/09\/IMG_9752-scaled.jpg\" data-link=\"https:\/\/vkjc.bknezmar.cz\/?attachment_id=3433\" class=\"wp-image-3433\" srcset=\"https:\/\/vkjc.bknezmar.cz\/wp-content\/uploads\/2021\/09\/IMG_9752-1024x768.jpg 1024w, https:\/\/vkjc.bknezmar.cz\/wp-content\/uploads\/2021\/09\/IMG_9752-300x225.jpg 300w, https:\/\/vkjc.bknezmar.cz\/wp-content\/uploads\/2021\/09\/IMG_9752-768x576.jpg 768w, https:\/\/vkjc.bknezmar.cz\/wp-content\/uploads\/2021\/09\/IMG_9752-1536x1152.jpg 1536w, https:\/\/vkjc.bknezmar.cz\/wp-content\/uploads\/2021\/09\/IMG_9752-2048x1536.jpg 2048w, https:\/\/vkjc.bknezmar.cz\/wp-content\/uploads\/2021\/09\/IMG_9752-150x113.jpg 150w, https:\/\/vkjc.bknezmar.cz\/wp-content\/uploads\/2021\/09\/IMG_9752-800x600.jpg 800w, https:\/\/vkjc.bknezmar.cz\/wp-content\/uploads\/2021\/09\/IMG_9752-400x300.jpg 400w\" sizes=\"(max-width: 1024px) 100vw, 1024px\" \/><\/figure><\/li><\/ul><\/figure>\n\n\n\n<p><br>R\u00e1no jsme vyrazili op\u011bt brzo, p\u0159eci jen le\u017eet 8 hodin na ko\u0159enech sta\u010d\u00ed a tak je \u010dlov\u011bk v 6 r\u00e1no jak rybi\u010dka. P\u0159es Myslivnou jsme sjeli do Poho\u0159\u00ed, vystoupali na Kamenec, pak na Jelen\u00ed vrch a sjeli do Malont. Tam jsme si nakoupili v s\u00e1mo\u0161ce a v\u0161echno sn\u011bdli. Na vyhl\u00eddku od Slepic\u00ed je to opravdu n\u00e1ro\u010dn\u00e9, kolo jsme vl\u00e1\u010deli po sk\u00e1le. Pak u\u017e jsme se ale svezli k Mal\u0161i, po asfaltu dojeli do Kaplice n\u00e1dra\u017e\u00ed a p\u0159es V\u011b\u017eovatou pl\u00e1ni dorazili ve 13 hodin do n\u00e1dra\u017eky v Krumlov\u011b. Bylo to akor\u00e1t, cestou za\u010dalo pr\u0161et, tak jsme zmokli jen trochu. Nad \u0159\u00edzkem se m\u011b Pe\u0165an zeptal, pro\u010d se na vrcholy Blansk\u00e9ho lesa nevyka\u0161lat, kdy\u017e jsou dosa\u017eiteln\u00e9 na kole z Bud\u011bjc a nedojet na \u0160umavu vlakem. Na \u017e\u00e1dn\u00fd d\u016fvod jsem nep\u0159i\u0161el, tak jsme vlakem dojeli a\u017e do Nov\u00e9ho \u00dadol\u00ed. Tam se m\u011b Pe\u0165ana poda\u0159ilo p\u0159emluvit, \u017ee je je\u0161t\u011b brzo a \u017ee je\u0161t\u011b n\u011bco mus\u00edme ujet, tak jsme p\u0159es \u010cesk\u00e9 \u017dleby dojeli do Str\u00e1\u017en\u00e9ho. Je\u0161t\u011b bylo celkem brzo, ale tentokr\u00e1t se mi u\u017e Pa\u0165ana (a vlastn\u011b ani sebe, jeliko\u017e dal\u0161\u00ed ob\u010derstvova\u010dka byla 1,5 hodiny daleko v Botov\u00fdch Ladech a to by znamenalo doj\u00ed\u017ed\u011bt za tmy) p\u0159emluvit k dal\u0161\u00ed j\u00edzd\u011b nepoda\u0159ilo, tak jsme po\u010dkali na zav\u00edra\u010dku a \u0161li sp\u00e1t do ml\u00e1z\u00ed. Na kole ujeto 90 km, vlakem u\u0161et\u0159eno 70 km, zdol\u00e1no 5 vrchol\u016f.<\/p>\n\n\n\n<figure class=\"wp-block-gallery columns-2\"><ul class=\"blocks-gallery-grid\"><li class=\"blocks-gallery-item\"><figure><img loading=\"lazy\" width=\"1024\" height=\"768\" src=\"https:\/\/vkjc.bknezmar.cz\/wp-content\/uploads\/2021\/09\/IMG_9759-1024x768.jpg\" alt=\"\" data-id=\"3434\" data-full-url=\"https:\/\/vkjc.bknezmar.cz\/wp-content\/uploads\/2021\/09\/IMG_9759-scaled.jpg\" data-link=\"https:\/\/vkjc.bknezmar.cz\/?attachment_id=3434\" class=\"wp-image-3434\" srcset=\"https:\/\/vkjc.bknezmar.cz\/wp-content\/uploads\/2021\/09\/IMG_9759-1024x768.jpg 1024w, https:\/\/vkjc.bknezmar.cz\/wp-content\/uploads\/2021\/09\/IMG_9759-300x225.jpg 300w, https:\/\/vkjc.bknezmar.cz\/wp-content\/uploads\/2021\/09\/IMG_9759-768x576.jpg 768w, https:\/\/vkjc.bknezmar.cz\/wp-content\/uploads\/2021\/09\/IMG_9759-1536x1152.jpg 1536w, https:\/\/vkjc.bknezmar.cz\/wp-content\/uploads\/2021\/09\/IMG_9759-2048x1536.jpg 2048w, https:\/\/vkjc.bknezmar.cz\/wp-content\/uploads\/2021\/09\/IMG_9759-150x113.jpg 150w, https:\/\/vkjc.bknezmar.cz\/wp-content\/uploads\/2021\/09\/IMG_9759-800x600.jpg 800w, https:\/\/vkjc.bknezmar.cz\/wp-content\/uploads\/2021\/09\/IMG_9759-400x300.jpg 400w\" sizes=\"(max-width: 1024px) 100vw, 1024px\" \/><\/figure><\/li><li class=\"blocks-gallery-item\"><figure><img loading=\"lazy\" width=\"1024\" height=\"768\" src=\"https:\/\/vkjc.bknezmar.cz\/wp-content\/uploads\/2021\/09\/IMG_9766-1024x768.jpg\" alt=\"\" data-id=\"3435\" data-full-url=\"https:\/\/vkjc.bknezmar.cz\/wp-content\/uploads\/2021\/09\/IMG_9766-scaled.jpg\" data-link=\"https:\/\/vkjc.bknezmar.cz\/?attachment_id=3435\" class=\"wp-image-3435\" srcset=\"https:\/\/vkjc.bknezmar.cz\/wp-content\/uploads\/2021\/09\/IMG_9766-1024x768.jpg 1024w, https:\/\/vkjc.bknezmar.cz\/wp-content\/uploads\/2021\/09\/IMG_9766-300x225.jpg 300w, https:\/\/vkjc.bknezmar.cz\/wp-content\/uploads\/2021\/09\/IMG_9766-768x576.jpg 768w, https:\/\/vkjc.bknezmar.cz\/wp-content\/uploads\/2021\/09\/IMG_9766-1536x1152.jpg 1536w, https:\/\/vkjc.bknezmar.cz\/wp-content\/uploads\/2021\/09\/IMG_9766-2048x1536.jpg 2048w, https:\/\/vkjc.bknezmar.cz\/wp-content\/uploads\/2021\/09\/IMG_9766-150x113.jpg 150w, https:\/\/vkjc.bknezmar.cz\/wp-content\/uploads\/2021\/09\/IMG_9766-800x600.jpg 800w, https:\/\/vkjc.bknezmar.cz\/wp-content\/uploads\/2021\/09\/IMG_9766-400x300.jpg 400w\" sizes=\"(max-width: 1024px) 100vw, 1024px\" \/><\/figure><\/li><li class=\"blocks-gallery-item\"><figure><img loading=\"lazy\" width=\"768\" height=\"1024\" src=\"https:\/\/vkjc.bknezmar.cz\/wp-content\/uploads\/2021\/09\/IMG_9768-768x1024.jpg\" alt=\"\" data-id=\"3436\" data-full-url=\"https:\/\/vkjc.bknezmar.cz\/wp-content\/uploads\/2021\/09\/IMG_9768-scaled.jpg\" data-link=\"https:\/\/vkjc.bknezmar.cz\/?attachment_id=3436\" class=\"wp-image-3436\" srcset=\"https:\/\/vkjc.bknezmar.cz\/wp-content\/uploads\/2021\/09\/IMG_9768-768x1024.jpg 768w, https:\/\/vkjc.bknezmar.cz\/wp-content\/uploads\/2021\/09\/IMG_9768-225x300.jpg 225w, https:\/\/vkjc.bknezmar.cz\/wp-content\/uploads\/2021\/09\/IMG_9768-1152x1536.jpg 1152w, https:\/\/vkjc.bknezmar.cz\/wp-content\/uploads\/2021\/09\/IMG_9768-1536x2048.jpg 1536w, https:\/\/vkjc.bknezmar.cz\/wp-content\/uploads\/2021\/09\/IMG_9768-113x150.jpg 113w, https:\/\/vkjc.bknezmar.cz\/wp-content\/uploads\/2021\/09\/IMG_9768-800x1067.jpg 800w, https:\/\/vkjc.bknezmar.cz\/wp-content\/uploads\/2021\/09\/IMG_9768-scaled.jpg 1920w\" sizes=\"(max-width: 768px) 100vw, 768px\" \/><\/figure><\/li><li class=\"blocks-gallery-item\"><figure><img loading=\"lazy\" width=\"1024\" height=\"768\" src=\"https:\/\/vkjc.bknezmar.cz\/wp-content\/uploads\/2021\/09\/IMG_9773-1024x768.jpg\" alt=\"\" data-id=\"3437\" data-full-url=\"https:\/\/vkjc.bknezmar.cz\/wp-content\/uploads\/2021\/09\/IMG_9773-scaled.jpg\" data-link=\"https:\/\/vkjc.bknezmar.cz\/?attachment_id=3437\" class=\"wp-image-3437\" srcset=\"https:\/\/vkjc.bknezmar.cz\/wp-content\/uploads\/2021\/09\/IMG_9773-1024x768.jpg 1024w, https:\/\/vkjc.bknezmar.cz\/wp-content\/uploads\/2021\/09\/IMG_9773-300x225.jpg 300w, https:\/\/vkjc.bknezmar.cz\/wp-content\/uploads\/2021\/09\/IMG_9773-768x576.jpg 768w, https:\/\/vkjc.bknezmar.cz\/wp-content\/uploads\/2021\/09\/IMG_9773-1536x1152.jpg 1536w, https:\/\/vkjc.bknezmar.cz\/wp-content\/uploads\/2021\/09\/IMG_9773-2048x1536.jpg 2048w, https:\/\/vkjc.bknezmar.cz\/wp-content\/uploads\/2021\/09\/IMG_9773-150x113.jpg 150w, https:\/\/vkjc.bknezmar.cz\/wp-content\/uploads\/2021\/09\/IMG_9773-800x600.jpg 800w, https:\/\/vkjc.bknezmar.cz\/wp-content\/uploads\/2021\/09\/IMG_9773-400x300.jpg 400w\" sizes=\"(max-width: 1024px) 100vw, 1024px\" \/><\/figure><\/li><li class=\"blocks-gallery-item\"><figure><img loading=\"lazy\" width=\"1024\" height=\"768\" src=\"https:\/\/vkjc.bknezmar.cz\/wp-content\/uploads\/2021\/09\/IMG_9781-1024x768.jpg\" alt=\"\" data-id=\"3438\" data-full-url=\"https:\/\/vkjc.bknezmar.cz\/wp-content\/uploads\/2021\/09\/IMG_9781-scaled.jpg\" data-link=\"https:\/\/vkjc.bknezmar.cz\/?attachment_id=3438\" class=\"wp-image-3438\" srcset=\"https:\/\/vkjc.bknezmar.cz\/wp-content\/uploads\/2021\/09\/IMG_9781-1024x768.jpg 1024w, https:\/\/vkjc.bknezmar.cz\/wp-content\/uploads\/2021\/09\/IMG_9781-300x225.jpg 300w, https:\/\/vkjc.bknezmar.cz\/wp-content\/uploads\/2021\/09\/IMG_9781-768x576.jpg 768w, https:\/\/vkjc.bknezmar.cz\/wp-content\/uploads\/2021\/09\/IMG_9781-1536x1152.jpg 1536w, https:\/\/vkjc.bknezmar.cz\/wp-content\/uploads\/2021\/09\/IMG_9781-2048x1536.jpg 2048w, https:\/\/vkjc.bknezmar.cz\/wp-content\/uploads\/2021\/09\/IMG_9781-150x113.jpg 150w, https:\/\/vkjc.bknezmar.cz\/wp-content\/uploads\/2021\/09\/IMG_9781-800x600.jpg 800w, https:\/\/vkjc.bknezmar.cz\/wp-content\/uploads\/2021\/09\/IMG_9781-400x300.jpg 400w\" sizes=\"(max-width: 1024px) 100vw, 1024px\" \/><\/figure><\/li><\/ul><\/figure>\n\n\n\n<p><br>Je\u0161t\u011b skoro za tmy jsme vyrazili sm\u011br Kn\u00ed\u017eec\u00ed Pl\u00e1n\u011b a p\u0159es Pomn\u00edk p\u0159evad\u011b\u010d\u016fm do Borov\u00fdch Lad. Na otev\u0159en\u00ed obch\u016fdku v 8:30 jsme si dokonce museli po\u010dkat. Cestou na Alpskou vyhl\u00eddku jsme se zah\u0159\u00e1li, pak si u\u017eili kr\u00e1sn\u00fd sjezd po louk\u00e1ch a \u010dekala n\u00e1s vrcha\u0159sk\u00e1 pr\u00e9mie \u2013 bufet pod stadionem na Chur\u00e1\u0148ov\u011b. Tam jsme se vyh\u0159\u00edvali na slun\u00ed\u010dku na ter\u00e1sce a u\u017e\u00edvali si chvilku p\u0159ed z\u00e1v\u011bre\u010dn\u00fdm v\u00fdjezdem na Popelnou Horu. Pak u\u017e n\u00e1s \u010dekal jen dlouh\u00fd sjezd p\u0159es Stachy na vlak do \u010ckyn\u011b. Cestou n\u00e1s je\u0161t\u011b p\u0159ekvapilo p\u00e1r v\u00fdjezd\u016f na modr\u00e9 zna\u010dce, obzvl\u00e1\u0161\u0165 ten p\u0159es Putkov si budu nav\u017edy pamatovat. Ve \u010ckyni jsme byli kolem 13 hod, ale u\u017e nebylo kam jet, tak jsem Pe\u0165ana ani nep\u0159emlouval \ud83d\ude42 . Hospody byli bohu\u017eel zav\u0159en\u00e9, ale alespo\u0148 jsme si nakoupili ve ve\u010derce, dojeli na n\u00e1dra\u017e\u00ed a \u010dekali na vlak. Na kole ujeto 75 km, zdol\u00e1ny 4 vrcholy.<\/p>\n\n\n\n<figure class=\"wp-block-gallery columns-2\"><ul class=\"blocks-gallery-grid\"><li class=\"blocks-gallery-item\"><figure><img loading=\"lazy\" width=\"1024\" height=\"768\" src=\"https:\/\/vkjc.bknezmar.cz\/wp-content\/uploads\/2021\/09\/IMG_9794-1024x768.jpg\" alt=\"\" data-id=\"3439\" data-full-url=\"https:\/\/vkjc.bknezmar.cz\/wp-content\/uploads\/2021\/09\/IMG_9794-scaled.jpg\" data-link=\"https:\/\/vkjc.bknezmar.cz\/?attachment_id=3439\" class=\"wp-image-3439\" srcset=\"https:\/\/vkjc.bknezmar.cz\/wp-content\/uploads\/2021\/09\/IMG_9794-1024x768.jpg 1024w, https:\/\/vkjc.bknezmar.cz\/wp-content\/uploads\/2021\/09\/IMG_9794-300x225.jpg 300w, https:\/\/vkjc.bknezmar.cz\/wp-content\/uploads\/2021\/09\/IMG_9794-768x576.jpg 768w, https:\/\/vkjc.bknezmar.cz\/wp-content\/uploads\/2021\/09\/IMG_9794-1536x1152.jpg 1536w, https:\/\/vkjc.bknezmar.cz\/wp-content\/uploads\/2021\/09\/IMG_9794-2048x1536.jpg 2048w, https:\/\/vkjc.bknezmar.cz\/wp-content\/uploads\/2021\/09\/IMG_9794-150x113.jpg 150w, https:\/\/vkjc.bknezmar.cz\/wp-content\/uploads\/2021\/09\/IMG_9794-800x600.jpg 800w, https:\/\/vkjc.bknezmar.cz\/wp-content\/uploads\/2021\/09\/IMG_9794-400x300.jpg 400w\" sizes=\"(max-width: 1024px) 100vw, 1024px\" \/><\/figure><\/li><li class=\"blocks-gallery-item\"><figure><img loading=\"lazy\" width=\"768\" height=\"1024\" src=\"https:\/\/vkjc.bknezmar.cz\/wp-content\/uploads\/2021\/09\/IMG_9799-768x1024.jpg\" alt=\"\" data-id=\"3440\" data-full-url=\"https:\/\/vkjc.bknezmar.cz\/wp-content\/uploads\/2021\/09\/IMG_9799-scaled.jpg\" data-link=\"https:\/\/vkjc.bknezmar.cz\/?attachment_id=3440\" class=\"wp-image-3440\" srcset=\"https:\/\/vkjc.bknezmar.cz\/wp-content\/uploads\/2021\/09\/IMG_9799-768x1024.jpg 768w, https:\/\/vkjc.bknezmar.cz\/wp-content\/uploads\/2021\/09\/IMG_9799-225x300.jpg 225w, https:\/\/vkjc.bknezmar.cz\/wp-content\/uploads\/2021\/09\/IMG_9799-1152x1536.jpg 1152w, https:\/\/vkjc.bknezmar.cz\/wp-content\/uploads\/2021\/09\/IMG_9799-1536x2048.jpg 1536w, https:\/\/vkjc.bknezmar.cz\/wp-content\/uploads\/2021\/09\/IMG_9799-113x150.jpg 113w, https:\/\/vkjc.bknezmar.cz\/wp-content\/uploads\/2021\/09\/IMG_9799-800x1067.jpg 800w, https:\/\/vkjc.bknezmar.cz\/wp-content\/uploads\/2021\/09\/IMG_9799-scaled.jpg 1920w\" sizes=\"(max-width: 768px) 100vw, 768px\" \/><\/figure><\/li><li class=\"blocks-gallery-item\"><figure><img loading=\"lazy\" width=\"1024\" height=\"768\" src=\"https:\/\/vkjc.bknezmar.cz\/wp-content\/uploads\/2021\/09\/IMG_9808-1024x768.jpg\" alt=\"\" data-id=\"3441\" data-full-url=\"https:\/\/vkjc.bknezmar.cz\/wp-content\/uploads\/2021\/09\/IMG_9808-scaled.jpg\" data-link=\"https:\/\/vkjc.bknezmar.cz\/?attachment_id=3441\" class=\"wp-image-3441\" srcset=\"https:\/\/vkjc.bknezmar.cz\/wp-content\/uploads\/2021\/09\/IMG_9808-1024x768.jpg 1024w, https:\/\/vkjc.bknezmar.cz\/wp-content\/uploads\/2021\/09\/IMG_9808-300x225.jpg 300w, https:\/\/vkjc.bknezmar.cz\/wp-content\/uploads\/2021\/09\/IMG_9808-768x576.jpg 768w, https:\/\/vkjc.bknezmar.cz\/wp-content\/uploads\/2021\/09\/IMG_9808-1536x1152.jpg 1536w, https:\/\/vkjc.bknezmar.cz\/wp-content\/uploads\/2021\/09\/IMG_9808-2048x1536.jpg 2048w, https:\/\/vkjc.bknezmar.cz\/wp-content\/uploads\/2021\/09\/IMG_9808-150x113.jpg 150w, https:\/\/vkjc.bknezmar.cz\/wp-content\/uploads\/2021\/09\/IMG_9808-800x600.jpg 800w, https:\/\/vkjc.bknezmar.cz\/wp-content\/uploads\/2021\/09\/IMG_9808-400x300.jpg 400w\" sizes=\"(max-width: 1024px) 100vw, 1024px\" \/><\/figure><\/li><li class=\"blocks-gallery-item\"><figure><img loading=\"lazy\" width=\"768\" height=\"1024\" src=\"https:\/\/vkjc.bknezmar.cz\/wp-content\/uploads\/2021\/09\/IMG_9812-768x1024.jpg\" alt=\"\" data-id=\"3442\" data-full-url=\"https:\/\/vkjc.bknezmar.cz\/wp-content\/uploads\/2021\/09\/IMG_9812-scaled.jpg\" data-link=\"https:\/\/vkjc.bknezmar.cz\/?attachment_id=3442\" class=\"wp-image-3442\" srcset=\"https:\/\/vkjc.bknezmar.cz\/wp-content\/uploads\/2021\/09\/IMG_9812-768x1024.jpg 768w, https:\/\/vkjc.bknezmar.cz\/wp-content\/uploads\/2021\/09\/IMG_9812-225x300.jpg 225w, https:\/\/vkjc.bknezmar.cz\/wp-content\/uploads\/2021\/09\/IMG_9812-1152x1536.jpg 1152w, https:\/\/vkjc.bknezmar.cz\/wp-content\/uploads\/2021\/09\/IMG_9812-1536x2048.jpg 1536w, https:\/\/vkjc.bknezmar.cz\/wp-content\/uploads\/2021\/09\/IMG_9812-113x150.jpg 113w, https:\/\/vkjc.bknezmar.cz\/wp-content\/uploads\/2021\/09\/IMG_9812-800x1067.jpg 800w, https:\/\/vkjc.bknezmar.cz\/wp-content\/uploads\/2021\/09\/IMG_9812-scaled.jpg 1920w\" sizes=\"(max-width: 768px) 100vw, 768px\" \/><\/figure><\/li><\/ul><\/figure>\n\n\n\n<p><br>V Bud\u011bjc\u00edch jsme je\u0161t\u011b celou v\u00fdpravu d\u016fkladn\u011b zhodnotili a povypr\u00e1v\u011bli na\u0161e z\u00e1\u017eitky Jani\u010dce \u2026 celkem ujeto na kole 322 km, vlakem u\u0161et\u0159eno 93 km, zdol\u00e1no 15 vrchol\u016f \u2026bylo to bajkov\u011b par\u00e1dn\u00ed, n\u00e1ro\u010dn\u00e9 i p\u0159es \u00falevy, \u010das mezi sezen\u00edm na kole a u piva jsme dokonale vybalancovali, tak\u017ee jsme si to celkov\u011b moc u\u017eili. D\u00edky par\u0165\u00e1ku, u\u017e se t\u011b\u0161\u00edm na p\u0159\u00ed\u0161t\u011b!<\/p>\n\n\n\n<p>P\u0159i na\u0161em putov\u00e1n\u00ed n\u00e1s stihla ta nehoda, \u017ee jsme pili jedno pivo za druh\u00fdm, a tak nedo\u0161lo na vrcholy Blansk\u00e9ho lesa. Dva vrcholy, Kle\u0165 a Kuklov, jsme u\u017e m\u011bl ze spole\u010dn\u00e9 vyj\u00ed\u017e\u010fky organiz\u00e1tor\u016f VK.<\/p>\n\n\n\n<figure class=\"wp-block-gallery columns-1 is-cropped\"><ul class=\"blocks-gallery-grid\"><li class=\"blocks-gallery-item\"><figure><img loading=\"lazy\" width=\"768\" height=\"1024\" src=\"https:\/\/vkjc.bknezmar.cz\/wp-content\/uploads\/2021\/08\/IMG_20210822_083058-768x1024.jpg\" alt=\"\" data-id=\"3352\" data-full-url=\"https:\/\/vkjc.bknezmar.cz\/wp-content\/uploads\/2021\/08\/IMG_20210822_083058-scaled.jpg\" data-link=\"https:\/\/vkjc.bknezmar.cz\/?attachment_id=3352\" class=\"wp-image-3352\" srcset=\"https:\/\/vkjc.bknezmar.cz\/wp-content\/uploads\/2021\/08\/IMG_20210822_083058-768x1024.jpg 768w, https:\/\/vkjc.bknezmar.cz\/wp-content\/uploads\/2021\/08\/IMG_20210822_083058-225x300.jpg 225w, https:\/\/vkjc.bknezmar.cz\/wp-content\/uploads\/2021\/08\/IMG_20210822_083058-1152x1536.jpg 1152w, https:\/\/vkjc.bknezmar.cz\/wp-content\/uploads\/2021\/08\/IMG_20210822_083058-1536x2048.jpg 1536w, https:\/\/vkjc.bknezmar.cz\/wp-content\/uploads\/2021\/08\/IMG_20210822_083058-113x150.jpg 113w, https:\/\/vkjc.bknezmar.cz\/wp-content\/uploads\/2021\/08\/IMG_20210822_083058-800x1067.jpg 800w, https:\/\/vkjc.bknezmar.cz\/wp-content\/uploads\/2021\/08\/IMG_20210822_083058-scaled.jpg 1920w\" sizes=\"(max-width: 768px) 100vw, 768px\" \/><\/figure><\/li><li class=\"blocks-gallery-item\"><figure><img loading=\"lazy\" width=\"1024\" height=\"729\" src=\"https:\/\/vkjc.bknezmar.cz\/wp-content\/uploads\/2021\/08\/IMG_20210822_082848-1024x729.jpg\" alt=\"\" data-id=\"3351\" data-full-url=\"https:\/\/vkjc.bknezmar.cz\/wp-content\/uploads\/2021\/08\/IMG_20210822_082848-scaled.jpg\" data-link=\"https:\/\/vkjc.bknezmar.cz\/?attachment_id=3351\" class=\"wp-image-3351\" srcset=\"https:\/\/vkjc.bknezmar.cz\/wp-content\/uploads\/2021\/08\/IMG_20210822_082848-1024x729.jpg 1024w, https:\/\/vkjc.bknezmar.cz\/wp-content\/uploads\/2021\/08\/IMG_20210822_082848-300x214.jpg 300w, https:\/\/vkjc.bknezmar.cz\/wp-content\/uploads\/2021\/08\/IMG_20210822_082848-768x547.jpg 768w, https:\/\/vkjc.bknezmar.cz\/wp-content\/uploads\/2021\/08\/IMG_20210822_082848-1536x1094.jpg 1536w, https:\/\/vkjc.bknezmar.cz\/wp-content\/uploads\/2021\/08\/IMG_20210822_082848-2048x1458.jpg 2048w, https:\/\/vkjc.bknezmar.cz\/wp-content\/uploads\/2021\/08\/IMG_20210822_082848-150x107.jpg 150w, https:\/\/vkjc.bknezmar.cz\/wp-content\/uploads\/2021\/08\/IMG_20210822_082848-800x570.jpg 800w\" sizes=\"(max-width: 1024px) 100vw, 1024px\" \/><\/figure><\/li><\/ul><\/figure>\n\n\n\n<p>Pro dokon\u010den\u00ed mi tedy zb\u00fdvali 3 vrcholy. V sobotu 18.9.2021 jsem vyrazil na Kluka, pak po h\u0159ebeni sm\u011br Svatov\u00e1clavsk\u00fd pramen. P\u0159es K\u0159em\u017ei a K\u0159eme\u017esk\u00e9 louky jsem po \u00fabo\u010d\u00ed Klet\u011b dojel k Modr\u00e9mu obr\u00e1zku. Napl\u00e1noval jsem si p\u0159ejezd vrchu Gran\u00e1tn\u00edk jako lah\u016fdku na z\u00e1v\u011br. Cestou mi prasklo lanko od teleskopick\u00e9 sedlovky, tak\u017ee sjezdy se sedlovkou naho\u0159e jsem si u\u017eil m\u00e9n\u011b, ale i tak to bylo super. A do\u0161lo i na velk\u00e9 p\u0159ekvapen\u00ed. Kdy\u017e jsem na pokraji zhroucen\u00ed rval bajk p\u0159es kameny na vrchol Gran\u00e1tn\u00edk, tak najednou kouk\u00e1m 2 metry p\u0159ede mnou ciz\u00ed bajke\u0159i. Ale nebyli ciz\u00ed, byla to Jani\u010dka s Pe\u0165anem! Neuv\u011b\u0159iteln\u00e9 setk\u00e1n\u00ed! Jani\u010dka se pr\u00fd b\u00e1la, podle fun\u011bn\u00ed, \u017ee zpoza smr\u010dku vyraz\u00ed kanec \ud83d\ude42 Spole\u010dn\u011b jsme se vyfotili u rozhledny a pak zajeli do Vr\u00e1b\u010de. Tam jsme se n\u011bjak zasekli, tak\u017ee nezbylo ne\u017e do Bud\u011bjc dojet, jak p\u0159\u00edzna\u010dn\u011b, vlakem. T\u00edm jsem leto\u0161n\u00ed VKJ\u010c stylov\u011b zavr\u0161il. A u\u017e se t\u011b\u0161\u00edm na p\u0159\u00ed\u0161t\u011b!<\/p>\n\n\n\n<figure class=\"wp-block-gallery columns-2\"><ul class=\"blocks-gallery-grid\"><li class=\"blocks-gallery-item\"><figure><img loading=\"lazy\" width=\"1024\" height=\"768\" src=\"https:\/\/vkjc.bknezmar.cz\/wp-content\/uploads\/2021\/09\/20210918_115418_resized-1-1024x768.jpg\" alt=\"\" data-id=\"3448\" data-full-url=\"https:\/\/vkjc.bknezmar.cz\/wp-content\/uploads\/2021\/09\/20210918_115418_resized-1.jpg\" data-link=\"https:\/\/vkjc.bknezmar.cz\/?attachment_id=3448\" class=\"wp-image-3448\" srcset=\"https:\/\/vkjc.bknezmar.cz\/wp-content\/uploads\/2021\/09\/20210918_115418_resized-1-1024x768.jpg 1024w, https:\/\/vkjc.bknezmar.cz\/wp-content\/uploads\/2021\/09\/20210918_115418_resized-1-300x225.jpg 300w, https:\/\/vkjc.bknezmar.cz\/wp-content\/uploads\/2021\/09\/20210918_115418_resized-1-768x576.jpg 768w, https:\/\/vkjc.bknezmar.cz\/wp-content\/uploads\/2021\/09\/20210918_115418_resized-1-150x113.jpg 150w, https:\/\/vkjc.bknezmar.cz\/wp-content\/uploads\/2021\/09\/20210918_115418_resized-1-800x600.jpg 800w, https:\/\/vkjc.bknezmar.cz\/wp-content\/uploads\/2021\/09\/20210918_115418_resized-1-400x300.jpg 400w, https:\/\/vkjc.bknezmar.cz\/wp-content\/uploads\/2021\/09\/20210918_115418_resized-1.jpg 1288w\" sizes=\"(max-width: 1024px) 100vw, 1024px\" \/><\/figure><\/li><li class=\"blocks-gallery-item\"><figure><img loading=\"lazy\" width=\"1024\" height=\"768\" src=\"https:\/\/vkjc.bknezmar.cz\/wp-content\/uploads\/2021\/09\/20210918_122535_resized-1-1024x768.jpg\" alt=\"\" data-id=\"3449\" data-full-url=\"https:\/\/vkjc.bknezmar.cz\/wp-content\/uploads\/2021\/09\/20210918_122535_resized-1.jpg\" data-link=\"https:\/\/vkjc.bknezmar.cz\/?attachment_id=3449\" class=\"wp-image-3449\" srcset=\"https:\/\/vkjc.bknezmar.cz\/wp-content\/uploads\/2021\/09\/20210918_122535_resized-1-1024x768.jpg 1024w, https:\/\/vkjc.bknezmar.cz\/wp-content\/uploads\/2021\/09\/20210918_122535_resized-1-300x225.jpg 300w, https:\/\/vkjc.bknezmar.cz\/wp-content\/uploads\/2021\/09\/20210918_122535_resized-1-768x576.jpg 768w, https:\/\/vkjc.bknezmar.cz\/wp-content\/uploads\/2021\/09\/20210918_122535_resized-1-150x113.jpg 150w, https:\/\/vkjc.bknezmar.cz\/wp-content\/uploads\/2021\/09\/20210918_122535_resized-1-800x600.jpg 800w, https:\/\/vkjc.bknezmar.cz\/wp-content\/uploads\/2021\/09\/20210918_122535_resized-1-400x300.jpg 400w, https:\/\/vkjc.bknezmar.cz\/wp-content\/uploads\/2021\/09\/20210918_122535_resized-1.jpg 1288w\" sizes=\"(max-width: 1024px) 100vw, 1024px\" \/><\/figure><\/li><li class=\"blocks-gallery-item\"><figure><img loading=\"lazy\" width=\"1024\" height=\"768\" src=\"https:\/\/vkjc.bknezmar.cz\/wp-content\/uploads\/2021\/09\/20210918_134540_resized-1-1024x768.jpg\" alt=\"\" data-id=\"3450\" data-full-url=\"https:\/\/vkjc.bknezmar.cz\/wp-content\/uploads\/2021\/09\/20210918_134540_resized-1.jpg\" data-link=\"https:\/\/vkjc.bknezmar.cz\/?attachment_id=3450\" class=\"wp-image-3450\" srcset=\"https:\/\/vkjc.bknezmar.cz\/wp-content\/uploads\/2021\/09\/20210918_134540_resized-1-1024x768.jpg 1024w, https:\/\/vkjc.bknezmar.cz\/wp-content\/uploads\/2021\/09\/20210918_134540_resized-1-300x225.jpg 300w, https:\/\/vkjc.bknezmar.cz\/wp-content\/uploads\/2021\/09\/20210918_134540_resized-1-768x576.jpg 768w, https:\/\/vkjc.bknezmar.cz\/wp-content\/uploads\/2021\/09\/20210918_134540_resized-1-150x113.jpg 150w, https:\/\/vkjc.bknezmar.cz\/wp-content\/uploads\/2021\/09\/20210918_134540_resized-1-800x600.jpg 800w, https:\/\/vkjc.bknezmar.cz\/wp-content\/uploads\/2021\/09\/20210918_134540_resized-1-400x300.jpg 400w, https:\/\/vkjc.bknezmar.cz\/wp-content\/uploads\/2021\/09\/20210918_134540_resized-1.jpg 1288w\" sizes=\"(max-width: 1024px) 100vw, 1024px\" \/><\/figure><\/li><\/ul><\/figure>\n","protected":false},"excerpt":{"rendered":"<p>Tradi\u010dn\u00ed v\u00edcedenn\u00ed obj\u00ed\u017ed\u011bn\u00ed vrchol\u016f, pl\u00e1novan\u00e9 na za\u010d\u00e1tku sez\u00f3ny se Stenlym a Jarunem, n\u00e1m zhatilo po\u010das\u00ed. Jaro bylo studen\u00e9 a de\u0161tiv\u00e9, tak jsme vym\u011bkli. Doufal jsem, \u017ee se to poda\u0159\u00ed pozd\u011bji a nakonec to vy\u0161lo. Pro zm\u011bnu se staronov\u00fdm par\u0165\u00e1kem Petrem \u0160iklem. Prvn\u00ed pl\u00e1n byl objet v\u0161echny vrcholy kategorie V\u00ddKON. Pak m\u011b Pe\u0165an upozornil na svoji&#8230;<\/p>\n","protected":false},"author":2,"featured_media":3450,"comment_status":"open","ping_status":"open","sticky":false,"template":"","format":"standard","meta":[],"categories":[15,13],"tags":[],"_links":{"self":[{"href":"https:\/\/vkjc.bknezmar.cz\/index.php?rest_route=\/wp\/v2\/posts\/3421"}],"collection":[{"href":"https:\/\/vkjc.bknezmar.cz\/index.php?rest_route=\/wp\/v2\/posts"}],"about":[{"href":"https:\/\/vkjc.bknezmar.cz\/index.php?rest_route=\/wp\/v2\/types\/post"}],"author":[{"embeddable":true,"href":"https:\/\/vkjc.bknezmar.cz\/index.php?rest_route=\/wp\/v2\/users\/2"}],"replies":[{"embeddable":true,"href":"https:\/\/vkjc.bknezmar.cz\/index.php?rest_route=%2Fwp%2Fv2%2Fcomments&post=3421"}],"version-history":[{"count":13,"href":"https:\/\/vkjc.bknezmar.cz\/index.php?rest_route=\/wp\/v2\/posts\/3421\/revisions"}],"predecessor-version":[{"id":3480,"href":"https:\/\/vkjc.bknezmar.cz\/index.php?rest_route=\/wp\/v2\/posts\/3421\/revisions\/3480"}],"wp:featuredmedia":[{"embeddable":true,"href":"https:\/\/vkjc.bknezmar.cz\/index.php?rest_route=\/wp\/v2\/media\/3450"}],"wp:attachment":[{"href":"https:\/\/vkjc.bknezmar.cz\/index.php?rest_route=%2Fwp%2Fv2%2Fmedia&parent=3421"}],"wp:term":[{"taxonomy":"category","embeddable":true,"href":"https:\/\/vkjc.bknezmar.cz\/index.php?rest_route=%2Fwp%2Fv2%2Fcategories&post=3421"},{"taxonomy":"post_tag","embeddable":true,"href":"https:\/\/vkjc.bknezmar.cz\/index.php?rest_route=%2Fwp%2Fv2%2Ftags&post=3421"}],"curies":[{"name":"wp","href":"https:\/\/api.w.org\/{rel}","templated":true}]}}