{"id":29,"date":"2020-02-04T09:58:24","date_gmt":"2020-02-04T08:58:24","guid":{"rendered":"https:\/\/vkjc.bknezmar.cz\/?p=29"},"modified":"2020-03-09T14:31:32","modified_gmt":"2020-03-09T13:31:32","slug":"zaverecny-vecirek-vrcharske-koruny-jiznich-cech-2019","status":"publish","type":"post","link":"https:\/\/vkjc.bknezmar.cz\/?p=29","title":{"rendered":"Z\u00e1v\u011bre\u010dn\u00fd ve\u010d\u00edrek Vrcha\u0159sk\u00e9 koruny Ji\u017en\u00edch \u010cech 2019"},"content":{"rendered":"\n<p>Ahoj p\u0159\u00e1tel\u00e9 VKJ\u010c. Dovoluji si v\u00e1s pozvat na z\u00e1v\u011bre\u010dn\u00e9 vyhodnocen\u00ed ro\u010dn\u00edku 2019. Akce se bude konat 21.2.2020 v salonku restaurace B\u00e1rovka&nbsp; od 18:30 hodin. T\u00edmto v\u00e1s pros\u00edm o potvrzen\u00ed \u00fa\u010dasti. D\u011bkuji Lojza<\/p>\n\n\n\n<p>Program :<br>\nUv\u00edt\u00e1n\u00ed \u00fa\u010dastn\u00edk\u016f<br>\nZhodnocen\u00ed uplynul\u00e9ho ro\u010dn\u00edku.<br>\nOfici\u00e1ln\u00ed p\u0159ed\u00e1n\u00ed pov\u011b\u0159en\u00ed.<br>\nN\u00e1vrhy vrchol\u016f 2020<br>\nDiskuze a z\u00e1bava&nbsp;<\/p>\n\n\n\n<p><\/p>\n","protected":false},"excerpt":{"rendered":"<p>Ahoj p\u0159\u00e1tel\u00e9 VKJ\u010c. Dovoluji si v\u00e1s pozvat na z\u00e1v\u011bre\u010dn\u00e9 vyhodnocen\u00ed ro\u010dn\u00edku 2019. Akce se bude konat 21.2.2020 v salonku restaurace B\u00e1rovka&nbsp; od 18:30 hodin. T\u00edmto v\u00e1s pros\u00edm o potvrzen\u00ed \u00fa\u010dasti. D\u011bkuji Lojza Program : Uv\u00edt\u00e1n\u00ed \u00fa\u010dastn\u00edk\u016f Zhodnocen\u00ed uplynul\u00e9ho ro\u010dn\u00edku. Ofici\u00e1ln\u00ed p\u0159ed\u00e1n\u00ed pov\u011b\u0159en\u00ed. N\u00e1vrhy vrchol\u016f 2020 Diskuze a z\u00e1bava&nbsp;<\/p>\n","protected":false},"author":2,"featured_media":178,"comment_status":"open","ping_status":"open","sticky":false,"template":"","format":"standard","meta":[],"categories":[12,13],"tags":[],"_links":{"self":[{"href":"https:\/\/vkjc.bknezmar.cz\/index.php?rest_route=\/wp\/v2\/posts\/29"}],"collection":[{"href":"https:\/\/vkjc.bknezmar.cz\/index.php?rest_route=\/wp\/v2\/posts"}],"about":[{"href":"https:\/\/vkjc.bknezmar.cz\/index.php?rest_route=\/wp\/v2\/types\/post"}],"author":[{"embeddable":true,"href":"https:\/\/vkjc.bknezmar.cz\/index.php?rest_route=\/wp\/v2\/users\/2"}],"replies":[{"embeddable":true,"href":"https:\/\/vkjc.bknezmar.cz\/index.php?rest_route=%2Fwp%2Fv2%2Fcomments&post=29"}],"version-history":[{"count":5,"href":"https:\/\/vkjc.bknezmar.cz\/index.php?rest_route=\/wp\/v2\/posts\/29\/revisions"}],"predecessor-version":[{"id":36,"href":"https:\/\/vkjc.bknezmar.cz\/index.php?rest_route=\/wp\/v2\/posts\/29\/revisions\/36"}],"wp:featuredmedia":[{"embeddable":true,"href":"https:\/\/vkjc.bknezmar.cz\/index.php?rest_route=\/wp\/v2\/media\/178"}],"wp:attachment":[{"href":"https:\/\/vkjc.bknezmar.cz\/index.php?rest_route=%2Fwp%2Fv2%2Fmedia&parent=29"}],"wp:term":[{"taxonomy":"category","embeddable":true,"href":"https:\/\/vkjc.bknezmar.cz\/index.php?rest_route=%2Fwp%2Fv2%2Fcategories&post=29"},{"taxonomy":"post_tag","embeddable":true,"href":"https:\/\/vkjc.bknezmar.cz\/index.php?rest_route=%2Fwp%2Fv2%2Ftags&post=29"}],"curies":[{"name":"wp","href":"https:\/\/api.w.org\/{rel}","templated":true}]}}