{"id":2678,"date":"2021-04-12T19:02:29","date_gmt":"2021-04-12T17:02:29","guid":{"rendered":"https:\/\/vkjc.bknezmar.cz\/?p=2678"},"modified":"2021-05-27T08:12:56","modified_gmt":"2021-05-27T06:12:56","slug":"vikendova-smrst-vkjc","status":"publish","type":"post","link":"https:\/\/vkjc.bknezmar.cz\/?p=2678","title":{"rendered":"V\u00edkendov\u00e1 smr\u0161\u0165 VKJ\u010c"},"content":{"rendered":"\n<p>O v\u00edkendu nastala opravdov\u00e1 smr\u0161\u0165 v z\u00e1pisech do Vrcha\u0159sk\u00e9 koruny Ji\u017en\u00edch \u010cech.<\/p>\n\n\n\n<p>Nejd\u0159\u00edve p\u0159idal dal\u0161\u00ed 3 z\u00e1pisy do kategorie OKOLO KOM\u00cdNA Honza Vinzens: <em>&#8222;Tak pos\u00edl\u00e1m dal\u0161\u00ed &#8222;vrcholy&#8220;, je to naka\u017eliv\u00fd :-)&#8220;<\/em><\/p>\n\n\n\n<figure class=\"wp-block-gallery columns-3 is-cropped\"><ul class=\"blocks-gallery-grid\"><li class=\"blocks-gallery-item\"><figure><img loading=\"lazy\" width=\"640\" height=\"481\" src=\"https:\/\/vkjc.bknezmar.cz\/wp-content\/uploads\/2021\/04\/Borsov-pomnik-americkeho-pilotu-rotated.jpg\" alt=\"\" data-id=\"2680\" data-full-url=\"https:\/\/vkjc.bknezmar.cz\/wp-content\/uploads\/2021\/04\/Borsov-pomnik-americkeho-pilotu-rotated.jpg\" data-link=\"https:\/\/vkjc.bknezmar.cz\/?attachment_id=2680\" class=\"wp-image-2680\" srcset=\"https:\/\/vkjc.bknezmar.cz\/wp-content\/uploads\/2021\/04\/Borsov-pomnik-americkeho-pilotu-rotated.jpg 640w, https:\/\/vkjc.bknezmar.cz\/wp-content\/uploads\/2021\/04\/Borsov-pomnik-americkeho-pilotu-300x225.jpg 300w, https:\/\/vkjc.bknezmar.cz\/wp-content\/uploads\/2021\/04\/Borsov-pomnik-americkeho-pilotu-150x113.jpg 150w, https:\/\/vkjc.bknezmar.cz\/wp-content\/uploads\/2021\/04\/Borsov-pomnik-americkeho-pilotu-400x300.jpg 400w\" sizes=\"(max-width: 640px) 100vw, 640px\" \/><\/figure><\/li><li class=\"blocks-gallery-item\"><figure><img loading=\"lazy\" width=\"640\" height=\"481\" src=\"https:\/\/vkjc.bknezmar.cz\/wp-content\/uploads\/2021\/04\/Sv.-Vit-zricenina-kostela-rotated.jpg\" alt=\"\" data-id=\"2681\" data-full-url=\"https:\/\/vkjc.bknezmar.cz\/wp-content\/uploads\/2021\/04\/Sv.-Vit-zricenina-kostela-rotated.jpg\" data-link=\"https:\/\/vkjc.bknezmar.cz\/?attachment_id=2681\" class=\"wp-image-2681\" srcset=\"https:\/\/vkjc.bknezmar.cz\/wp-content\/uploads\/2021\/04\/Sv.-Vit-zricenina-kostela-rotated.jpg 640w, https:\/\/vkjc.bknezmar.cz\/wp-content\/uploads\/2021\/04\/Sv.-Vit-zricenina-kostela-300x225.jpg 300w, https:\/\/vkjc.bknezmar.cz\/wp-content\/uploads\/2021\/04\/Sv.-Vit-zricenina-kostela-150x113.jpg 150w, https:\/\/vkjc.bknezmar.cz\/wp-content\/uploads\/2021\/04\/Sv.-Vit-zricenina-kostela-400x300.jpg 400w\" sizes=\"(max-width: 640px) 100vw, 640px\" \/><\/figure><\/li><li class=\"blocks-gallery-item\"><figure><img loading=\"lazy\" width=\"640\" height=\"481\" src=\"https:\/\/vkjc.bknezmar.cz\/wp-content\/uploads\/2021\/04\/Vrabce-pamatnik-osvobozeni-rotated.jpg\" alt=\"\" data-id=\"2682\" data-full-url=\"https:\/\/vkjc.bknezmar.cz\/wp-content\/uploads\/2021\/04\/Vrabce-pamatnik-osvobozeni-rotated.jpg\" data-link=\"https:\/\/vkjc.bknezmar.cz\/?attachment_id=2682\" class=\"wp-image-2682\" srcset=\"https:\/\/vkjc.bknezmar.cz\/wp-content\/uploads\/2021\/04\/Vrabce-pamatnik-osvobozeni-rotated.jpg 640w, https:\/\/vkjc.bknezmar.cz\/wp-content\/uploads\/2021\/04\/Vrabce-pamatnik-osvobozeni-300x225.jpg 300w, https:\/\/vkjc.bknezmar.cz\/wp-content\/uploads\/2021\/04\/Vrabce-pamatnik-osvobozeni-150x113.jpg 150w, https:\/\/vkjc.bknezmar.cz\/wp-content\/uploads\/2021\/04\/Vrabce-pamatnik-osvobozeni-400x300.jpg 400w\" sizes=\"(max-width: 640px) 100vw, 640px\" \/><\/figure><\/li><\/ul><\/figure>\n\n\n\n<p>I s d\u011btmi si p\u0159ipsal dal\u0161\u00ed vrcholy do kategorie OKOLO KOM\u00cdNA Michal Hnili\u010dka:<\/p>\n\n\n\n<figure class=\"wp-block-gallery columns-2 is-cropped\"><ul class=\"blocks-gallery-grid\"><li class=\"blocks-gallery-item\"><figure><img loading=\"lazy\" width=\"576\" height=\"1024\" src=\"https:\/\/vkjc.bknezmar.cz\/wp-content\/uploads\/2021\/04\/20210410_101851-1-576x1024.jpg\" alt=\"\" data-id=\"2684\" data-full-url=\"https:\/\/vkjc.bknezmar.cz\/wp-content\/uploads\/2021\/04\/20210410_101851-1-scaled.jpg\" data-link=\"https:\/\/vkjc.bknezmar.cz\/?attachment_id=2684\" class=\"wp-image-2684\" srcset=\"https:\/\/vkjc.bknezmar.cz\/wp-content\/uploads\/2021\/04\/20210410_101851-1-576x1024.jpg 576w, https:\/\/vkjc.bknezmar.cz\/wp-content\/uploads\/2021\/04\/20210410_101851-1-169x300.jpg 169w, https:\/\/vkjc.bknezmar.cz\/wp-content\/uploads\/2021\/04\/20210410_101851-1-768x1366.jpg 768w, https:\/\/vkjc.bknezmar.cz\/wp-content\/uploads\/2021\/04\/20210410_101851-1-863x1536.jpg 863w, https:\/\/vkjc.bknezmar.cz\/wp-content\/uploads\/2021\/04\/20210410_101851-1-1151x2048.jpg 1151w, https:\/\/vkjc.bknezmar.cz\/wp-content\/uploads\/2021\/04\/20210410_101851-1-84x150.jpg 84w, https:\/\/vkjc.bknezmar.cz\/wp-content\/uploads\/2021\/04\/20210410_101851-1-800x1423.jpg 800w, https:\/\/vkjc.bknezmar.cz\/wp-content\/uploads\/2021\/04\/20210410_101851-1-scaled.jpg 1439w\" sizes=\"(max-width: 576px) 100vw, 576px\" \/><\/figure><\/li><li class=\"blocks-gallery-item\"><figure><img loading=\"lazy\" width=\"576\" height=\"1024\" src=\"https:\/\/vkjc.bknezmar.cz\/wp-content\/uploads\/2021\/04\/20210410_104210-576x1024.jpg\" alt=\"\" data-id=\"2685\" data-full-url=\"https:\/\/vkjc.bknezmar.cz\/wp-content\/uploads\/2021\/04\/20210410_104210-scaled.jpg\" data-link=\"https:\/\/vkjc.bknezmar.cz\/?attachment_id=2685\" class=\"wp-image-2685\" srcset=\"https:\/\/vkjc.bknezmar.cz\/wp-content\/uploads\/2021\/04\/20210410_104210-576x1024.jpg 576w, https:\/\/vkjc.bknezmar.cz\/wp-content\/uploads\/2021\/04\/20210410_104210-169x300.jpg 169w, https:\/\/vkjc.bknezmar.cz\/wp-content\/uploads\/2021\/04\/20210410_104210-768x1366.jpg 768w, https:\/\/vkjc.bknezmar.cz\/wp-content\/uploads\/2021\/04\/20210410_104210-863x1536.jpg 863w, https:\/\/vkjc.bknezmar.cz\/wp-content\/uploads\/2021\/04\/20210410_104210-1151x2048.jpg 1151w, https:\/\/vkjc.bknezmar.cz\/wp-content\/uploads\/2021\/04\/20210410_104210-84x150.jpg 84w, https:\/\/vkjc.bknezmar.cz\/wp-content\/uploads\/2021\/04\/20210410_104210-800x1423.jpg 800w, https:\/\/vkjc.bknezmar.cz\/wp-content\/uploads\/2021\/04\/20210410_104210-scaled.jpg 1439w\" sizes=\"(max-width: 576px) 100vw, 576px\" \/><\/figure><\/li><\/ul><\/figure>\n\n\n\n<p>Ani Jana \u0160raierov\u00e1 a Petr \u0160ikl nez\u016fstali pozadu, svoji sb\u00edrku vrchol\u016f roz\u0161\u00ed\u0159ili o 4 kousky:<\/p>\n\n\n\n<figure class=\"wp-block-gallery columns-2 is-cropped\"><ul class=\"blocks-gallery-grid\"><li class=\"blocks-gallery-item\"><figure><img loading=\"lazy\" width=\"1024\" height=\"691\" src=\"https:\/\/vkjc.bknezmar.cz\/wp-content\/uploads\/2021\/04\/IMG_20210409_184842-1024x691.jpg\" alt=\"\" data-id=\"2687\" data-full-url=\"https:\/\/vkjc.bknezmar.cz\/wp-content\/uploads\/2021\/04\/IMG_20210409_184842-scaled.jpg\" data-link=\"https:\/\/vkjc.bknezmar.cz\/?attachment_id=2687\" class=\"wp-image-2687\" srcset=\"https:\/\/vkjc.bknezmar.cz\/wp-content\/uploads\/2021\/04\/IMG_20210409_184842-1024x691.jpg 1024w, https:\/\/vkjc.bknezmar.cz\/wp-content\/uploads\/2021\/04\/IMG_20210409_184842-300x202.jpg 300w, https:\/\/vkjc.bknezmar.cz\/wp-content\/uploads\/2021\/04\/IMG_20210409_184842-768x518.jpg 768w, https:\/\/vkjc.bknezmar.cz\/wp-content\/uploads\/2021\/04\/IMG_20210409_184842-1536x1036.jpg 1536w, https:\/\/vkjc.bknezmar.cz\/wp-content\/uploads\/2021\/04\/IMG_20210409_184842-2048x1381.jpg 2048w, https:\/\/vkjc.bknezmar.cz\/wp-content\/uploads\/2021\/04\/IMG_20210409_184842-150x101.jpg 150w, https:\/\/vkjc.bknezmar.cz\/wp-content\/uploads\/2021\/04\/IMG_20210409_184842-800x539.jpg 800w\" sizes=\"(max-width: 1024px) 100vw, 1024px\" \/><\/figure><\/li><li class=\"blocks-gallery-item\"><figure><img loading=\"lazy\" width=\"1024\" height=\"742\" src=\"https:\/\/vkjc.bknezmar.cz\/wp-content\/uploads\/2021\/04\/IMG_20210410_200408-1024x742.jpg\" alt=\"\" data-id=\"2689\" data-full-url=\"https:\/\/vkjc.bknezmar.cz\/wp-content\/uploads\/2021\/04\/IMG_20210410_200408-scaled.jpg\" data-link=\"https:\/\/vkjc.bknezmar.cz\/?attachment_id=2689\" class=\"wp-image-2689\" srcset=\"https:\/\/vkjc.bknezmar.cz\/wp-content\/uploads\/2021\/04\/IMG_20210410_200408-1024x742.jpg 1024w, https:\/\/vkjc.bknezmar.cz\/wp-content\/uploads\/2021\/04\/IMG_20210410_200408-300x218.jpg 300w, https:\/\/vkjc.bknezmar.cz\/wp-content\/uploads\/2021\/04\/IMG_20210410_200408-768x557.jpg 768w, https:\/\/vkjc.bknezmar.cz\/wp-content\/uploads\/2021\/04\/IMG_20210410_200408-1536x1114.jpg 1536w, https:\/\/vkjc.bknezmar.cz\/wp-content\/uploads\/2021\/04\/IMG_20210410_200408-2048x1485.jpg 2048w, https:\/\/vkjc.bknezmar.cz\/wp-content\/uploads\/2021\/04\/IMG_20210410_200408-150x109.jpg 150w, https:\/\/vkjc.bknezmar.cz\/wp-content\/uploads\/2021\/04\/IMG_20210410_200408-800x580.jpg 800w\" sizes=\"(max-width: 1024px) 100vw, 1024px\" \/><\/figure><\/li><li class=\"blocks-gallery-item\"><figure><img loading=\"lazy\" width=\"768\" height=\"1024\" src=\"https:\/\/vkjc.bknezmar.cz\/wp-content\/uploads\/2021\/04\/IMG_20210410_200319-768x1024.jpg\" alt=\"\" data-id=\"2688\" data-full-url=\"https:\/\/vkjc.bknezmar.cz\/wp-content\/uploads\/2021\/04\/IMG_20210410_200319-scaled.jpg\" data-link=\"https:\/\/vkjc.bknezmar.cz\/?attachment_id=2688\" class=\"wp-image-2688\" srcset=\"https:\/\/vkjc.bknezmar.cz\/wp-content\/uploads\/2021\/04\/IMG_20210410_200319-768x1024.jpg 768w, https:\/\/vkjc.bknezmar.cz\/wp-content\/uploads\/2021\/04\/IMG_20210410_200319-225x300.jpg 225w, https:\/\/vkjc.bknezmar.cz\/wp-content\/uploads\/2021\/04\/IMG_20210410_200319-1152x1536.jpg 1152w, https:\/\/vkjc.bknezmar.cz\/wp-content\/uploads\/2021\/04\/IMG_20210410_200319-1536x2048.jpg 1536w, https:\/\/vkjc.bknezmar.cz\/wp-content\/uploads\/2021\/04\/IMG_20210410_200319-113x150.jpg 113w, https:\/\/vkjc.bknezmar.cz\/wp-content\/uploads\/2021\/04\/IMG_20210410_200319-800x1067.jpg 800w, https:\/\/vkjc.bknezmar.cz\/wp-content\/uploads\/2021\/04\/IMG_20210410_200319-scaled.jpg 1920w\" sizes=\"(max-width: 768px) 100vw, 768px\" \/><\/figure><\/li><li class=\"blocks-gallery-item\"><figure><img loading=\"lazy\" width=\"768\" height=\"1024\" src=\"https:\/\/vkjc.bknezmar.cz\/wp-content\/uploads\/2021\/04\/IMG_20210410_200433-768x1024.jpg\" alt=\"\" data-id=\"2690\" data-full-url=\"https:\/\/vkjc.bknezmar.cz\/wp-content\/uploads\/2021\/04\/IMG_20210410_200433-scaled.jpg\" data-link=\"https:\/\/vkjc.bknezmar.cz\/?attachment_id=2690\" class=\"wp-image-2690\" srcset=\"https:\/\/vkjc.bknezmar.cz\/wp-content\/uploads\/2021\/04\/IMG_20210410_200433-768x1024.jpg 768w, https:\/\/vkjc.bknezmar.cz\/wp-content\/uploads\/2021\/04\/IMG_20210410_200433-225x300.jpg 225w, https:\/\/vkjc.bknezmar.cz\/wp-content\/uploads\/2021\/04\/IMG_20210410_200433-1152x1536.jpg 1152w, https:\/\/vkjc.bknezmar.cz\/wp-content\/uploads\/2021\/04\/IMG_20210410_200433-1536x2048.jpg 1536w, https:\/\/vkjc.bknezmar.cz\/wp-content\/uploads\/2021\/04\/IMG_20210410_200433-113x150.jpg 113w, https:\/\/vkjc.bknezmar.cz\/wp-content\/uploads\/2021\/04\/IMG_20210410_200433-800x1067.jpg 800w, https:\/\/vkjc.bknezmar.cz\/wp-content\/uploads\/2021\/04\/IMG_20210410_200433-scaled.jpg 1920w\" sizes=\"(max-width: 768px) 100vw, 768px\" \/><\/figure><\/li><\/ul><\/figure>\n\n\n\n<p>Dal\u0161\u00ed zdolan\u00fd vrchol kategorie OKOLO KOM\u00cdNA p\u0159idal Jindra Boubal: <em>&#8222;Ahoj zdrav\u00edm. Dnes jen jeden c\u00edl ale proj\u00ed\u017e\u010fka dobr\u00e1 \ud83d\ude42\ud83d\udeb4\u200d\u2640\ufe0fZelen\u00fd k\u0159\u00ed\u017e. Biku zdar Jindra.&#8220;<\/em><\/p>\n\n\n\n<figure class=\"wp-block-gallery columns-1 is-cropped\"><ul class=\"blocks-gallery-grid\"><li class=\"blocks-gallery-item\"><figure><img loading=\"lazy\" width=\"485\" height=\"1024\" src=\"https:\/\/vkjc.bknezmar.cz\/wp-content\/uploads\/2021\/04\/IMG_20210410_152211_1-485x1024.jpg\" alt=\"\" data-id=\"2694\" data-full-url=\"https:\/\/vkjc.bknezmar.cz\/wp-content\/uploads\/2021\/04\/IMG_20210410_152211_1-scaled.jpg\" data-link=\"https:\/\/vkjc.bknezmar.cz\/?attachment_id=2694\" class=\"wp-image-2694\" srcset=\"https:\/\/vkjc.bknezmar.cz\/wp-content\/uploads\/2021\/04\/IMG_20210410_152211_1-485x1024.jpg 485w, https:\/\/vkjc.bknezmar.cz\/wp-content\/uploads\/2021\/04\/IMG_20210410_152211_1-142x300.jpg 142w, https:\/\/vkjc.bknezmar.cz\/wp-content\/uploads\/2021\/04\/IMG_20210410_152211_1-768x1623.jpg 768w, https:\/\/vkjc.bknezmar.cz\/wp-content\/uploads\/2021\/04\/IMG_20210410_152211_1-727x1536.jpg 727w, https:\/\/vkjc.bknezmar.cz\/wp-content\/uploads\/2021\/04\/IMG_20210410_152211_1-969x2048.jpg 969w, https:\/\/vkjc.bknezmar.cz\/wp-content\/uploads\/2021\/04\/IMG_20210410_152211_1-71x150.jpg 71w, https:\/\/vkjc.bknezmar.cz\/wp-content\/uploads\/2021\/04\/IMG_20210410_152211_1-800x1691.jpg 800w, https:\/\/vkjc.bknezmar.cz\/wp-content\/uploads\/2021\/04\/IMG_20210410_152211_1-scaled.jpg 1211w\" sizes=\"(max-width: 485px) 100vw, 485px\" \/><\/figure><\/li><\/ul><\/figure>\n\n\n\n<p>Mezi kandid\u00e1ty VKJ\u010c kategorie OKOLO KOM\u00cdNA se za\u0159adil Vojt\u011bch Boubal: <em>&#8222;Ahoj v\u0161em, dnes jsem absolvoval j\u00edzdu v kategorii Okolo kom\u00edna a v p\u0159\u00edloze pos\u00edlm d\u016fkazy :-). S pozdravem Vojta Boubal&#8220;<\/em>.<\/p>\n\n\n\n<figure class=\"wp-block-gallery columns-2 is-cropped\"><ul class=\"blocks-gallery-grid\"><li class=\"blocks-gallery-item\"><figure><img loading=\"lazy\" width=\"1024\" height=\"768\" src=\"https:\/\/vkjc.bknezmar.cz\/wp-content\/uploads\/2021\/04\/IMG_20210411_115610-1024x768.jpg\" alt=\"\" data-id=\"2695\" data-full-url=\"https:\/\/vkjc.bknezmar.cz\/wp-content\/uploads\/2021\/04\/IMG_20210411_115610-scaled.jpg\" data-link=\"https:\/\/vkjc.bknezmar.cz\/?attachment_id=2695\" class=\"wp-image-2695\" srcset=\"https:\/\/vkjc.bknezmar.cz\/wp-content\/uploads\/2021\/04\/IMG_20210411_115610-1024x768.jpg 1024w, https:\/\/vkjc.bknezmar.cz\/wp-content\/uploads\/2021\/04\/IMG_20210411_115610-300x225.jpg 300w, https:\/\/vkjc.bknezmar.cz\/wp-content\/uploads\/2021\/04\/IMG_20210411_115610-768x576.jpg 768w, https:\/\/vkjc.bknezmar.cz\/wp-content\/uploads\/2021\/04\/IMG_20210411_115610-1536x1152.jpg 1536w, https:\/\/vkjc.bknezmar.cz\/wp-content\/uploads\/2021\/04\/IMG_20210411_115610-2048x1536.jpg 2048w, https:\/\/vkjc.bknezmar.cz\/wp-content\/uploads\/2021\/04\/IMG_20210411_115610-150x113.jpg 150w, https:\/\/vkjc.bknezmar.cz\/wp-content\/uploads\/2021\/04\/IMG_20210411_115610-800x600.jpg 800w, https:\/\/vkjc.bknezmar.cz\/wp-content\/uploads\/2021\/04\/IMG_20210411_115610-400x300.jpg 400w\" sizes=\"(max-width: 1024px) 100vw, 1024px\" \/><\/figure><\/li><li class=\"blocks-gallery-item\"><figure><img loading=\"lazy\" width=\"1024\" height=\"768\" src=\"https:\/\/vkjc.bknezmar.cz\/wp-content\/uploads\/2021\/04\/IMG_20210411_121447-1024x768.jpg\" alt=\"\" data-id=\"2696\" data-full-url=\"https:\/\/vkjc.bknezmar.cz\/wp-content\/uploads\/2021\/04\/IMG_20210411_121447-scaled.jpg\" data-link=\"https:\/\/vkjc.bknezmar.cz\/?attachment_id=2696\" class=\"wp-image-2696\" srcset=\"https:\/\/vkjc.bknezmar.cz\/wp-content\/uploads\/2021\/04\/IMG_20210411_121447-1024x768.jpg 1024w, https:\/\/vkjc.bknezmar.cz\/wp-content\/uploads\/2021\/04\/IMG_20210411_121447-300x225.jpg 300w, https:\/\/vkjc.bknezmar.cz\/wp-content\/uploads\/2021\/04\/IMG_20210411_121447-768x576.jpg 768w, https:\/\/vkjc.bknezmar.cz\/wp-content\/uploads\/2021\/04\/IMG_20210411_121447-1536x1152.jpg 1536w, https:\/\/vkjc.bknezmar.cz\/wp-content\/uploads\/2021\/04\/IMG_20210411_121447-2048x1536.jpg 2048w, https:\/\/vkjc.bknezmar.cz\/wp-content\/uploads\/2021\/04\/IMG_20210411_121447-150x113.jpg 150w, https:\/\/vkjc.bknezmar.cz\/wp-content\/uploads\/2021\/04\/IMG_20210411_121447-800x600.jpg 800w, https:\/\/vkjc.bknezmar.cz\/wp-content\/uploads\/2021\/04\/IMG_20210411_121447-400x300.jpg 400w\" sizes=\"(max-width: 1024px) 100vw, 1024px\" \/><\/figure><\/li><li class=\"blocks-gallery-item\"><figure><img loading=\"lazy\" width=\"1024\" height=\"768\" src=\"https:\/\/vkjc.bknezmar.cz\/wp-content\/uploads\/2021\/04\/IMG_20210411_125334-1024x768.jpg\" alt=\"\" data-id=\"2697\" data-full-url=\"https:\/\/vkjc.bknezmar.cz\/wp-content\/uploads\/2021\/04\/IMG_20210411_125334-scaled.jpg\" data-link=\"https:\/\/vkjc.bknezmar.cz\/?attachment_id=2697\" class=\"wp-image-2697\" srcset=\"https:\/\/vkjc.bknezmar.cz\/wp-content\/uploads\/2021\/04\/IMG_20210411_125334-1024x768.jpg 1024w, https:\/\/vkjc.bknezmar.cz\/wp-content\/uploads\/2021\/04\/IMG_20210411_125334-300x225.jpg 300w, https:\/\/vkjc.bknezmar.cz\/wp-content\/uploads\/2021\/04\/IMG_20210411_125334-768x576.jpg 768w, https:\/\/vkjc.bknezmar.cz\/wp-content\/uploads\/2021\/04\/IMG_20210411_125334-1536x1152.jpg 1536w, https:\/\/vkjc.bknezmar.cz\/wp-content\/uploads\/2021\/04\/IMG_20210411_125334-2048x1536.jpg 2048w, https:\/\/vkjc.bknezmar.cz\/wp-content\/uploads\/2021\/04\/IMG_20210411_125334-150x113.jpg 150w, https:\/\/vkjc.bknezmar.cz\/wp-content\/uploads\/2021\/04\/IMG_20210411_125334-800x600.jpg 800w, https:\/\/vkjc.bknezmar.cz\/wp-content\/uploads\/2021\/04\/IMG_20210411_125334-400x300.jpg 400w\" sizes=\"(max-width: 1024px) 100vw, 1024px\" \/><\/figure><\/li><li class=\"blocks-gallery-item\"><figure><img loading=\"lazy\" width=\"1024\" height=\"768\" src=\"https:\/\/vkjc.bknezmar.cz\/wp-content\/uploads\/2021\/04\/IMG_20210411_140329-1024x768.jpg\" alt=\"\" data-id=\"2698\" data-full-url=\"https:\/\/vkjc.bknezmar.cz\/wp-content\/uploads\/2021\/04\/IMG_20210411_140329-scaled.jpg\" data-link=\"https:\/\/vkjc.bknezmar.cz\/?attachment_id=2698\" class=\"wp-image-2698\" srcset=\"https:\/\/vkjc.bknezmar.cz\/wp-content\/uploads\/2021\/04\/IMG_20210411_140329-1024x768.jpg 1024w, https:\/\/vkjc.bknezmar.cz\/wp-content\/uploads\/2021\/04\/IMG_20210411_140329-300x225.jpg 300w, https:\/\/vkjc.bknezmar.cz\/wp-content\/uploads\/2021\/04\/IMG_20210411_140329-768x576.jpg 768w, https:\/\/vkjc.bknezmar.cz\/wp-content\/uploads\/2021\/04\/IMG_20210411_140329-1536x1152.jpg 1536w, https:\/\/vkjc.bknezmar.cz\/wp-content\/uploads\/2021\/04\/IMG_20210411_140329-2048x1536.jpg 2048w, https:\/\/vkjc.bknezmar.cz\/wp-content\/uploads\/2021\/04\/IMG_20210411_140329-150x113.jpg 150w, https:\/\/vkjc.bknezmar.cz\/wp-content\/uploads\/2021\/04\/IMG_20210411_140329-800x600.jpg 800w, https:\/\/vkjc.bknezmar.cz\/wp-content\/uploads\/2021\/04\/IMG_20210411_140329-400x300.jpg 400w\" sizes=\"(max-width: 1024px) 100vw, 1024px\" \/><\/figure><\/li><\/ul><\/figure>\n\n\n\n<p>A v ned\u011bli ve\u010der to za\u010dalo ve velk\u00e9m!<\/p>\n\n\n\n<p>V 16:47 poslal Filip Hulec fotky zb\u00fdvaj\u00edc\u00edch vrchol\u016f a jako druh\u00fd tak dokon\u010dil celou kategorii OKOLO KOM\u00cdNA: <em>&#8222;Zdrav\u00edm,\u00a0 pos\u00edl\u00e1m druhou v\u00e1rku d\u016fkazn\u00edho materi\u00e1lu z dne\u0161n\u00ed vyj\u00ed\u017e\u010fky po deseti zb\u00fdvaj\u00edc\u00edch lokalit\u00e1ch. Tentokr\u00e1t to vy\u0161lo o n\u011bco krat\u0161\u00ed, jen 85 km \ud83d\ude42 D\u00edky,\u00a0Filip Hulec&#8220;<\/em><\/p>\n\n\n\n<figure class=\"wp-block-gallery columns-2 is-cropped\"><ul class=\"blocks-gallery-grid\"><li class=\"blocks-gallery-item\"><figure><img loading=\"lazy\" width=\"1000\" height=\"750\" src=\"https:\/\/vkjc.bknezmar.cz\/wp-content\/uploads\/2021\/04\/9_lom-Sevetin.jpg\" alt=\"\" data-id=\"2692\" data-full-url=\"https:\/\/vkjc.bknezmar.cz\/wp-content\/uploads\/2021\/04\/9_lom-Sevetin.jpg\" data-link=\"https:\/\/vkjc.bknezmar.cz\/?attachment_id=2692\" class=\"wp-image-2692\" srcset=\"https:\/\/vkjc.bknezmar.cz\/wp-content\/uploads\/2021\/04\/9_lom-Sevetin.jpg 1000w, https:\/\/vkjc.bknezmar.cz\/wp-content\/uploads\/2021\/04\/9_lom-Sevetin-300x225.jpg 300w, https:\/\/vkjc.bknezmar.cz\/wp-content\/uploads\/2021\/04\/9_lom-Sevetin-768x576.jpg 768w, https:\/\/vkjc.bknezmar.cz\/wp-content\/uploads\/2021\/04\/9_lom-Sevetin-150x113.jpg 150w, https:\/\/vkjc.bknezmar.cz\/wp-content\/uploads\/2021\/04\/9_lom-Sevetin-800x600.jpg 800w, https:\/\/vkjc.bknezmar.cz\/wp-content\/uploads\/2021\/04\/9_lom-Sevetin-400x300.jpg 400w\" sizes=\"(max-width: 1000px) 100vw, 1000px\" \/><\/figure><\/li><li class=\"blocks-gallery-item\"><figure><img loading=\"lazy\" width=\"1000\" height=\"750\" src=\"https:\/\/vkjc.bknezmar.cz\/wp-content\/uploads\/2021\/04\/13_radary.jpg\" alt=\"\" data-id=\"2693\" data-full-url=\"https:\/\/vkjc.bknezmar.cz\/wp-content\/uploads\/2021\/04\/13_radary.jpg\" data-link=\"https:\/\/vkjc.bknezmar.cz\/?attachment_id=2693\" class=\"wp-image-2693\" srcset=\"https:\/\/vkjc.bknezmar.cz\/wp-content\/uploads\/2021\/04\/13_radary.jpg 1000w, https:\/\/vkjc.bknezmar.cz\/wp-content\/uploads\/2021\/04\/13_radary-300x225.jpg 300w, https:\/\/vkjc.bknezmar.cz\/wp-content\/uploads\/2021\/04\/13_radary-768x576.jpg 768w, https:\/\/vkjc.bknezmar.cz\/wp-content\/uploads\/2021\/04\/13_radary-150x113.jpg 150w, https:\/\/vkjc.bknezmar.cz\/wp-content\/uploads\/2021\/04\/13_radary-800x600.jpg 800w, https:\/\/vkjc.bknezmar.cz\/wp-content\/uploads\/2021\/04\/13_radary-400x300.jpg 400w\" sizes=\"(max-width: 1000px) 100vw, 1000px\" \/><\/figure><\/li><\/ul><\/figure>\n\n\n\n<p>V 19:41 poslal fotky v\u0161ech vrchol\u016f kategorie OKOLO KOM\u00cdNA Richard Holar a stal se tak t\u0159et\u00edm dobyvatelem VKJ\u010c: <em>&#8222;Zdrav\u00edm, pos\u00edl\u00e1m fotky 20ti vrchol\u016f kategorie Okolo kom\u00edna kter\u00e9 jsem zdolal na \u010dty\u0159i vyj\u00ed\u017e\u010fky za podpory p\u0159\u00e1tel. Bylo to super. S pozdravem Richard Holar&#8220;<\/em><\/p>\n\n\n\n<figure class=\"wp-block-gallery columns-1 is-cropped\"><ul class=\"blocks-gallery-grid\"><li class=\"blocks-gallery-item\"><figure><img loading=\"lazy\" width=\"1000\" height=\"461\" src=\"https:\/\/vkjc.bknezmar.cz\/wp-content\/uploads\/2021\/04\/IMG_20210411_141650.jpg\" alt=\"\" data-id=\"2701\" data-link=\"https:\/\/vkjc.bknezmar.cz\/?attachment_id=2701\" class=\"wp-image-2701\" srcset=\"https:\/\/vkjc.bknezmar.cz\/wp-content\/uploads\/2021\/04\/IMG_20210411_141650.jpg 1000w, https:\/\/vkjc.bknezmar.cz\/wp-content\/uploads\/2021\/04\/IMG_20210411_141650-300x138.jpg 300w, https:\/\/vkjc.bknezmar.cz\/wp-content\/uploads\/2021\/04\/IMG_20210411_141650-768x354.jpg 768w, https:\/\/vkjc.bknezmar.cz\/wp-content\/uploads\/2021\/04\/IMG_20210411_141650-150x69.jpg 150w, https:\/\/vkjc.bknezmar.cz\/wp-content\/uploads\/2021\/04\/IMG_20210411_141650-800x369.jpg 800w\" sizes=\"(max-width: 1000px) 100vw, 1000px\" \/><\/figure><\/li><li class=\"blocks-gallery-item\"><figure><img loading=\"lazy\" width=\"1000\" height=\"461\" src=\"https:\/\/vkjc.bknezmar.cz\/wp-content\/uploads\/2021\/04\/IMG_20210405_131750.jpg\" alt=\"\" data-id=\"2704\" data-full-url=\"https:\/\/vkjc.bknezmar.cz\/wp-content\/uploads\/2021\/04\/IMG_20210405_131750.jpg\" data-link=\"https:\/\/vkjc.bknezmar.cz\/?attachment_id=2704\" class=\"wp-image-2704\" srcset=\"https:\/\/vkjc.bknezmar.cz\/wp-content\/uploads\/2021\/04\/IMG_20210405_131750.jpg 1000w, https:\/\/vkjc.bknezmar.cz\/wp-content\/uploads\/2021\/04\/IMG_20210405_131750-300x138.jpg 300w, https:\/\/vkjc.bknezmar.cz\/wp-content\/uploads\/2021\/04\/IMG_20210405_131750-768x354.jpg 768w, https:\/\/vkjc.bknezmar.cz\/wp-content\/uploads\/2021\/04\/IMG_20210405_131750-150x69.jpg 150w, https:\/\/vkjc.bknezmar.cz\/wp-content\/uploads\/2021\/04\/IMG_20210405_131750-800x369.jpg 800w\" sizes=\"(max-width: 1000px) 100vw, 1000px\" \/><\/figure><\/li><\/ul><\/figure>\n\n\n\n<p> Ve 20:50 poslal fotky v\u0161ech vrchol\u016f kategorie OKOLO KOM\u00cdNA Petr \u0160onka a stal se tak \u010dtvrt\u00fdm dobyvatelem VKJ\u010c: <em>&#8222;Ahoj. Dnes jsem dal VK okolo kom\u00edna s vyp\u011bt\u00edm v\u0161ech sil nar\u00e1z. Je to trochu opruz, kdy\u017e nen\u00ed mo\u017en\u00e9 nikde na\u010depovat pivn\u00edch sil.. V\u00fdkon si nech\u00e1m na dobu, kdy to bude mo\u017en\u00e9&#8230; Jinak super, \u017ee se o to star\u00e1te. Dik Petr \u0160onka\u00a0T\u00fdn nad Vltavou&#8220;<\/em>. Podle z\u00e1znamu ujel 151.4 km za 9:27:51 s p\u0159ev\u00fd\u0161en\u00edm 1,682 m.<\/p>\n\n\n\n<figure class=\"wp-block-gallery columns-2 is-cropped\"><ul class=\"blocks-gallery-grid\"><li class=\"blocks-gallery-item\"><figure><img loading=\"lazy\" width=\"768\" height=\"1024\" src=\"https:\/\/vkjc.bknezmar.cz\/wp-content\/uploads\/2021\/04\/IMG_20210411_155023-768x1024.jpg\" alt=\"\" data-id=\"2715\" data-link=\"https:\/\/vkjc.bknezmar.cz\/?attachment_id=2715\" class=\"wp-image-2715\" srcset=\"https:\/\/vkjc.bknezmar.cz\/wp-content\/uploads\/2021\/04\/IMG_20210411_155023-768x1024.jpg 768w, https:\/\/vkjc.bknezmar.cz\/wp-content\/uploads\/2021\/04\/IMG_20210411_155023-225x300.jpg 225w, https:\/\/vkjc.bknezmar.cz\/wp-content\/uploads\/2021\/04\/IMG_20210411_155023-1152x1536.jpg 1152w, https:\/\/vkjc.bknezmar.cz\/wp-content\/uploads\/2021\/04\/IMG_20210411_155023-1536x2048.jpg 1536w, https:\/\/vkjc.bknezmar.cz\/wp-content\/uploads\/2021\/04\/IMG_20210411_155023-113x150.jpg 113w, https:\/\/vkjc.bknezmar.cz\/wp-content\/uploads\/2021\/04\/IMG_20210411_155023-800x1067.jpg 800w, https:\/\/vkjc.bknezmar.cz\/wp-content\/uploads\/2021\/04\/IMG_20210411_155023-scaled.jpg 1920w\" sizes=\"(max-width: 768px) 100vw, 768px\" \/><\/figure><\/li><li class=\"blocks-gallery-item\"><figure><img loading=\"lazy\" width=\"768\" height=\"1024\" src=\"https:\/\/vkjc.bknezmar.cz\/wp-content\/uploads\/2021\/04\/IMG_20210411_090340-768x1024.jpg\" alt=\"\" data-id=\"2714\" data-link=\"https:\/\/vkjc.bknezmar.cz\/?attachment_id=2714\" class=\"wp-image-2714\" srcset=\"https:\/\/vkjc.bknezmar.cz\/wp-content\/uploads\/2021\/04\/IMG_20210411_090340-768x1024.jpg 768w, https:\/\/vkjc.bknezmar.cz\/wp-content\/uploads\/2021\/04\/IMG_20210411_090340-225x300.jpg 225w, https:\/\/vkjc.bknezmar.cz\/wp-content\/uploads\/2021\/04\/IMG_20210411_090340-1152x1536.jpg 1152w, https:\/\/vkjc.bknezmar.cz\/wp-content\/uploads\/2021\/04\/IMG_20210411_090340-1536x2048.jpg 1536w, https:\/\/vkjc.bknezmar.cz\/wp-content\/uploads\/2021\/04\/IMG_20210411_090340-113x150.jpg 113w, https:\/\/vkjc.bknezmar.cz\/wp-content\/uploads\/2021\/04\/IMG_20210411_090340-800x1067.jpg 800w, https:\/\/vkjc.bknezmar.cz\/wp-content\/uploads\/2021\/04\/IMG_20210411_090340-scaled.jpg 1920w\" sizes=\"(max-width: 768px) 100vw, 768px\" \/><\/figure><\/li><li class=\"blocks-gallery-item\"><figure><img loading=\"lazy\" width=\"710\" height=\"375\" src=\"https:\/\/vkjc.bknezmar.cz\/wp-content\/uploads\/2021\/04\/stazeny-soubor.png\" alt=\"\" data-id=\"2718\" data-full-url=\"https:\/\/vkjc.bknezmar.cz\/wp-content\/uploads\/2021\/04\/stazeny-soubor.png\" data-link=\"https:\/\/vkjc.bknezmar.cz\/?attachment_id=2718\" class=\"wp-image-2718\" srcset=\"https:\/\/vkjc.bknezmar.cz\/wp-content\/uploads\/2021\/04\/stazeny-soubor.png 710w, https:\/\/vkjc.bknezmar.cz\/wp-content\/uploads\/2021\/04\/stazeny-soubor-300x158.png 300w, https:\/\/vkjc.bknezmar.cz\/wp-content\/uploads\/2021\/04\/stazeny-soubor-150x79.png 150w\" sizes=\"(max-width: 710px) 100vw, 710px\" \/><\/figure><\/li><\/ul><\/figure>\n\n\n\n<p>Ve 20:53 poslal fotky v\u0161ech vrchol\u016f kategorie OKOLO KOM\u00cdNA David Mach\u00e1lek a stal se tak p\u00e1t\u00fdm dobyvatelem VKJ\u010c: <em>&#8222;ahoj, \u00fasp\u011b\u0161n\u011b zdol\u00e1na v\u00fdzva okolo kom\u00edna 2021 behem \u010dty\u0159 v\u00edkendov\u00fdch dn\u00ed \ud83d\ude42\u00a0David Mach\u00e1lek&#8220;<\/em>:<\/p>\n\n\n\n<figure class=\"wp-block-gallery columns-2 is-cropped\"><ul class=\"blocks-gallery-grid\"><li class=\"blocks-gallery-item\"><figure><img loading=\"lazy\" width=\"768\" height=\"1024\" src=\"https:\/\/vkjc.bknezmar.cz\/wp-content\/uploads\/2021\/04\/Doudleby-kostel-768x1024.jpg\" alt=\"\" data-id=\"2706\" data-link=\"https:\/\/vkjc.bknezmar.cz\/?attachment_id=2706\" class=\"wp-image-2706\" srcset=\"https:\/\/vkjc.bknezmar.cz\/wp-content\/uploads\/2021\/04\/Doudleby-kostel-768x1024.jpg 768w, https:\/\/vkjc.bknezmar.cz\/wp-content\/uploads\/2021\/04\/Doudleby-kostel-225x300.jpg 225w, https:\/\/vkjc.bknezmar.cz\/wp-content\/uploads\/2021\/04\/Doudleby-kostel-1152x1536.jpg 1152w, https:\/\/vkjc.bknezmar.cz\/wp-content\/uploads\/2021\/04\/Doudleby-kostel-113x150.jpg 113w, https:\/\/vkjc.bknezmar.cz\/wp-content\/uploads\/2021\/04\/Doudleby-kostel-800x1067.jpg 800w, https:\/\/vkjc.bknezmar.cz\/wp-content\/uploads\/2021\/04\/Doudleby-kostel-rotated.jpg 1512w\" sizes=\"(max-width: 768px) 100vw, 768px\" \/><\/figure><\/li><li class=\"blocks-gallery-item\"><figure><img loading=\"lazy\" width=\"433\" height=\"577\" src=\"https:\/\/vkjc.bknezmar.cz\/wp-content\/uploads\/2021\/04\/Trebotovice-radary-rotated.jpg\" alt=\"\" data-id=\"2707\" data-full-url=\"https:\/\/vkjc.bknezmar.cz\/wp-content\/uploads\/2021\/04\/Trebotovice-radary-rotated.jpg\" data-link=\"https:\/\/vkjc.bknezmar.cz\/?attachment_id=2707\" class=\"wp-image-2707\" srcset=\"https:\/\/vkjc.bknezmar.cz\/wp-content\/uploads\/2021\/04\/Trebotovice-radary-rotated.jpg 433w, https:\/\/vkjc.bknezmar.cz\/wp-content\/uploads\/2021\/04\/Trebotovice-radary-225x300.jpg 225w, https:\/\/vkjc.bknezmar.cz\/wp-content\/uploads\/2021\/04\/Trebotovice-radary-113x150.jpg 113w\" sizes=\"(max-width: 433px) 100vw, 433px\" \/><\/figure><\/li><\/ul><\/figure>\n\n\n\n<p>Je to neuv\u011b\u0159iteln\u00e9, v po\u0159ad\u00ed VKJ\u010c jde o minuty!<\/p>\n\n\n\n<p>A na z\u00e1v\u011br otev\u0159el kategorii V\u00ddKON Zden\u011bk H\u00e1va &#8211; jeho fotka z \u010cesk\u00fdch \u017dleb\u016f je opravdu unik\u00e1tn\u00ed a dokl\u00e1d\u00e1, \u017ee zima je letos opravdu dlouh\u00e1: <em>&#8222;Ahoj, v\u010dera jsem si dal prvn\u00ed v\u00fdjezd. Super zasn\u011b\u017eenou krajinou a\u017e nahoru. Po cest\u011b na Radvanovsky h\u0159bet jsem musel vyru\u0161it rodinku divo\u010d\u00e1k\u016f se selaty a domluvit jim, aby \u0161li svou cestou. Jinak pam\u00e1tn\u00edk je v oplocen\u00e9m prostoru s dobytkem.&#8220;<\/em><\/p>\n\n\n\n<figure class=\"wp-block-gallery columns-1 is-cropped\"><ul class=\"blocks-gallery-grid\"><li class=\"blocks-gallery-item\"><figure><img loading=\"lazy\" width=\"768\" height=\"1024\" src=\"https:\/\/vkjc.bknezmar.cz\/wp-content\/uploads\/2021\/04\/20210408_191721-768x1024.jpg\" alt=\"\" data-id=\"2708\" data-full-url=\"https:\/\/vkjc.bknezmar.cz\/wp-content\/uploads\/2021\/04\/20210408_191721-scaled.jpg\" data-link=\"https:\/\/vkjc.bknezmar.cz\/?attachment_id=2708\" class=\"wp-image-2708\" srcset=\"https:\/\/vkjc.bknezmar.cz\/wp-content\/uploads\/2021\/04\/20210408_191721-768x1024.jpg 768w, https:\/\/vkjc.bknezmar.cz\/wp-content\/uploads\/2021\/04\/20210408_191721-225x300.jpg 225w, https:\/\/vkjc.bknezmar.cz\/wp-content\/uploads\/2021\/04\/20210408_191721-1152x1536.jpg 1152w, https:\/\/vkjc.bknezmar.cz\/wp-content\/uploads\/2021\/04\/20210408_191721-1536x2048.jpg 1536w, https:\/\/vkjc.bknezmar.cz\/wp-content\/uploads\/2021\/04\/20210408_191721-113x150.jpg 113w, https:\/\/vkjc.bknezmar.cz\/wp-content\/uploads\/2021\/04\/20210408_191721-800x1067.jpg 800w, https:\/\/vkjc.bknezmar.cz\/wp-content\/uploads\/2021\/04\/20210408_191721-scaled.jpg 1920w\" sizes=\"(max-width: 768px) 100vw, 768px\" \/><\/figure><\/li><\/ul><\/figure>\n\n\n\n<p>Kdy by to byl \u0159ekl, \u017ee tak rozd\u00edln\u00e9 fotky lze po\u0159\u00eddit b\u011bhem jednoho v\u00edkendu v Ji\u017en\u00edch \u010cech\u00e1ch! D\u011bkujeme za z\u00e1jem o VKJ\u010c a p\u0159ejeme hodn\u011b \u0161t\u011bst\u00ed a siln\u00fdch z\u00e1\u017eitk\u016f na dal\u0161\u00edch vyj\u00ed\u017e\u010fk\u00e1ch!<\/p>\n\n\n\n<p>Bajku zdar V.<\/p>\n","protected":false},"excerpt":{"rendered":"<p>O v\u00edkendu nastala opravdov\u00e1 smr\u0161\u0165 v z\u00e1pisech do Vrcha\u0159sk\u00e9 koruny Ji\u017en\u00edch \u010cech. Nejd\u0159\u00edve p\u0159idal dal\u0161\u00ed 3 z\u00e1pisy do kategorie OKOLO KOM\u00cdNA Honza Vinzens: &#8222;Tak pos\u00edl\u00e1m dal\u0161\u00ed &#8222;vrcholy&#8220;, je to naka\u017eliv\u00fd :-)&#8220; I s d\u011btmi si p\u0159ipsal dal\u0161\u00ed vrcholy do kategorie OKOLO KOM\u00cdNA Michal Hnili\u010dka: Ani Jana \u0160raierov\u00e1 a Petr \u0160ikl nez\u016fstali pozadu, svoji sb\u00edrku vrchol\u016f&#8230;<\/p>\n","protected":false},"author":2,"featured_media":2708,"comment_status":"open","ping_status":"open","sticky":false,"template":"","format":"standard","meta":[],"categories":[15,13],"tags":[],"_links":{"self":[{"href":"https:\/\/vkjc.bknezmar.cz\/index.php?rest_route=\/wp\/v2\/posts\/2678"}],"collection":[{"href":"https:\/\/vkjc.bknezmar.cz\/index.php?rest_route=\/wp\/v2\/posts"}],"about":[{"href":"https:\/\/vkjc.bknezmar.cz\/index.php?rest_route=\/wp\/v2\/types\/post"}],"author":[{"embeddable":true,"href":"https:\/\/vkjc.bknezmar.cz\/index.php?rest_route=\/wp\/v2\/users\/2"}],"replies":[{"embeddable":true,"href":"https:\/\/vkjc.bknezmar.cz\/index.php?rest_route=%2Fwp%2Fv2%2Fcomments&post=2678"}],"version-history":[{"count":17,"href":"https:\/\/vkjc.bknezmar.cz\/index.php?rest_route=\/wp\/v2\/posts\/2678\/revisions"}],"predecessor-version":[{"id":2963,"href":"https:\/\/vkjc.bknezmar.cz\/index.php?rest_route=\/wp\/v2\/posts\/2678\/revisions\/2963"}],"wp:featuredmedia":[{"embeddable":true,"href":"https:\/\/vkjc.bknezmar.cz\/index.php?rest_route=\/wp\/v2\/media\/2708"}],"wp:attachment":[{"href":"https:\/\/vkjc.bknezmar.cz\/index.php?rest_route=%2Fwp%2Fv2%2Fmedia&parent=2678"}],"wp:term":[{"taxonomy":"category","embeddable":true,"href":"https:\/\/vkjc.bknezmar.cz\/index.php?rest_route=%2Fwp%2Fv2%2Fcategories&post=2678"},{"taxonomy":"post_tag","embeddable":true,"href":"https:\/\/vkjc.bknezmar.cz\/index.php?rest_route=%2Fwp%2Fv2%2Ftags&post=2678"}],"curies":[{"name":"wp","href":"https:\/\/api.w.org\/{rel}","templated":true}]}}