{"id":2480,"date":"2021-03-31T12:43:17","date_gmt":"2021-03-31T10:43:17","guid":{"rendered":"https:\/\/vkjc.bknezmar.cz\/?p=2480"},"modified":"2021-03-31T12:43:18","modified_gmt":"2021-03-31T10:43:18","slug":"vrcholy-2021","status":"publish","type":"post","link":"https:\/\/vkjc.bknezmar.cz\/?p=2480","title":{"rendered":"Vrcholy 2021"},"content":{"rendered":"\n<p>V\u0161echny vrcholy kategori\u00ed V\u00ddKON a OKOLO KOM\u00cdNA pro rok 2021 byly zve\u0159ejn\u011bny! Od z\u00edtra, 1.4.2021, se m\u016f\u017eete vydat zdol\u00e1vat vrcholy Vrcha\u0159sk\u00e9 koruny ji\u017en\u00edch \u010cech. Bohu\u017eel s omezen\u00edmi pohybu, bajke\u0159i se mohou pohybovat pouze v r\u00e1mci okresu. P\u0159esto si mysl\u00edme, \u017ee stoj\u00ed za to VKJ\u010c odstartovat. P\u0159ejeme v\u00e1m v\u0161em pevn\u00e9 zdrav\u00ed, vysokou kondici va\u0161\u00ed i va\u0161ich stroj\u016f a hlavn\u011b siln\u00e9 z\u00e1\u017eitky! \u0160\u0165astnou cestu!<\/p>\n","protected":false},"excerpt":{"rendered":"<p>V\u0161echny vrcholy kategori\u00ed V\u00ddKON a OKOLO KOM\u00cdNA pro rok 2021 byly zve\u0159ejn\u011bny! Od z\u00edtra, 1.4.2021, se m\u016f\u017eete vydat zdol\u00e1vat vrcholy Vrcha\u0159sk\u00e9 koruny ji\u017en\u00edch \u010cech. Bohu\u017eel s omezen\u00edmi pohybu, bajke\u0159i se mohou pohybovat pouze v r\u00e1mci okresu. P\u0159esto si mysl\u00edme, \u017ee stoj\u00ed za to VKJ\u010c odstartovat. P\u0159ejeme v\u00e1m v\u0161em pevn\u00e9 zdrav\u00ed, vysokou kondici va\u0161\u00ed i va\u0161ich&#8230;<\/p>\n","protected":false},"author":2,"featured_media":2482,"comment_status":"open","ping_status":"open","sticky":false,"template":"","format":"standard","meta":[],"categories":[15,13],"tags":[],"_links":{"self":[{"href":"https:\/\/vkjc.bknezmar.cz\/index.php?rest_route=\/wp\/v2\/posts\/2480"}],"collection":[{"href":"https:\/\/vkjc.bknezmar.cz\/index.php?rest_route=\/wp\/v2\/posts"}],"about":[{"href":"https:\/\/vkjc.bknezmar.cz\/index.php?rest_route=\/wp\/v2\/types\/post"}],"author":[{"embeddable":true,"href":"https:\/\/vkjc.bknezmar.cz\/index.php?rest_route=\/wp\/v2\/users\/2"}],"replies":[{"embeddable":true,"href":"https:\/\/vkjc.bknezmar.cz\/index.php?rest_route=%2Fwp%2Fv2%2Fcomments&post=2480"}],"version-history":[{"count":1,"href":"https:\/\/vkjc.bknezmar.cz\/index.php?rest_route=\/wp\/v2\/posts\/2480\/revisions"}],"predecessor-version":[{"id":2481,"href":"https:\/\/vkjc.bknezmar.cz\/index.php?rest_route=\/wp\/v2\/posts\/2480\/revisions\/2481"}],"wp:featuredmedia":[{"embeddable":true,"href":"https:\/\/vkjc.bknezmar.cz\/index.php?rest_route=\/wp\/v2\/media\/2482"}],"wp:attachment":[{"href":"https:\/\/vkjc.bknezmar.cz\/index.php?rest_route=%2Fwp%2Fv2%2Fmedia&parent=2480"}],"wp:term":[{"taxonomy":"category","embeddable":true,"href":"https:\/\/vkjc.bknezmar.cz\/index.php?rest_route=%2Fwp%2Fv2%2Fcategories&post=2480"},{"taxonomy":"post_tag","embeddable":true,"href":"https:\/\/vkjc.bknezmar.cz\/index.php?rest_route=%2Fwp%2Fv2%2Ftags&post=2480"}],"curies":[{"name":"wp","href":"https:\/\/api.w.org\/{rel}","templated":true}]}}