{"id":2400,"date":"2021-03-25T10:05:36","date_gmt":"2021-03-25T09:05:36","guid":{"rendered":"https:\/\/vkjc.bknezmar.cz\/?p=2400"},"modified":"2021-03-25T10:05:37","modified_gmt":"2021-03-25T09:05:37","slug":"cekate-na-start-vkjc","status":"publish","type":"post","link":"https:\/\/vkjc.bknezmar.cz\/?p=2400","title":{"rendered":"\u010cek\u00e1te na start VKJ\u010c?"},"content":{"rendered":"\n<p>V\u00a0sou\u010dasn\u00e9 dob\u011b osoby, a tedy i bajke\u0159i, nesm\u011bj\u00ed p\u0159i rekreaci p\u0159ekra\u010dovat hranice okresu. Toto opat\u0159en\u00ed bude ur\u010dit\u011b platn\u00e9 i na za\u010d\u00e1tku dubna.\u00a0 I p\u0159es to jsme se rozhodli, \u017ee ponech\u00e1me <strong>start VKJ\u010c 1.4.2021<\/strong>. Od za\u010d\u00e1tku dubna je tedy mo\u017en\u00e9 vyr\u00e1\u017eet na vrcholy VKJ\u010c. Samoz\u0159ejm\u011b za dodr\u017een\u00ed vl\u00e1dn\u00edch na\u0159\u00edzen\u00ed o omezen\u00ed pohybu. Nev\u00edme, jak dlouho budou omezen\u00ed pohybu platit, ale jezdit maxim\u00e1ln\u011b ve dvou, po okrese, dokonce bez nasazen\u00e9 rou\u0161ky je povoleno. Tak\u017ee pro\u010d sed\u011bt doma! Hlavn\u011b mysl\u00edme na kategorii OKOLO KOM\u00cdNA, jej\u00ed\u017e v\u0161echny vrcholy le\u017e\u00ed v\u00a0okrese \u010cesk\u00e9 Bud\u011bjovice. N\u00e1hoda tomu cht\u011bla, \u017ee je to tak. Bud\u011bj\u010d\u00e1ci maj\u00ed tedy \u0161t\u011bst\u00ed, kategorii OKOLO KOM\u00cdNA mohou obj\u00ed\u017ed\u011bt celou a nav\u00edc mohou nav\u0161t\u00edvit dva vrcholy kategorie V\u00ddKON. I bajke\u0159i z\u00a0ostatn\u00edch okres\u016f mohou vyrazit na vrcholy kategorie V\u00ddKON \u2013 nejl\u00e9pe jsou na tom bajke\u0159i z\u00a0okresu \u010cesk\u00fd Krumlov, kte\u0159\u00ed mohou nav\u0161t\u00edvit 8 vrchol\u016f. 5 vrchol\u016f mohou nav\u0161t\u00edvit bajke\u0159i z\u00a0okresu Jind\u0159ich\u016fv Hradec a tak\u00e9 z\u00a0okresu Prachatice. Na zbyl\u00e9 vrcholy, mimo sv\u016fj okres, si mus\u00ed v\u0161ichni po\u010dkat do doby, a\u017e za nimi budou sm\u011bt vycestovat. Bajke\u0159i z ostatn\u00edch okres\u016f maj\u00ed sm\u016flu \u00fapln\u011b. Ano, je to nespravedliv\u00e9, ale ve VKJ\u010c nejde v\u00a0prvn\u00ed \u0159ad\u011b o v\u00edt\u011bzstv\u00ed. A p\u0159i\u0161lo n\u00e1m \u0161koda v\u00a0dubnu sed\u011bt doma, nebo jen tak zb\u016fhdarma bloumat na kole po lese bez c\u00edle :). Bude u\u017e ur\u010dit\u011b kr\u00e1sn\u00e9 po\u010das\u00ed, tak si poj\u010fme ud\u011blat radost pohybem v\u00a0p\u0159\u00edrod\u011b!<\/p>\n\n\n\n<p>Pro ro\u010dn\u00edk 2021 jsme p\u0159ipravili jednu novinku. Fotky, dokl\u00e1daj\u00edc\u00ed zdol\u00e1n\u00ed vrchol\u016f, n\u00e1m m\u016f\u017eete pos\u00edlat pr\u016fb\u011b\u017en\u011b. Na webu VKJ\u010c bude um\u00edst\u011bna tabulka, kde budeme jednotliv\u00fdm bajker\u016fm zaznamen\u00e1vat pr\u016fb\u011b\u017en\u011b zdolan\u00e9 vrcholy. Bude zaj\u00edmav\u00e9 sledovat, jak si jednotliv\u00ed kandid\u00e1ti vedou. A t\u0159eba to i n\u011bkoho bude v\u00edc motivovat k&nbsp;dokon\u010den\u00ed cel\u00e9 VKJ\u010c.<\/p>\n\n\n\n<p>P\u0159ejeme hodn\u011b \u0161\u0165astn\u00fdch kilometr\u016f!<\/p>\n\n\n\n<p>Bajku zdar V.<\/p>\n","protected":false},"excerpt":{"rendered":"<p>V\u00a0sou\u010dasn\u00e9 dob\u011b osoby, a tedy i bajke\u0159i, nesm\u011bj\u00ed p\u0159i rekreaci p\u0159ekra\u010dovat hranice okresu. Toto opat\u0159en\u00ed bude ur\u010dit\u011b platn\u00e9 i na za\u010d\u00e1tku dubna.\u00a0 I p\u0159es to jsme se rozhodli, \u017ee ponech\u00e1me start VKJ\u010c 1.4.2021. Od za\u010d\u00e1tku dubna je tedy mo\u017en\u00e9 vyr\u00e1\u017eet na vrcholy VKJ\u010c. Samoz\u0159ejm\u011b za dodr\u017een\u00ed vl\u00e1dn\u00edch na\u0159\u00edzen\u00ed o omezen\u00ed pohybu. Nev\u00edme, jak dlouho budou&#8230;<\/p>\n","protected":false},"author":2,"featured_media":2401,"comment_status":"open","ping_status":"open","sticky":false,"template":"","format":"standard","meta":[],"categories":[15,13],"tags":[],"_links":{"self":[{"href":"https:\/\/vkjc.bknezmar.cz\/index.php?rest_route=\/wp\/v2\/posts\/2400"}],"collection":[{"href":"https:\/\/vkjc.bknezmar.cz\/index.php?rest_route=\/wp\/v2\/posts"}],"about":[{"href":"https:\/\/vkjc.bknezmar.cz\/index.php?rest_route=\/wp\/v2\/types\/post"}],"author":[{"embeddable":true,"href":"https:\/\/vkjc.bknezmar.cz\/index.php?rest_route=\/wp\/v2\/users\/2"}],"replies":[{"embeddable":true,"href":"https:\/\/vkjc.bknezmar.cz\/index.php?rest_route=%2Fwp%2Fv2%2Fcomments&post=2400"}],"version-history":[{"count":2,"href":"https:\/\/vkjc.bknezmar.cz\/index.php?rest_route=\/wp\/v2\/posts\/2400\/revisions"}],"predecessor-version":[{"id":2403,"href":"https:\/\/vkjc.bknezmar.cz\/index.php?rest_route=\/wp\/v2\/posts\/2400\/revisions\/2403"}],"wp:featuredmedia":[{"embeddable":true,"href":"https:\/\/vkjc.bknezmar.cz\/index.php?rest_route=\/wp\/v2\/media\/2401"}],"wp:attachment":[{"href":"https:\/\/vkjc.bknezmar.cz\/index.php?rest_route=%2Fwp%2Fv2%2Fmedia&parent=2400"}],"wp:term":[{"taxonomy":"category","embeddable":true,"href":"https:\/\/vkjc.bknezmar.cz\/index.php?rest_route=%2Fwp%2Fv2%2Fcategories&post=2400"},{"taxonomy":"post_tag","embeddable":true,"href":"https:\/\/vkjc.bknezmar.cz\/index.php?rest_route=%2Fwp%2Fv2%2Ftags&post=2400"}],"curies":[{"name":"wp","href":"https:\/\/api.w.org\/{rel}","templated":true}]}}