{"id":2266,"date":"2021-03-02T10:21:43","date_gmt":"2021-03-02T09:21:43","guid":{"rendered":"https:\/\/vkjc.bknezmar.cz\/?p=2266"},"modified":"2021-03-11T15:26:28","modified_gmt":"2021-03-11T14:26:28","slug":"nova-sezona-je-tady","status":"publish","type":"post","link":"https:\/\/vkjc.bknezmar.cz\/?p=2266","title":{"rendered":"Nov\u00fd ro\u010dn\u00edk VKJ\u010c je tady!"},"content":{"rendered":"\n<p>Ro\u010dn\u00edk 2020 je definitivn\u011b za n\u00e1mi. Na z\u00e1v\u011bre\u010dn\u00fd ve\u010d\u00edrek bohu\u017eel nedo\u0161lo, proto\u017ee n\u00e1m to COVID nedovolil. M\u00e1me v pl\u00e1nu vyhl\u00e1sit spole\u010dnou vyj\u00ed\u017e\u010fku. Moc r\u00e1di bysme se s v\u00e1mi potkali, projeli se OKOLO KOM\u00cdNA a n\u011bkde posed\u011bli. V l\u00e9t\u011b to v\u0161echno u\u017e snad bude mo\u017en\u00e9.<\/p>\n\n\n\n<p>Ro\u010dn\u00edk 2021 bude tradi\u010dn\u011b startovat 1. dubna &#8211; douf\u00e1me, \u017ee to tak bude, \u017ee bude mo\u017en\u00fd voln\u00fd pohyb po Jiho\u010desk\u00e9m kraji. Pokud ne, posuneme start na pozd\u011bj\u0161\u00ed term\u00edn, jako v ro\u010dn\u00edku 2020.<\/p>\n\n\n\n<p>Podrobnosti k nov\u00e9mu ro\u010dn\u00edku 2021 jsou na webu v z\u00e1lo\u017ece hlavn\u00edho menu.<\/p>\n\n\n\n<p>Od b\u0159ezna prob\u00edh\u00e1 na na\u0161em facebooku tipovac\u00ed sout\u011b\u017e \u201euh\u00e1dni vrchol\u201c. Zkus\u00edte svoje znalosti? Po uh\u00e1dnut\u00ed vrchol\u016f budou vrcholy zve\u0159ej\u0148ov\u00e1ny na webu. Prvn\u00ed vrchol byl uhodnut\u00fd rychlost\u00ed blesku, asi budeme muset n\u00e1pov\u011bdy zt\u00ed\u017eit :).<\/p>\n\n\n\n<p>Na l\u00e9to, konkr\u00e9tn\u011b na v\u00edkend 21. a 22. srpna je napl\u00e1nov\u00e1no setk\u00e1n\u00ed organiz\u00e1tor\u016f Vrcha\u0159sk\u00fdch korun. Loni se uskute\u010dnil premi\u00e9rov\u00fd ro\u010dn\u00edk ve Zl\u00edn\u011b, letos je to na n\u00e1s. N\u00e9, \u017ee bychom se cht\u011bli za ka\u017edou cenu zviditelnit, byli jsme vybr\u00e1ni losem :). &#8222;Delegace&#8220; organiz\u00e1tor\u016f jednotliv\u00fdch Vrcha\u0159sk\u00fdch korun p\u0159ijedou do \u010cB nejsp\u00ed\u0161 v p\u00e1tek, kdy se m\u016f\u017eeme, pokud bude z\u00e1jem, n\u011bkde p\u0159iv\u00edtat a spl\u00e1chnout prach z cesty &#8211; v\u0161ichni to k n\u00e1m maj\u00ed pom\u011brn\u011b daleko. Na sobotu napl\u00e1nujeme spole\u010dnou vyj\u00ed\u017e\u010fku po okol\u00ed, z\u0159ejm\u011b p\u0159ejezd Kleti, a\u0165 vid\u00ed, \u017ee i v Ji\u017en\u00edch \u010cech\u00e1m m\u00e1me kopce. Ve\u010der bude spole\u010dn\u00fd ve\u010d\u00edrek v n\u011bkter\u00e9 z bud\u011bjick\u00fdch hospod. Pokud bude s\u00edla a chu\u0165, tak na vyj\u00ed\u017e\u010fku vyraz\u00edme i v ned\u011bli. Budeme r\u00e1di, kdy\u017e se dobyvatel\u00e9 VKJ\u010c (samoz\u0159ejm\u011b i minul\u00fdch ro\u010dn\u00edk\u016f) p\u0159idaj\u00ed &#8211; v\u0161e bude velmi neform\u00e1ln\u00ed, p\u0159\u00e1telsk\u00e9 setk\u00e1n\u00ed bajker\u016f. <\/p>\n\n\n\n<p>D\u011bkujeme za z\u00e1jem o VKJ\u010c a t\u011b\u0161\u00edme se na siln\u00e9 z\u00e1\u017eitky v roce 2021!<\/p>\n\n\n\n<p>Bajku zdar V.<\/p>\n","protected":false},"excerpt":{"rendered":"<p>Ro\u010dn\u00edk 2020 je definitivn\u011b za n\u00e1mi. Na z\u00e1v\u011bre\u010dn\u00fd ve\u010d\u00edrek bohu\u017eel nedo\u0161lo, proto\u017ee n\u00e1m to COVID nedovolil. M\u00e1me v pl\u00e1nu vyhl\u00e1sit spole\u010dnou vyj\u00ed\u017e\u010fku. Moc r\u00e1di bysme se s v\u00e1mi potkali, projeli se OKOLO KOM\u00cdNA a n\u011bkde posed\u011bli. V l\u00e9t\u011b to v\u0161echno u\u017e snad bude mo\u017en\u00e9. Ro\u010dn\u00edk 2021 bude tradi\u010dn\u011b startovat 1. dubna &#8211; douf\u00e1me, \u017ee to&#8230;<\/p>\n","protected":false},"author":2,"featured_media":2273,"comment_status":"open","ping_status":"open","sticky":false,"template":"","format":"standard","meta":[],"categories":[15,13],"tags":[],"_links":{"self":[{"href":"https:\/\/vkjc.bknezmar.cz\/index.php?rest_route=\/wp\/v2\/posts\/2266"}],"collection":[{"href":"https:\/\/vkjc.bknezmar.cz\/index.php?rest_route=\/wp\/v2\/posts"}],"about":[{"href":"https:\/\/vkjc.bknezmar.cz\/index.php?rest_route=\/wp\/v2\/types\/post"}],"author":[{"embeddable":true,"href":"https:\/\/vkjc.bknezmar.cz\/index.php?rest_route=\/wp\/v2\/users\/2"}],"replies":[{"embeddable":true,"href":"https:\/\/vkjc.bknezmar.cz\/index.php?rest_route=%2Fwp%2Fv2%2Fcomments&post=2266"}],"version-history":[{"count":8,"href":"https:\/\/vkjc.bknezmar.cz\/index.php?rest_route=\/wp\/v2\/posts\/2266\/revisions"}],"predecessor-version":[{"id":2356,"href":"https:\/\/vkjc.bknezmar.cz\/index.php?rest_route=\/wp\/v2\/posts\/2266\/revisions\/2356"}],"wp:featuredmedia":[{"embeddable":true,"href":"https:\/\/vkjc.bknezmar.cz\/index.php?rest_route=\/wp\/v2\/media\/2273"}],"wp:attachment":[{"href":"https:\/\/vkjc.bknezmar.cz\/index.php?rest_route=%2Fwp%2Fv2%2Fmedia&parent=2266"}],"wp:term":[{"taxonomy":"category","embeddable":true,"href":"https:\/\/vkjc.bknezmar.cz\/index.php?rest_route=%2Fwp%2Fv2%2Fcategories&post=2266"},{"taxonomy":"post_tag","embeddable":true,"href":"https:\/\/vkjc.bknezmar.cz\/index.php?rest_route=%2Fwp%2Fv2%2Ftags&post=2266"}],"curies":[{"name":"wp","href":"https:\/\/api.w.org\/{rel}","templated":true}]}}