{"id":2226,"date":"2020-12-04T12:37:45","date_gmt":"2020-12-04T11:37:45","guid":{"rendered":"https:\/\/vkjc.bknezmar.cz\/?p=2226"},"modified":"2021-03-02T10:02:49","modified_gmt":"2021-03-02T09:02:49","slug":"letosni-rocnik-vkjc-je-za-nami","status":"publish","type":"post","link":"https:\/\/vkjc.bknezmar.cz\/?p=2226","title":{"rendered":"Leto\u0161n\u00ed ro\u010dn\u00edk VKJ\u010c je za n\u00e1mi!"},"content":{"rendered":"\n<p>Blahop\u0159ejeme v\u0161em bajker\u016fm, kter\u00fdm se poda\u0159ilo z\u00edskat Vrcha\u0159skou korunu Ji\u017en\u00edch \u010cech 2020! A za odvahu blahop\u0159ejeme i t\u011bm, kte\u0159\u00ed se do zdol\u00e1v\u00e1n\u00ed vrchol\u016f pustili, ale nepoda\u0159ilo se jim to dot\u00e1hnout. N\u011bkter\u00fdm zb\u00fdval i velmi mal\u00fd kr\u016f\u010dek. V\u0161em d\u011bkujeme za z\u00e1jem o VKJ\u010c a douf\u00e1me, \u017ee se v\u00e1m tato akce l\u00edb\u00ed a p\u0159inesla v\u00e1m mnoho, p\u0159ev\u00e1\u017en\u011b snad kr\u00e1sn\u00fdch, z\u00e1\u017eitk\u016f \ud83d\ude42 .<\/p>\n\n\n\n<p>Letos VKJ\u010c dokon\u010dilo celkem 24 bajker\u016f. P\u0159esn\u011b polovina z\u00a0nich u\u017e se v\u00a0minulosti VKJ\u010c z\u00fa\u010dastnila, polovina z\u00a0nich jsou nov\u00e1\u010dci. Ve v\u0161ech kategori\u00ed bylo zdol\u00e1no 719 vrchol\u016f!<\/p>\n\n\n\n<p>Poprv\u00e9 jsme pro leto\u0161n\u00ed ro\u010dn\u00edk vyhl\u00e1sili 3 kategorie. Hlavn\u00ed kategorii V\u00ddKON dokon\u010dilo 18&nbsp; bajker\u016f.<\/p>\n\n\n\n<p>Kategorii V\u00ddLET dokon\u010dilo 11 bajker\u016f \u2013 v\u0161ichni v\u0161ak spole\u010dn\u011b s&nbsp;kategori\u00ed V\u00ddKON, \u017e\u00e1dn\u00fd samostatn\u011b. Tak\u017ee jsme touto kategori\u00ed vlastn\u011b roz\u0161\u00ed\u0159ili kategorii V\u00ddKON o dal\u0161\u00edch 9 vrchol\u016f! Nebylo to tak my\u0161leno \ud83d\ude42 . Uvid\u00edme co s&nbsp;touto kategori\u00ed d\u00e1l. L\u00edbila se V\u00e1m? Chcete ji i p\u0159\u00ed\u0161t\u00ed rok?<\/p>\n\n\n\n<p>Kategorii OKOLO KOM\u00cdNA dokon\u010dilo 13 bajker\u016f. Z&nbsp;toho 6 bajker\u016f pouze tuto kategorii, tak se zd\u00e1, \u017ee je o n\u00ed z\u00e1jem a budeme se sna\u017eit ji v\u00edce propagovat. Mysl\u00edme si, \u017ee by se mohla l\u00edbit hlavn\u011b za\u010d\u00ednaj\u00edc\u00edm, nebo mlad\u00fdm \ud83d\ude42 , bajker\u016fm.<\/p>\n\n\n\n<p>V&nbsp;ro\u010dn\u00edku 2020 zb\u00fdv\u00e1 posledn\u00ed te\u010dka, tradi\u010dn\u00ed ve\u010d\u00edrek. Na ten dojde a\u017e v&nbsp;lednu-\u00fanoru 2021 (jestli PES dovol\u00ed). Douf\u00e1me, \u017ee se sejdeme v&nbsp;hojn\u00e9m po\u010dtu! Term\u00edn vyhl\u00e1s\u00edme po Nov\u00e9m roce.<\/p>\n\n\n\n<p>Je\u0161t\u011b jednou d\u011bkujeme za p\u0159\u00edze\u0148, kterou jste v\u011bnovali akci Vrcha\u0159sk\u00e1 koruna Ji\u017en\u00edch \u010cech. Budeme se na V\u00e1s t\u011b\u0161it v&nbsp;ro\u010dn\u00edku 2021.<\/p>\n\n\n\n<p>Bajku zdar!<\/p>\n","protected":false},"excerpt":{"rendered":"<p>Blahop\u0159ejeme v\u0161em bajker\u016fm, kter\u00fdm se poda\u0159ilo z\u00edskat Vrcha\u0159skou korunu Ji\u017en\u00edch \u010cech 2020! A za odvahu blahop\u0159ejeme i t\u011bm, kte\u0159\u00ed se do zdol\u00e1v\u00e1n\u00ed vrchol\u016f pustili, ale nepoda\u0159ilo se jim to dot\u00e1hnout. N\u011bkter\u00fdm zb\u00fdval i velmi mal\u00fd kr\u016f\u010dek. V\u0161em d\u011bkujeme za z\u00e1jem o VKJ\u010c a douf\u00e1me, \u017ee se v\u00e1m tato akce l\u00edb\u00ed a p\u0159inesla v\u00e1m mnoho, p\u0159ev\u00e1\u017en\u011b&#8230;<\/p>\n","protected":false},"author":2,"featured_media":2229,"comment_status":"open","ping_status":"open","sticky":false,"template":"","format":"standard","meta":[],"categories":[14,13],"tags":[],"_links":{"self":[{"href":"https:\/\/vkjc.bknezmar.cz\/index.php?rest_route=\/wp\/v2\/posts\/2226"}],"collection":[{"href":"https:\/\/vkjc.bknezmar.cz\/index.php?rest_route=\/wp\/v2\/posts"}],"about":[{"href":"https:\/\/vkjc.bknezmar.cz\/index.php?rest_route=\/wp\/v2\/types\/post"}],"author":[{"embeddable":true,"href":"https:\/\/vkjc.bknezmar.cz\/index.php?rest_route=\/wp\/v2\/users\/2"}],"replies":[{"embeddable":true,"href":"https:\/\/vkjc.bknezmar.cz\/index.php?rest_route=%2Fwp%2Fv2%2Fcomments&post=2226"}],"version-history":[{"count":8,"href":"https:\/\/vkjc.bknezmar.cz\/index.php?rest_route=\/wp\/v2\/posts\/2226\/revisions"}],"predecessor-version":[{"id":2264,"href":"https:\/\/vkjc.bknezmar.cz\/index.php?rest_route=\/wp\/v2\/posts\/2226\/revisions\/2264"}],"wp:featuredmedia":[{"embeddable":true,"href":"https:\/\/vkjc.bknezmar.cz\/index.php?rest_route=\/wp\/v2\/media\/2229"}],"wp:attachment":[{"href":"https:\/\/vkjc.bknezmar.cz\/index.php?rest_route=%2Fwp%2Fv2%2Fmedia&parent=2226"}],"wp:term":[{"taxonomy":"category","embeddable":true,"href":"https:\/\/vkjc.bknezmar.cz\/index.php?rest_route=%2Fwp%2Fv2%2Fcategories&post=2226"},{"taxonomy":"post_tag","embeddable":true,"href":"https:\/\/vkjc.bknezmar.cz\/index.php?rest_route=%2Fwp%2Fv2%2Ftags&post=2226"}],"curies":[{"name":"wp","href":"https:\/\/api.w.org\/{rel}","templated":true}]}}