{"id":2055,"date":"2020-10-16T21:36:47","date_gmt":"2020-10-16T19:36:47","guid":{"rendered":"https:\/\/vkjc.bknezmar.cz\/?p=2055"},"modified":"2020-10-16T21:49:49","modified_gmt":"2020-10-16T19:49:49","slug":"dalsim-dobyvatelem-vkjc-je-bohumil-kovarna","status":"publish","type":"post","link":"https:\/\/vkjc.bknezmar.cz\/?p=2055","title":{"rendered":"Dal\u0161\u00edm dobyvatelem VKJ\u010c je Bohumil Kov\u00e1rna"},"content":{"rendered":"\n<p>\u0160est\u00e1 \u00fa\u010dast bez jedin\u00e9ho zav\u00e1h\u00e1n\u00ed, to je z\u00e1pis Bohumila do historie Vrcha\u0159sk\u00e9 koruny Ji\u017en\u00edch \u010cech. V leto\u0161n\u00edm ro\u010dn\u00edku se z\u00fa\u010dastnil v\u0161ech t\u0159\u00ed vypsan\u00fdch kategori\u00ed a o sv\u00e9m dob\u00fdv\u00e1n\u00ed n\u00e1m napsal:<\/p>\n\n\n\n<p><em>Zdrav\u00edm V\u00e1s, a zas\u00edl\u00e1m zpr\u00e1vu o pln\u011bn\u00ed leto\u0161n\u00ed Vrcha\u0159sk\u00e9 koruny ji\u017en\u00edch \u010cech.<\/em><\/p>\n\n\n\n<p><em>Leto\u0161n\u00ed sezona pat\u0159ila z m\u00e9ho pohledu k t\u011bm problemati\u010dt\u011bj\u0161\u00edm. Probl\u00e9my s kolenem m\u011b na v\u00edce jak 2 m\u011bs\u00edce zcela vy\u0159adili z provozu a ani po t\u00e9 to nebyla \u017e\u00e1dn\u00e1 hitpar\u00e1da. Nejd\u0159\u00edve jsem v r\u00e1mci rehabilitace za\u010dal obj\u00ed\u017ed\u011bt po rovink\u00e1ch m\u00edsta v kategorii \u00b4\u00b4Okolo kom\u00edna\u00b4\u00b4.&nbsp; Na n\u011bjak\u00e9 del\u0161\u00ed vyj\u00ed\u017edky to zpo\u010d\u00e1tku v\u016fbec nevypadalo. Ale kdy\u017e jsem si z Hola\u0161ovic odsko\u010dil na Vysokou B\u011btu bylo jasn\u00e9 , \u017ee se pust\u00edm i do hlavn\u00ed kategorie.<\/em><\/p>\n\n\n\n<p><em>\u010casem jsem se dostal do stavu , \u017ee na kole koleno jak\u017e tak\u017e fungovalo ,&nbsp; na rozd\u00edl od pochodov\u00e1n\u00ed, a tak se mi pomalu postupn\u011b v p\u016flce z\u00e1\u0159\u00ed poda\u0159ilo dokon\u010dit celou vrcha\u0159skou korunu. Najet\u00fdch 1330km p\u0159i 15,5km p\u0159ev\u00fd\u0161en\u00ed nebylo vzhledem k pr\u016fb\u011bhu sezony v\u016fbec \u0161patn\u00e9. N\u011bkter\u00e9 v\u00fdlety byly opravdu v\u00fd\u017eivn\u00e9. Nap\u0159. \u0160pi\u010d\u00e1k . V&nbsp;n\u011bkolika posledn\u00edch letech jsem jel n\u011bkolikr\u00e1t okolo a kone\u010dn\u011b jsem se pod\u00edval a\u017e nahoru , d\u0159\u00edv ne\u017e tam vyzna\u010d\u00ed turistick\u00e9 zna\u010dky a postav\u00ed rozhlednu. A nebo \u017didova strouha. Rozhodl jsem se , \u017ee si ji projedu p\u011bkn\u011b celou , bylo p\u0159ece 3 dny po de\u0161t\u00edch. A\u017e na m\u00edst\u011b jsem poznal , \u017ee ke kolu jsem si m\u011bl p\u0159ibalit n\u011bjakou men\u0161\u00ed prami\u010dku , \u010di aspo\u0144 kajak skl\u00e1dac\u00ed.<\/em><\/p>\n\n\n\n<p><em>Po dokon\u010den\u00ed vrcha\u0159sk\u00e9 koruny se probudil i n\u00e1\u0161 zdravotn\u00ed syst\u00e9m . T.\u010d. se zotavuji po artroskopii kolena , tzn. \u017ee ji\u017e sp\u0159\u00e1d\u00e1m pl\u00e1ny &nbsp;&nbsp;na p\u0159\u00ed\u0161t\u00ed sezonu.<\/em><\/p>\n\n\n\n<p><em>D\u011bkuji za uspo\u0159\u00e1d\u00e1n\u00ed akce a t\u011b\u0161\u00edm se na p\u0159\u00ed\u0161t\u00ed ro\u010dn\u00edk.<\/em><\/p>\n\n\n\n<p><em>S pozdravem<\/em><\/p>\n\n\n\n<p><em>Bohumil Kov\u00e1rna<\/em><\/p>\n\n\n\n<figure class=\"wp-block-gallery columns-3 is-cropped\"><ul class=\"blocks-gallery-grid\"><li class=\"blocks-gallery-item\"><figure><img loading=\"lazy\" width=\"798\" height=\"600\" src=\"https:\/\/vkjc.bknezmar.cz\/wp-content\/uploads\/2020\/10\/Cirhan-13062020.jpg\" alt=\"\" data-id=\"2059\" data-full-url=\"https:\/\/vkjc.bknezmar.cz\/wp-content\/uploads\/2020\/10\/Cirhan-13062020.jpg\" data-link=\"https:\/\/vkjc.bknezmar.cz\/?attachment_id=2059\" class=\"wp-image-2059\" srcset=\"https:\/\/vkjc.bknezmar.cz\/wp-content\/uploads\/2020\/10\/Cirhan-13062020.jpg 798w, https:\/\/vkjc.bknezmar.cz\/wp-content\/uploads\/2020\/10\/Cirhan-13062020-300x226.jpg 300w, https:\/\/vkjc.bknezmar.cz\/wp-content\/uploads\/2020\/10\/Cirhan-13062020-768x577.jpg 768w, https:\/\/vkjc.bknezmar.cz\/wp-content\/uploads\/2020\/10\/Cirhan-13062020-150x113.jpg 150w, https:\/\/vkjc.bknezmar.cz\/wp-content\/uploads\/2020\/10\/Cirhan-13062020-400x300.jpg 400w\" sizes=\"(max-width: 798px) 100vw, 798px\" \/><\/figure><\/li><li class=\"blocks-gallery-item\"><figure><img loading=\"lazy\" width=\"798\" height=\"600\" src=\"https:\/\/vkjc.bknezmar.cz\/wp-content\/uploads\/2020\/10\/Divci-Kamen-19062020.jpg\" alt=\"\" data-id=\"2060\" data-full-url=\"https:\/\/vkjc.bknezmar.cz\/wp-content\/uploads\/2020\/10\/Divci-Kamen-19062020.jpg\" data-link=\"https:\/\/vkjc.bknezmar.cz\/?attachment_id=2060\" class=\"wp-image-2060\" srcset=\"https:\/\/vkjc.bknezmar.cz\/wp-content\/uploads\/2020\/10\/Divci-Kamen-19062020.jpg 798w, https:\/\/vkjc.bknezmar.cz\/wp-content\/uploads\/2020\/10\/Divci-Kamen-19062020-300x226.jpg 300w, https:\/\/vkjc.bknezmar.cz\/wp-content\/uploads\/2020\/10\/Divci-Kamen-19062020-768x577.jpg 768w, https:\/\/vkjc.bknezmar.cz\/wp-content\/uploads\/2020\/10\/Divci-Kamen-19062020-150x113.jpg 150w, https:\/\/vkjc.bknezmar.cz\/wp-content\/uploads\/2020\/10\/Divci-Kamen-19062020-400x300.jpg 400w\" sizes=\"(max-width: 798px) 100vw, 798px\" \/><\/figure><\/li><li class=\"blocks-gallery-item\"><figure><img loading=\"lazy\" width=\"798\" height=\"600\" src=\"https:\/\/vkjc.bknezmar.cz\/wp-content\/uploads\/2020\/10\/Dubicak-02062020.jpg\" alt=\"\" data-id=\"2061\" data-full-url=\"https:\/\/vkjc.bknezmar.cz\/wp-content\/uploads\/2020\/10\/Dubicak-02062020.jpg\" data-link=\"https:\/\/vkjc.bknezmar.cz\/?attachment_id=2061\" class=\"wp-image-2061\" srcset=\"https:\/\/vkjc.bknezmar.cz\/wp-content\/uploads\/2020\/10\/Dubicak-02062020.jpg 798w, https:\/\/vkjc.bknezmar.cz\/wp-content\/uploads\/2020\/10\/Dubicak-02062020-300x226.jpg 300w, https:\/\/vkjc.bknezmar.cz\/wp-content\/uploads\/2020\/10\/Dubicak-02062020-768x577.jpg 768w, https:\/\/vkjc.bknezmar.cz\/wp-content\/uploads\/2020\/10\/Dubicak-02062020-150x113.jpg 150w, https:\/\/vkjc.bknezmar.cz\/wp-content\/uploads\/2020\/10\/Dubicak-02062020-400x300.jpg 400w\" sizes=\"(max-width: 798px) 100vw, 798px\" \/><\/figure><\/li><li class=\"blocks-gallery-item\"><figure><img loading=\"lazy\" width=\"798\" height=\"600\" src=\"https:\/\/vkjc.bknezmar.cz\/wp-content\/uploads\/2020\/10\/Dunajovicka-hora-11062020.jpg\" alt=\"\" data-id=\"2062\" data-full-url=\"https:\/\/vkjc.bknezmar.cz\/wp-content\/uploads\/2020\/10\/Dunajovicka-hora-11062020.jpg\" data-link=\"https:\/\/vkjc.bknezmar.cz\/?attachment_id=2062\" class=\"wp-image-2062\" srcset=\"https:\/\/vkjc.bknezmar.cz\/wp-content\/uploads\/2020\/10\/Dunajovicka-hora-11062020.jpg 798w, https:\/\/vkjc.bknezmar.cz\/wp-content\/uploads\/2020\/10\/Dunajovicka-hora-11062020-300x226.jpg 300w, https:\/\/vkjc.bknezmar.cz\/wp-content\/uploads\/2020\/10\/Dunajovicka-hora-11062020-768x577.jpg 768w, https:\/\/vkjc.bknezmar.cz\/wp-content\/uploads\/2020\/10\/Dunajovicka-hora-11062020-150x113.jpg 150w, https:\/\/vkjc.bknezmar.cz\/wp-content\/uploads\/2020\/10\/Dunajovicka-hora-11062020-400x300.jpg 400w\" sizes=\"(max-width: 798px) 100vw, 798px\" \/><\/figure><\/li><li class=\"blocks-gallery-item\"><figure><img loading=\"lazy\" width=\"798\" height=\"600\" src=\"https:\/\/vkjc.bknezmar.cz\/wp-content\/uploads\/2020\/10\/Holasovice-07062020.jpg\" alt=\"\" data-id=\"2063\" data-full-url=\"https:\/\/vkjc.bknezmar.cz\/wp-content\/uploads\/2020\/10\/Holasovice-07062020.jpg\" data-link=\"https:\/\/vkjc.bknezmar.cz\/?attachment_id=2063\" class=\"wp-image-2063\" srcset=\"https:\/\/vkjc.bknezmar.cz\/wp-content\/uploads\/2020\/10\/Holasovice-07062020.jpg 798w, https:\/\/vkjc.bknezmar.cz\/wp-content\/uploads\/2020\/10\/Holasovice-07062020-300x226.jpg 300w, https:\/\/vkjc.bknezmar.cz\/wp-content\/uploads\/2020\/10\/Holasovice-07062020-768x577.jpg 768w, https:\/\/vkjc.bknezmar.cz\/wp-content\/uploads\/2020\/10\/Holasovice-07062020-150x113.jpg 150w, https:\/\/vkjc.bknezmar.cz\/wp-content\/uploads\/2020\/10\/Holasovice-07062020-400x300.jpg 400w\" sizes=\"(max-width: 798px) 100vw, 798px\" \/><\/figure><\/li><li class=\"blocks-gallery-item\"><figure><img loading=\"lazy\" width=\"798\" height=\"600\" src=\"https:\/\/vkjc.bknezmar.cz\/wp-content\/uploads\/2020\/10\/Hurecky-kopec-02062020.jpg\" alt=\"\" data-id=\"2064\" data-full-url=\"https:\/\/vkjc.bknezmar.cz\/wp-content\/uploads\/2020\/10\/Hurecky-kopec-02062020.jpg\" data-link=\"https:\/\/vkjc.bknezmar.cz\/?attachment_id=2064\" class=\"wp-image-2064\" srcset=\"https:\/\/vkjc.bknezmar.cz\/wp-content\/uploads\/2020\/10\/Hurecky-kopec-02062020.jpg 798w, https:\/\/vkjc.bknezmar.cz\/wp-content\/uploads\/2020\/10\/Hurecky-kopec-02062020-300x226.jpg 300w, https:\/\/vkjc.bknezmar.cz\/wp-content\/uploads\/2020\/10\/Hurecky-kopec-02062020-768x577.jpg 768w, https:\/\/vkjc.bknezmar.cz\/wp-content\/uploads\/2020\/10\/Hurecky-kopec-02062020-150x113.jpg 150w, https:\/\/vkjc.bknezmar.cz\/wp-content\/uploads\/2020\/10\/Hurecky-kopec-02062020-400x300.jpg 400w\" sizes=\"(max-width: 798px) 100vw, 798px\" \/><\/figure><\/li><li class=\"blocks-gallery-item\"><figure><img loading=\"lazy\" width=\"798\" height=\"600\" src=\"https:\/\/vkjc.bknezmar.cz\/wp-content\/uploads\/2020\/10\/Jelenni-hrbet-12092020.jpg\" alt=\"\" data-id=\"2065\" data-full-url=\"https:\/\/vkjc.bknezmar.cz\/wp-content\/uploads\/2020\/10\/Jelenni-hrbet-12092020.jpg\" data-link=\"https:\/\/vkjc.bknezmar.cz\/?attachment_id=2065\" class=\"wp-image-2065\" srcset=\"https:\/\/vkjc.bknezmar.cz\/wp-content\/uploads\/2020\/10\/Jelenni-hrbet-12092020.jpg 798w, https:\/\/vkjc.bknezmar.cz\/wp-content\/uploads\/2020\/10\/Jelenni-hrbet-12092020-300x226.jpg 300w, https:\/\/vkjc.bknezmar.cz\/wp-content\/uploads\/2020\/10\/Jelenni-hrbet-12092020-768x577.jpg 768w, https:\/\/vkjc.bknezmar.cz\/wp-content\/uploads\/2020\/10\/Jelenni-hrbet-12092020-150x113.jpg 150w, https:\/\/vkjc.bknezmar.cz\/wp-content\/uploads\/2020\/10\/Jelenni-hrbet-12092020-400x300.jpg 400w\" sizes=\"(max-width: 798px) 100vw, 798px\" \/><\/figure><\/li><li class=\"blocks-gallery-item\"><figure><img loading=\"lazy\" width=\"798\" height=\"600\" src=\"https:\/\/vkjc.bknezmar.cz\/wp-content\/uploads\/2020\/10\/Jezerni-vyhlidka-25072020.jpg\" alt=\"\" data-id=\"2066\" data-full-url=\"https:\/\/vkjc.bknezmar.cz\/wp-content\/uploads\/2020\/10\/Jezerni-vyhlidka-25072020.jpg\" data-link=\"https:\/\/vkjc.bknezmar.cz\/?attachment_id=2066\" class=\"wp-image-2066\" srcset=\"https:\/\/vkjc.bknezmar.cz\/wp-content\/uploads\/2020\/10\/Jezerni-vyhlidka-25072020.jpg 798w, https:\/\/vkjc.bknezmar.cz\/wp-content\/uploads\/2020\/10\/Jezerni-vyhlidka-25072020-300x226.jpg 300w, https:\/\/vkjc.bknezmar.cz\/wp-content\/uploads\/2020\/10\/Jezerni-vyhlidka-25072020-768x577.jpg 768w, https:\/\/vkjc.bknezmar.cz\/wp-content\/uploads\/2020\/10\/Jezerni-vyhlidka-25072020-150x113.jpg 150w, https:\/\/vkjc.bknezmar.cz\/wp-content\/uploads\/2020\/10\/Jezerni-vyhlidka-25072020-400x300.jpg 400w\" sizes=\"(max-width: 798px) 100vw, 798px\" \/><\/figure><\/li><li class=\"blocks-gallery-item\"><figure><img loading=\"lazy\" width=\"450\" height=\"600\" src=\"https:\/\/vkjc.bknezmar.cz\/wp-content\/uploads\/2020\/10\/Kaple-Rozmital-01082020.jpg\" alt=\"\" data-id=\"2067\" data-full-url=\"https:\/\/vkjc.bknezmar.cz\/wp-content\/uploads\/2020\/10\/Kaple-Rozmital-01082020.jpg\" data-link=\"https:\/\/vkjc.bknezmar.cz\/?attachment_id=2067\" class=\"wp-image-2067\" srcset=\"https:\/\/vkjc.bknezmar.cz\/wp-content\/uploads\/2020\/10\/Kaple-Rozmital-01082020.jpg 450w, https:\/\/vkjc.bknezmar.cz\/wp-content\/uploads\/2020\/10\/Kaple-Rozmital-01082020-225x300.jpg 225w, https:\/\/vkjc.bknezmar.cz\/wp-content\/uploads\/2020\/10\/Kaple-Rozmital-01082020-113x150.jpg 113w\" sizes=\"(max-width: 450px) 100vw, 450px\" \/><\/figure><\/li><li class=\"blocks-gallery-item\"><figure><img loading=\"lazy\" width=\"798\" height=\"600\" src=\"https:\/\/vkjc.bknezmar.cz\/wp-content\/uploads\/2020\/10\/Karluv-Hradek-01062020.jpg\" alt=\"\" data-id=\"2068\" data-full-url=\"https:\/\/vkjc.bknezmar.cz\/wp-content\/uploads\/2020\/10\/Karluv-Hradek-01062020.jpg\" data-link=\"https:\/\/vkjc.bknezmar.cz\/?attachment_id=2068\" class=\"wp-image-2068\" srcset=\"https:\/\/vkjc.bknezmar.cz\/wp-content\/uploads\/2020\/10\/Karluv-Hradek-01062020.jpg 798w, https:\/\/vkjc.bknezmar.cz\/wp-content\/uploads\/2020\/10\/Karluv-Hradek-01062020-300x226.jpg 300w, https:\/\/vkjc.bknezmar.cz\/wp-content\/uploads\/2020\/10\/Karluv-Hradek-01062020-768x577.jpg 768w, https:\/\/vkjc.bknezmar.cz\/wp-content\/uploads\/2020\/10\/Karluv-Hradek-01062020-150x113.jpg 150w, https:\/\/vkjc.bknezmar.cz\/wp-content\/uploads\/2020\/10\/Karluv-Hradek-01062020-400x300.jpg 400w\" sizes=\"(max-width: 798px) 100vw, 798px\" \/><\/figure><\/li><li class=\"blocks-gallery-item\"><figure><img loading=\"lazy\" width=\"798\" height=\"600\" src=\"https:\/\/vkjc.bknezmar.cz\/wp-content\/uploads\/2020\/10\/Krizova-hora-01082020.jpg\" alt=\"\" data-id=\"2069\" data-full-url=\"https:\/\/vkjc.bknezmar.cz\/wp-content\/uploads\/2020\/10\/Krizova-hora-01082020.jpg\" data-link=\"https:\/\/vkjc.bknezmar.cz\/?attachment_id=2069\" class=\"wp-image-2069\" srcset=\"https:\/\/vkjc.bknezmar.cz\/wp-content\/uploads\/2020\/10\/Krizova-hora-01082020.jpg 798w, https:\/\/vkjc.bknezmar.cz\/wp-content\/uploads\/2020\/10\/Krizova-hora-01082020-300x226.jpg 300w, https:\/\/vkjc.bknezmar.cz\/wp-content\/uploads\/2020\/10\/Krizova-hora-01082020-768x577.jpg 768w, https:\/\/vkjc.bknezmar.cz\/wp-content\/uploads\/2020\/10\/Krizova-hora-01082020-150x113.jpg 150w, https:\/\/vkjc.bknezmar.cz\/wp-content\/uploads\/2020\/10\/Krizova-hora-01082020-400x300.jpg 400w\" sizes=\"(max-width: 798px) 100vw, 798px\" \/><\/figure><\/li><li class=\"blocks-gallery-item\"><figure><img loading=\"lazy\" width=\"798\" height=\"600\" src=\"https:\/\/vkjc.bknezmar.cz\/wp-content\/uploads\/2020\/10\/Kubatuv-pomnik.jpg\" alt=\"\" data-id=\"2070\" data-full-url=\"https:\/\/vkjc.bknezmar.cz\/wp-content\/uploads\/2020\/10\/Kubatuv-pomnik.jpg\" data-link=\"https:\/\/vkjc.bknezmar.cz\/?attachment_id=2070\" class=\"wp-image-2070\" srcset=\"https:\/\/vkjc.bknezmar.cz\/wp-content\/uploads\/2020\/10\/Kubatuv-pomnik.jpg 798w, https:\/\/vkjc.bknezmar.cz\/wp-content\/uploads\/2020\/10\/Kubatuv-pomnik-300x226.jpg 300w, https:\/\/vkjc.bknezmar.cz\/wp-content\/uploads\/2020\/10\/Kubatuv-pomnik-768x577.jpg 768w, https:\/\/vkjc.bknezmar.cz\/wp-content\/uploads\/2020\/10\/Kubatuv-pomnik-150x113.jpg 150w, https:\/\/vkjc.bknezmar.cz\/wp-content\/uploads\/2020\/10\/Kubatuv-pomnik-400x300.jpg 400w\" sizes=\"(max-width: 798px) 100vw, 798px\" \/><\/figure><\/li><li class=\"blocks-gallery-item\"><figure><img loading=\"lazy\" width=\"800\" height=\"600\" src=\"https:\/\/vkjc.bknezmar.cz\/wp-content\/uploads\/2020\/10\/Lutova-22062020.jpg\" alt=\"\" data-id=\"2071\" data-full-url=\"https:\/\/vkjc.bknezmar.cz\/wp-content\/uploads\/2020\/10\/Lutova-22062020.jpg\" data-link=\"https:\/\/vkjc.bknezmar.cz\/?attachment_id=2071\" class=\"wp-image-2071\" srcset=\"https:\/\/vkjc.bknezmar.cz\/wp-content\/uploads\/2020\/10\/Lutova-22062020.jpg 800w, https:\/\/vkjc.bknezmar.cz\/wp-content\/uploads\/2020\/10\/Lutova-22062020-300x225.jpg 300w, https:\/\/vkjc.bknezmar.cz\/wp-content\/uploads\/2020\/10\/Lutova-22062020-768x576.jpg 768w, https:\/\/vkjc.bknezmar.cz\/wp-content\/uploads\/2020\/10\/Lutova-22062020-150x113.jpg 150w, https:\/\/vkjc.bknezmar.cz\/wp-content\/uploads\/2020\/10\/Lutova-22062020-400x300.jpg 400w\" sizes=\"(max-width: 800px) 100vw, 800px\" \/><\/figure><\/li><li class=\"blocks-gallery-item\"><figure><img loading=\"lazy\" width=\"798\" height=\"600\" src=\"https:\/\/vkjc.bknezmar.cz\/wp-content\/uploads\/2020\/10\/Menhir-Mudrc-07082020.jpg\" alt=\"\" data-id=\"2072\" data-full-url=\"https:\/\/vkjc.bknezmar.cz\/wp-content\/uploads\/2020\/10\/Menhir-Mudrc-07082020.jpg\" data-link=\"https:\/\/vkjc.bknezmar.cz\/?attachment_id=2072\" class=\"wp-image-2072\" srcset=\"https:\/\/vkjc.bknezmar.cz\/wp-content\/uploads\/2020\/10\/Menhir-Mudrc-07082020.jpg 798w, https:\/\/vkjc.bknezmar.cz\/wp-content\/uploads\/2020\/10\/Menhir-Mudrc-07082020-300x226.jpg 300w, https:\/\/vkjc.bknezmar.cz\/wp-content\/uploads\/2020\/10\/Menhir-Mudrc-07082020-768x577.jpg 768w, https:\/\/vkjc.bknezmar.cz\/wp-content\/uploads\/2020\/10\/Menhir-Mudrc-07082020-150x113.jpg 150w, https:\/\/vkjc.bknezmar.cz\/wp-content\/uploads\/2020\/10\/Menhir-Mudrc-07082020-400x300.jpg 400w\" sizes=\"(max-width: 798px) 100vw, 798px\" \/><\/figure><\/li><li class=\"blocks-gallery-item\"><figure><img loading=\"lazy\" width=\"798\" height=\"600\" src=\"https:\/\/vkjc.bknezmar.cz\/wp-content\/uploads\/2020\/10\/Nejjiznejsi-bod-23082020.jpg\" alt=\"\" data-id=\"2073\" data-full-url=\"https:\/\/vkjc.bknezmar.cz\/wp-content\/uploads\/2020\/10\/Nejjiznejsi-bod-23082020.jpg\" data-link=\"https:\/\/vkjc.bknezmar.cz\/?attachment_id=2073\" class=\"wp-image-2073\" srcset=\"https:\/\/vkjc.bknezmar.cz\/wp-content\/uploads\/2020\/10\/Nejjiznejsi-bod-23082020.jpg 798w, https:\/\/vkjc.bknezmar.cz\/wp-content\/uploads\/2020\/10\/Nejjiznejsi-bod-23082020-300x226.jpg 300w, https:\/\/vkjc.bknezmar.cz\/wp-content\/uploads\/2020\/10\/Nejjiznejsi-bod-23082020-768x577.jpg 768w, https:\/\/vkjc.bknezmar.cz\/wp-content\/uploads\/2020\/10\/Nejjiznejsi-bod-23082020-150x113.jpg 150w, https:\/\/vkjc.bknezmar.cz\/wp-content\/uploads\/2020\/10\/Nejjiznejsi-bod-23082020-400x300.jpg 400w\" sizes=\"(max-width: 798px) 100vw, 798px\" \/><\/figure><\/li><li class=\"blocks-gallery-item\"><figure><img loading=\"lazy\" width=\"798\" height=\"600\" src=\"https:\/\/vkjc.bknezmar.cz\/wp-content\/uploads\/2020\/10\/Obri-hrad-07082020.jpg\" alt=\"\" data-id=\"2074\" data-full-url=\"https:\/\/vkjc.bknezmar.cz\/wp-content\/uploads\/2020\/10\/Obri-hrad-07082020.jpg\" data-link=\"https:\/\/vkjc.bknezmar.cz\/?attachment_id=2074\" class=\"wp-image-2074\" srcset=\"https:\/\/vkjc.bknezmar.cz\/wp-content\/uploads\/2020\/10\/Obri-hrad-07082020.jpg 798w, https:\/\/vkjc.bknezmar.cz\/wp-content\/uploads\/2020\/10\/Obri-hrad-07082020-300x226.jpg 300w, https:\/\/vkjc.bknezmar.cz\/wp-content\/uploads\/2020\/10\/Obri-hrad-07082020-768x577.jpg 768w, https:\/\/vkjc.bknezmar.cz\/wp-content\/uploads\/2020\/10\/Obri-hrad-07082020-150x113.jpg 150w, https:\/\/vkjc.bknezmar.cz\/wp-content\/uploads\/2020\/10\/Obri-hrad-07082020-400x300.jpg 400w\" sizes=\"(max-width: 798px) 100vw, 798px\" \/><\/figure><\/li><li class=\"blocks-gallery-item\"><figure><img loading=\"lazy\" width=\"450\" height=\"600\" src=\"https:\/\/vkjc.bknezmar.cz\/wp-content\/uploads\/2020\/10\/Pamatnik-Jana-Zizky-z-Trocnova-04062020.jpg\" alt=\"\" data-id=\"2076\" data-full-url=\"https:\/\/vkjc.bknezmar.cz\/wp-content\/uploads\/2020\/10\/Pamatnik-Jana-Zizky-z-Trocnova-04062020.jpg\" data-link=\"https:\/\/vkjc.bknezmar.cz\/?attachment_id=2076\" class=\"wp-image-2076\" srcset=\"https:\/\/vkjc.bknezmar.cz\/wp-content\/uploads\/2020\/10\/Pamatnik-Jana-Zizky-z-Trocnova-04062020.jpg 450w, https:\/\/vkjc.bknezmar.cz\/wp-content\/uploads\/2020\/10\/Pamatnik-Jana-Zizky-z-Trocnova-04062020-225x300.jpg 225w, https:\/\/vkjc.bknezmar.cz\/wp-content\/uploads\/2020\/10\/Pamatnik-Jana-Zizky-z-Trocnova-04062020-113x150.jpg 113w\" sizes=\"(max-width: 450px) 100vw, 450px\" \/><\/figure><\/li><li class=\"blocks-gallery-item\"><figure><img loading=\"lazy\" width=\"798\" height=\"600\" src=\"https:\/\/vkjc.bknezmar.cz\/wp-content\/uploads\/2020\/10\/Pacova-hora-16082020.jpg\" alt=\"\" data-id=\"2075\" data-full-url=\"https:\/\/vkjc.bknezmar.cz\/wp-content\/uploads\/2020\/10\/Pacova-hora-16082020.jpg\" data-link=\"https:\/\/vkjc.bknezmar.cz\/?attachment_id=2075\" class=\"wp-image-2075\" srcset=\"https:\/\/vkjc.bknezmar.cz\/wp-content\/uploads\/2020\/10\/Pacova-hora-16082020.jpg 798w, https:\/\/vkjc.bknezmar.cz\/wp-content\/uploads\/2020\/10\/Pacova-hora-16082020-300x226.jpg 300w, https:\/\/vkjc.bknezmar.cz\/wp-content\/uploads\/2020\/10\/Pacova-hora-16082020-768x577.jpg 768w, https:\/\/vkjc.bknezmar.cz\/wp-content\/uploads\/2020\/10\/Pacova-hora-16082020-150x113.jpg 150w, https:\/\/vkjc.bknezmar.cz\/wp-content\/uploads\/2020\/10\/Pacova-hora-16082020-400x300.jpg 400w\" sizes=\"(max-width: 798px) 100vw, 798px\" \/><\/figure><\/li><li class=\"blocks-gallery-item\"><figure><img loading=\"lazy\" width=\"798\" height=\"600\" src=\"https:\/\/vkjc.bknezmar.cz\/wp-content\/uploads\/2020\/10\/pivovar-Horni-Chrastany-07062020.jpg\" alt=\"\" data-id=\"2077\" data-full-url=\"https:\/\/vkjc.bknezmar.cz\/wp-content\/uploads\/2020\/10\/pivovar-Horni-Chrastany-07062020.jpg\" data-link=\"https:\/\/vkjc.bknezmar.cz\/?attachment_id=2077\" class=\"wp-image-2077\" srcset=\"https:\/\/vkjc.bknezmar.cz\/wp-content\/uploads\/2020\/10\/pivovar-Horni-Chrastany-07062020.jpg 798w, https:\/\/vkjc.bknezmar.cz\/wp-content\/uploads\/2020\/10\/pivovar-Horni-Chrastany-07062020-300x226.jpg 300w, https:\/\/vkjc.bknezmar.cz\/wp-content\/uploads\/2020\/10\/pivovar-Horni-Chrastany-07062020-768x577.jpg 768w, https:\/\/vkjc.bknezmar.cz\/wp-content\/uploads\/2020\/10\/pivovar-Horni-Chrastany-07062020-150x113.jpg 150w, https:\/\/vkjc.bknezmar.cz\/wp-content\/uploads\/2020\/10\/pivovar-Horni-Chrastany-07062020-400x300.jpg 400w\" sizes=\"(max-width: 798px) 100vw, 798px\" \/><\/figure><\/li><li class=\"blocks-gallery-item\"><figure><img loading=\"lazy\" width=\"798\" height=\"600\" src=\"https:\/\/vkjc.bknezmar.cz\/wp-content\/uploads\/2020\/10\/Plastovice.jpg\" alt=\"\" data-id=\"2078\" data-full-url=\"https:\/\/vkjc.bknezmar.cz\/wp-content\/uploads\/2020\/10\/Plastovice.jpg\" data-link=\"https:\/\/vkjc.bknezmar.cz\/?attachment_id=2078\" class=\"wp-image-2078\" srcset=\"https:\/\/vkjc.bknezmar.cz\/wp-content\/uploads\/2020\/10\/Plastovice.jpg 798w, https:\/\/vkjc.bknezmar.cz\/wp-content\/uploads\/2020\/10\/Plastovice-300x226.jpg 300w, https:\/\/vkjc.bknezmar.cz\/wp-content\/uploads\/2020\/10\/Plastovice-768x577.jpg 768w, https:\/\/vkjc.bknezmar.cz\/wp-content\/uploads\/2020\/10\/Plastovice-150x113.jpg 150w, https:\/\/vkjc.bknezmar.cz\/wp-content\/uploads\/2020\/10\/Plastovice-400x300.jpg 400w\" sizes=\"(max-width: 798px) 100vw, 798px\" \/><\/figure><\/li><li class=\"blocks-gallery-item\"><figure><img loading=\"lazy\" width=\"798\" height=\"600\" src=\"https:\/\/vkjc.bknezmar.cz\/wp-content\/uploads\/2020\/10\/Plesovice-19062020.jpg\" alt=\"\" data-id=\"2079\" data-full-url=\"https:\/\/vkjc.bknezmar.cz\/wp-content\/uploads\/2020\/10\/Plesovice-19062020.jpg\" data-link=\"https:\/\/vkjc.bknezmar.cz\/?attachment_id=2079\" class=\"wp-image-2079\" srcset=\"https:\/\/vkjc.bknezmar.cz\/wp-content\/uploads\/2020\/10\/Plesovice-19062020.jpg 798w, https:\/\/vkjc.bknezmar.cz\/wp-content\/uploads\/2020\/10\/Plesovice-19062020-300x226.jpg 300w, https:\/\/vkjc.bknezmar.cz\/wp-content\/uploads\/2020\/10\/Plesovice-19062020-768x577.jpg 768w, https:\/\/vkjc.bknezmar.cz\/wp-content\/uploads\/2020\/10\/Plesovice-19062020-150x113.jpg 150w, https:\/\/vkjc.bknezmar.cz\/wp-content\/uploads\/2020\/10\/Plesovice-19062020-400x300.jpg 400w\" sizes=\"(max-width: 798px) 100vw, 798px\" \/><\/figure><\/li><li class=\"blocks-gallery-item\"><figure><img loading=\"lazy\" width=\"798\" height=\"600\" src=\"https:\/\/vkjc.bknezmar.cz\/wp-content\/uploads\/2020\/10\/Popelna-07082020.jpg\" alt=\"\" data-id=\"2080\" data-full-url=\"https:\/\/vkjc.bknezmar.cz\/wp-content\/uploads\/2020\/10\/Popelna-07082020.jpg\" data-link=\"https:\/\/vkjc.bknezmar.cz\/?attachment_id=2080\" class=\"wp-image-2080\" srcset=\"https:\/\/vkjc.bknezmar.cz\/wp-content\/uploads\/2020\/10\/Popelna-07082020.jpg 798w, https:\/\/vkjc.bknezmar.cz\/wp-content\/uploads\/2020\/10\/Popelna-07082020-300x226.jpg 300w, https:\/\/vkjc.bknezmar.cz\/wp-content\/uploads\/2020\/10\/Popelna-07082020-768x577.jpg 768w, https:\/\/vkjc.bknezmar.cz\/wp-content\/uploads\/2020\/10\/Popelna-07082020-150x113.jpg 150w, https:\/\/vkjc.bknezmar.cz\/wp-content\/uploads\/2020\/10\/Popelna-07082020-400x300.jpg 400w\" sizes=\"(max-width: 798px) 100vw, 798px\" \/><\/figure><\/li><li class=\"blocks-gallery-item\"><figure><img loading=\"lazy\" width=\"450\" height=\"600\" src=\"https:\/\/vkjc.bknezmar.cz\/wp-content\/uploads\/2020\/10\/Pramen-Vltavy-05092020.jpg\" alt=\"\" data-id=\"2081\" data-full-url=\"https:\/\/vkjc.bknezmar.cz\/wp-content\/uploads\/2020\/10\/Pramen-Vltavy-05092020.jpg\" data-link=\"https:\/\/vkjc.bknezmar.cz\/?attachment_id=2081\" class=\"wp-image-2081\" srcset=\"https:\/\/vkjc.bknezmar.cz\/wp-content\/uploads\/2020\/10\/Pramen-Vltavy-05092020.jpg 450w, https:\/\/vkjc.bknezmar.cz\/wp-content\/uploads\/2020\/10\/Pramen-Vltavy-05092020-225x300.jpg 225w, https:\/\/vkjc.bknezmar.cz\/wp-content\/uploads\/2020\/10\/Pramen-Vltavy-05092020-113x150.jpg 113w\" sizes=\"(max-width: 450px) 100vw, 450px\" \/><\/figure><\/li><li class=\"blocks-gallery-item\"><figure><img loading=\"lazy\" width=\"798\" height=\"600\" src=\"https:\/\/vkjc.bknezmar.cz\/wp-content\/uploads\/2020\/10\/Prusecik-poledniku-a-rovnobezky-13092020.jpg\" alt=\"\" data-id=\"2082\" data-full-url=\"https:\/\/vkjc.bknezmar.cz\/wp-content\/uploads\/2020\/10\/Prusecik-poledniku-a-rovnobezky-13092020.jpg\" data-link=\"https:\/\/vkjc.bknezmar.cz\/?attachment_id=2082\" class=\"wp-image-2082\" srcset=\"https:\/\/vkjc.bknezmar.cz\/wp-content\/uploads\/2020\/10\/Prusecik-poledniku-a-rovnobezky-13092020.jpg 798w, https:\/\/vkjc.bknezmar.cz\/wp-content\/uploads\/2020\/10\/Prusecik-poledniku-a-rovnobezky-13092020-300x226.jpg 300w, https:\/\/vkjc.bknezmar.cz\/wp-content\/uploads\/2020\/10\/Prusecik-poledniku-a-rovnobezky-13092020-768x577.jpg 768w, https:\/\/vkjc.bknezmar.cz\/wp-content\/uploads\/2020\/10\/Prusecik-poledniku-a-rovnobezky-13092020-150x113.jpg 150w, https:\/\/vkjc.bknezmar.cz\/wp-content\/uploads\/2020\/10\/Prusecik-poledniku-a-rovnobezky-13092020-400x300.jpg 400w\" sizes=\"(max-width: 798px) 100vw, 798px\" \/><\/figure><\/li><li class=\"blocks-gallery-item\"><figure><img loading=\"lazy\" width=\"798\" height=\"600\" src=\"https:\/\/vkjc.bknezmar.cz\/wp-content\/uploads\/2020\/10\/Pulmon-02062020.jpg\" alt=\"\" data-id=\"2083\" data-full-url=\"https:\/\/vkjc.bknezmar.cz\/wp-content\/uploads\/2020\/10\/Pulmon-02062020.jpg\" data-link=\"https:\/\/vkjc.bknezmar.cz\/?attachment_id=2083\" class=\"wp-image-2083\" srcset=\"https:\/\/vkjc.bknezmar.cz\/wp-content\/uploads\/2020\/10\/Pulmon-02062020.jpg 798w, https:\/\/vkjc.bknezmar.cz\/wp-content\/uploads\/2020\/10\/Pulmon-02062020-300x226.jpg 300w, https:\/\/vkjc.bknezmar.cz\/wp-content\/uploads\/2020\/10\/Pulmon-02062020-768x577.jpg 768w, https:\/\/vkjc.bknezmar.cz\/wp-content\/uploads\/2020\/10\/Pulmon-02062020-150x113.jpg 150w, https:\/\/vkjc.bknezmar.cz\/wp-content\/uploads\/2020\/10\/Pulmon-02062020-400x300.jpg 400w\" sizes=\"(max-width: 798px) 100vw, 798px\" \/><\/figure><\/li><li class=\"blocks-gallery-item\"><figure><img loading=\"lazy\" width=\"798\" height=\"600\" src=\"https:\/\/vkjc.bknezmar.cz\/wp-content\/uploads\/2020\/10\/pumptrack-Hluboka-30052020.jpg\" alt=\"\" data-id=\"2084\" data-full-url=\"https:\/\/vkjc.bknezmar.cz\/wp-content\/uploads\/2020\/10\/pumptrack-Hluboka-30052020.jpg\" data-link=\"https:\/\/vkjc.bknezmar.cz\/?attachment_id=2084\" class=\"wp-image-2084\" srcset=\"https:\/\/vkjc.bknezmar.cz\/wp-content\/uploads\/2020\/10\/pumptrack-Hluboka-30052020.jpg 798w, https:\/\/vkjc.bknezmar.cz\/wp-content\/uploads\/2020\/10\/pumptrack-Hluboka-30052020-300x226.jpg 300w, https:\/\/vkjc.bknezmar.cz\/wp-content\/uploads\/2020\/10\/pumptrack-Hluboka-30052020-768x577.jpg 768w, https:\/\/vkjc.bknezmar.cz\/wp-content\/uploads\/2020\/10\/pumptrack-Hluboka-30052020-150x113.jpg 150w, https:\/\/vkjc.bknezmar.cz\/wp-content\/uploads\/2020\/10\/pumptrack-Hluboka-30052020-400x300.jpg 400w\" sizes=\"(max-width: 798px) 100vw, 798px\" \/><\/figure><\/li><li class=\"blocks-gallery-item\"><figure><img loading=\"lazy\" width=\"798\" height=\"600\" src=\"https:\/\/vkjc.bknezmar.cz\/wp-content\/uploads\/2020\/10\/pumptrack-Mokre-31052020.jpg\" alt=\"\" data-id=\"2085\" data-full-url=\"https:\/\/vkjc.bknezmar.cz\/wp-content\/uploads\/2020\/10\/pumptrack-Mokre-31052020.jpg\" data-link=\"https:\/\/vkjc.bknezmar.cz\/?attachment_id=2085\" class=\"wp-image-2085\" srcset=\"https:\/\/vkjc.bknezmar.cz\/wp-content\/uploads\/2020\/10\/pumptrack-Mokre-31052020.jpg 798w, https:\/\/vkjc.bknezmar.cz\/wp-content\/uploads\/2020\/10\/pumptrack-Mokre-31052020-300x226.jpg 300w, https:\/\/vkjc.bknezmar.cz\/wp-content\/uploads\/2020\/10\/pumptrack-Mokre-31052020-768x577.jpg 768w, https:\/\/vkjc.bknezmar.cz\/wp-content\/uploads\/2020\/10\/pumptrack-Mokre-31052020-150x113.jpg 150w, https:\/\/vkjc.bknezmar.cz\/wp-content\/uploads\/2020\/10\/pumptrack-Mokre-31052020-400x300.jpg 400w\" sizes=\"(max-width: 798px) 100vw, 798px\" \/><\/figure><\/li><li class=\"blocks-gallery-item\"><figure><img loading=\"lazy\" width=\"450\" height=\"600\" src=\"https:\/\/vkjc.bknezmar.cz\/wp-content\/uploads\/2020\/10\/Racice-01062020.jpg\" alt=\"\" data-id=\"2086\" data-full-url=\"https:\/\/vkjc.bknezmar.cz\/wp-content\/uploads\/2020\/10\/Racice-01062020.jpg\" data-link=\"https:\/\/vkjc.bknezmar.cz\/?attachment_id=2086\" class=\"wp-image-2086\" srcset=\"https:\/\/vkjc.bknezmar.cz\/wp-content\/uploads\/2020\/10\/Racice-01062020.jpg 450w, https:\/\/vkjc.bknezmar.cz\/wp-content\/uploads\/2020\/10\/Racice-01062020-225x300.jpg 225w, https:\/\/vkjc.bknezmar.cz\/wp-content\/uploads\/2020\/10\/Racice-01062020-113x150.jpg 113w\" sizes=\"(max-width: 450px) 100vw, 450px\" \/><\/figure><\/li><li class=\"blocks-gallery-item\"><figure><img loading=\"lazy\" width=\"798\" height=\"600\" src=\"https:\/\/vkjc.bknezmar.cz\/wp-content\/uploads\/2020\/10\/Rohanovsky-vrch-13092020.jpg\" alt=\"\" data-id=\"2087\" data-full-url=\"https:\/\/vkjc.bknezmar.cz\/wp-content\/uploads\/2020\/10\/Rohanovsky-vrch-13092020.jpg\" data-link=\"https:\/\/vkjc.bknezmar.cz\/?attachment_id=2087\" class=\"wp-image-2087\" srcset=\"https:\/\/vkjc.bknezmar.cz\/wp-content\/uploads\/2020\/10\/Rohanovsky-vrch-13092020.jpg 798w, https:\/\/vkjc.bknezmar.cz\/wp-content\/uploads\/2020\/10\/Rohanovsky-vrch-13092020-300x226.jpg 300w, https:\/\/vkjc.bknezmar.cz\/wp-content\/uploads\/2020\/10\/Rohanovsky-vrch-13092020-768x577.jpg 768w, https:\/\/vkjc.bknezmar.cz\/wp-content\/uploads\/2020\/10\/Rohanovsky-vrch-13092020-150x113.jpg 150w, https:\/\/vkjc.bknezmar.cz\/wp-content\/uploads\/2020\/10\/Rohanovsky-vrch-13092020-400x300.jpg 400w\" sizes=\"(max-width: 798px) 100vw, 798px\" \/><\/figure><\/li><li class=\"blocks-gallery-item\"><figure><img loading=\"lazy\" width=\"450\" height=\"600\" src=\"https:\/\/vkjc.bknezmar.cz\/wp-content\/uploads\/2020\/10\/Rozmital-na-Sumave-01082020.jpg\" alt=\"\" data-id=\"2088\" data-full-url=\"https:\/\/vkjc.bknezmar.cz\/wp-content\/uploads\/2020\/10\/Rozmital-na-Sumave-01082020.jpg\" data-link=\"https:\/\/vkjc.bknezmar.cz\/?attachment_id=2088\" class=\"wp-image-2088\" srcset=\"https:\/\/vkjc.bknezmar.cz\/wp-content\/uploads\/2020\/10\/Rozmital-na-Sumave-01082020.jpg 450w, https:\/\/vkjc.bknezmar.cz\/wp-content\/uploads\/2020\/10\/Rozmital-na-Sumave-01082020-225x300.jpg 225w, https:\/\/vkjc.bknezmar.cz\/wp-content\/uploads\/2020\/10\/Rozmital-na-Sumave-01082020-113x150.jpg 113w\" sizes=\"(max-width: 450px) 100vw, 450px\" \/><\/figure><\/li><li class=\"blocks-gallery-item\"><figure><img loading=\"lazy\" width=\"450\" height=\"600\" src=\"https:\/\/vkjc.bknezmar.cz\/wp-content\/uploads\/2020\/10\/Svakov-26062020.jpg\" alt=\"\" data-id=\"2090\" data-full-url=\"https:\/\/vkjc.bknezmar.cz\/wp-content\/uploads\/2020\/10\/Svakov-26062020.jpg\" data-link=\"https:\/\/vkjc.bknezmar.cz\/?attachment_id=2090\" class=\"wp-image-2090\" srcset=\"https:\/\/vkjc.bknezmar.cz\/wp-content\/uploads\/2020\/10\/Svakov-26062020.jpg 450w, https:\/\/vkjc.bknezmar.cz\/wp-content\/uploads\/2020\/10\/Svakov-26062020-225x300.jpg 225w, https:\/\/vkjc.bknezmar.cz\/wp-content\/uploads\/2020\/10\/Svakov-26062020-113x150.jpg 113w\" sizes=\"(max-width: 450px) 100vw, 450px\" \/><\/figure><\/li><li class=\"blocks-gallery-item\"><figure><img loading=\"lazy\" width=\"450\" height=\"600\" src=\"https:\/\/vkjc.bknezmar.cz\/wp-content\/uploads\/2020\/10\/Svobodna-hora-13092020.jpg\" alt=\"\" data-id=\"2091\" data-full-url=\"https:\/\/vkjc.bknezmar.cz\/wp-content\/uploads\/2020\/10\/Svobodna-hora-13092020.jpg\" data-link=\"https:\/\/vkjc.bknezmar.cz\/?attachment_id=2091\" class=\"wp-image-2091\" srcset=\"https:\/\/vkjc.bknezmar.cz\/wp-content\/uploads\/2020\/10\/Svobodna-hora-13092020.jpg 450w, https:\/\/vkjc.bknezmar.cz\/wp-content\/uploads\/2020\/10\/Svobodna-hora-13092020-225x300.jpg 225w, https:\/\/vkjc.bknezmar.cz\/wp-content\/uploads\/2020\/10\/Svobodna-hora-13092020-113x150.jpg 113w\" sizes=\"(max-width: 450px) 100vw, 450px\" \/><\/figure><\/li><li class=\"blocks-gallery-item\"><figure><img loading=\"lazy\" width=\"450\" height=\"600\" src=\"https:\/\/vkjc.bknezmar.cz\/wp-content\/uploads\/2020\/10\/Selmberk-16082020.jpg\" alt=\"\" data-id=\"2092\" data-full-url=\"https:\/\/vkjc.bknezmar.cz\/wp-content\/uploads\/2020\/10\/Selmberk-16082020.jpg\" data-link=\"https:\/\/vkjc.bknezmar.cz\/?attachment_id=2092\" class=\"wp-image-2092\" srcset=\"https:\/\/vkjc.bknezmar.cz\/wp-content\/uploads\/2020\/10\/Selmberk-16082020.jpg 450w, https:\/\/vkjc.bknezmar.cz\/wp-content\/uploads\/2020\/10\/Selmberk-16082020-225x300.jpg 225w, https:\/\/vkjc.bknezmar.cz\/wp-content\/uploads\/2020\/10\/Selmberk-16082020-113x150.jpg 113w\" sizes=\"(max-width: 450px) 100vw, 450px\" \/><\/figure><\/li><li class=\"blocks-gallery-item\"><figure><img loading=\"lazy\" width=\"450\" height=\"600\" src=\"https:\/\/vkjc.bknezmar.cz\/wp-content\/uploads\/2020\/10\/Sibenicni-vrch-01082020.jpg\" alt=\"\" data-id=\"2093\" data-full-url=\"https:\/\/vkjc.bknezmar.cz\/wp-content\/uploads\/2020\/10\/Sibenicni-vrch-01082020.jpg\" data-link=\"https:\/\/vkjc.bknezmar.cz\/?attachment_id=2093\" class=\"wp-image-2093\" srcset=\"https:\/\/vkjc.bknezmar.cz\/wp-content\/uploads\/2020\/10\/Sibenicni-vrch-01082020.jpg 450w, https:\/\/vkjc.bknezmar.cz\/wp-content\/uploads\/2020\/10\/Sibenicni-vrch-01082020-225x300.jpg 225w, https:\/\/vkjc.bknezmar.cz\/wp-content\/uploads\/2020\/10\/Sibenicni-vrch-01082020-113x150.jpg 113w\" sizes=\"(max-width: 450px) 100vw, 450px\" \/><\/figure><\/li><li class=\"blocks-gallery-item\"><figure><img loading=\"lazy\" width=\"450\" height=\"600\" src=\"https:\/\/vkjc.bknezmar.cz\/wp-content\/uploads\/2020\/10\/Spicak-25072020.jpg\" alt=\"\" data-id=\"2094\" data-full-url=\"https:\/\/vkjc.bknezmar.cz\/wp-content\/uploads\/2020\/10\/Spicak-25072020.jpg\" data-link=\"https:\/\/vkjc.bknezmar.cz\/?attachment_id=2094\" class=\"wp-image-2094\" srcset=\"https:\/\/vkjc.bknezmar.cz\/wp-content\/uploads\/2020\/10\/Spicak-25072020.jpg 450w, https:\/\/vkjc.bknezmar.cz\/wp-content\/uploads\/2020\/10\/Spicak-25072020-225x300.jpg 225w, https:\/\/vkjc.bknezmar.cz\/wp-content\/uploads\/2020\/10\/Spicak-25072020-113x150.jpg 113w\" sizes=\"(max-width: 450px) 100vw, 450px\" \/><\/figure><\/li><li class=\"blocks-gallery-item\"><figure><img loading=\"lazy\" width=\"798\" height=\"600\" src=\"https:\/\/vkjc.bknezmar.cz\/wp-content\/uploads\/2020\/10\/Vandlicka-07072020.jpg\" alt=\"\" data-id=\"2095\" data-full-url=\"https:\/\/vkjc.bknezmar.cz\/wp-content\/uploads\/2020\/10\/Vandlicka-07072020.jpg\" data-link=\"https:\/\/vkjc.bknezmar.cz\/?attachment_id=2095\" class=\"wp-image-2095\" srcset=\"https:\/\/vkjc.bknezmar.cz\/wp-content\/uploads\/2020\/10\/Vandlicka-07072020.jpg 798w, https:\/\/vkjc.bknezmar.cz\/wp-content\/uploads\/2020\/10\/Vandlicka-07072020-300x226.jpg 300w, https:\/\/vkjc.bknezmar.cz\/wp-content\/uploads\/2020\/10\/Vandlicka-07072020-768x577.jpg 768w, https:\/\/vkjc.bknezmar.cz\/wp-content\/uploads\/2020\/10\/Vandlicka-07072020-150x113.jpg 150w, https:\/\/vkjc.bknezmar.cz\/wp-content\/uploads\/2020\/10\/Vandlicka-07072020-400x300.jpg 400w\" sizes=\"(max-width: 798px) 100vw, 798px\" \/><\/figure><\/li><li class=\"blocks-gallery-item\"><figure><img loading=\"lazy\" width=\"798\" height=\"600\" src=\"https:\/\/vkjc.bknezmar.cz\/wp-content\/uploads\/2020\/10\/Velky-Kamen-07072020.jpg\" alt=\"\" data-id=\"2096\" data-full-url=\"https:\/\/vkjc.bknezmar.cz\/wp-content\/uploads\/2020\/10\/Velky-Kamen-07072020.jpg\" data-link=\"https:\/\/vkjc.bknezmar.cz\/?attachment_id=2096\" class=\"wp-image-2096\" srcset=\"https:\/\/vkjc.bknezmar.cz\/wp-content\/uploads\/2020\/10\/Velky-Kamen-07072020.jpg 798w, https:\/\/vkjc.bknezmar.cz\/wp-content\/uploads\/2020\/10\/Velky-Kamen-07072020-300x226.jpg 300w, https:\/\/vkjc.bknezmar.cz\/wp-content\/uploads\/2020\/10\/Velky-Kamen-07072020-768x577.jpg 768w, https:\/\/vkjc.bknezmar.cz\/wp-content\/uploads\/2020\/10\/Velky-Kamen-07072020-150x113.jpg 150w, https:\/\/vkjc.bknezmar.cz\/wp-content\/uploads\/2020\/10\/Velky-Kamen-07072020-400x300.jpg 400w\" sizes=\"(max-width: 798px) 100vw, 798px\" \/><\/figure><\/li><li class=\"blocks-gallery-item\"><figure><img loading=\"lazy\" width=\"798\" height=\"600\" src=\"https:\/\/vkjc.bknezmar.cz\/wp-content\/uploads\/2020\/10\/Vetrna-Skala-05092020.jpg\" alt=\"\" data-id=\"2097\" data-full-url=\"https:\/\/vkjc.bknezmar.cz\/wp-content\/uploads\/2020\/10\/Vetrna-Skala-05092020.jpg\" data-link=\"https:\/\/vkjc.bknezmar.cz\/?attachment_id=2097\" class=\"wp-image-2097\" srcset=\"https:\/\/vkjc.bknezmar.cz\/wp-content\/uploads\/2020\/10\/Vetrna-Skala-05092020.jpg 798w, https:\/\/vkjc.bknezmar.cz\/wp-content\/uploads\/2020\/10\/Vetrna-Skala-05092020-300x226.jpg 300w, https:\/\/vkjc.bknezmar.cz\/wp-content\/uploads\/2020\/10\/Vetrna-Skala-05092020-768x577.jpg 768w, https:\/\/vkjc.bknezmar.cz\/wp-content\/uploads\/2020\/10\/Vetrna-Skala-05092020-150x113.jpg 150w, https:\/\/vkjc.bknezmar.cz\/wp-content\/uploads\/2020\/10\/Vetrna-Skala-05092020-400x300.jpg 400w\" sizes=\"(max-width: 798px) 100vw, 798px\" \/><\/figure><\/li><li class=\"blocks-gallery-item\"><figure><img loading=\"lazy\" width=\"798\" height=\"600\" src=\"https:\/\/vkjc.bknezmar.cz\/wp-content\/uploads\/2020\/10\/Vetrnik-02062020.jpg\" alt=\"\" data-id=\"2098\" data-full-url=\"https:\/\/vkjc.bknezmar.cz\/wp-content\/uploads\/2020\/10\/Vetrnik-02062020.jpg\" data-link=\"https:\/\/vkjc.bknezmar.cz\/?attachment_id=2098\" class=\"wp-image-2098\" srcset=\"https:\/\/vkjc.bknezmar.cz\/wp-content\/uploads\/2020\/10\/Vetrnik-02062020.jpg 798w, https:\/\/vkjc.bknezmar.cz\/wp-content\/uploads\/2020\/10\/Vetrnik-02062020-300x226.jpg 300w, https:\/\/vkjc.bknezmar.cz\/wp-content\/uploads\/2020\/10\/Vetrnik-02062020-768x577.jpg 768w, https:\/\/vkjc.bknezmar.cz\/wp-content\/uploads\/2020\/10\/Vetrnik-02062020-150x113.jpg 150w, https:\/\/vkjc.bknezmar.cz\/wp-content\/uploads\/2020\/10\/Vetrnik-02062020-400x300.jpg 400w\" sizes=\"(max-width: 798px) 100vw, 798px\" \/><\/figure><\/li><li class=\"blocks-gallery-item\"><figure><img loading=\"lazy\" width=\"798\" height=\"600\" src=\"https:\/\/vkjc.bknezmar.cz\/wp-content\/uploads\/2020\/10\/Vodnanske-Svobodne-hory-13092020.jpg\" alt=\"\" data-id=\"2099\" data-full-url=\"https:\/\/vkjc.bknezmar.cz\/wp-content\/uploads\/2020\/10\/Vodnanske-Svobodne-hory-13092020.jpg\" data-link=\"https:\/\/vkjc.bknezmar.cz\/?attachment_id=2099\" class=\"wp-image-2099\" srcset=\"https:\/\/vkjc.bknezmar.cz\/wp-content\/uploads\/2020\/10\/Vodnanske-Svobodne-hory-13092020.jpg 798w, https:\/\/vkjc.bknezmar.cz\/wp-content\/uploads\/2020\/10\/Vodnanske-Svobodne-hory-13092020-300x226.jpg 300w, https:\/\/vkjc.bknezmar.cz\/wp-content\/uploads\/2020\/10\/Vodnanske-Svobodne-hory-13092020-768x577.jpg 768w, https:\/\/vkjc.bknezmar.cz\/wp-content\/uploads\/2020\/10\/Vodnanske-Svobodne-hory-13092020-150x113.jpg 150w, https:\/\/vkjc.bknezmar.cz\/wp-content\/uploads\/2020\/10\/Vodnanske-Svobodne-hory-13092020-400x300.jpg 400w\" sizes=\"(max-width: 798px) 100vw, 798px\" \/><\/figure><\/li><li class=\"blocks-gallery-item\"><figure><img loading=\"lazy\" width=\"798\" height=\"600\" src=\"https:\/\/vkjc.bknezmar.cz\/wp-content\/uploads\/2020\/10\/vodojem-Vcelna-08062020.jpg\" alt=\"\" data-id=\"2100\" data-full-url=\"https:\/\/vkjc.bknezmar.cz\/wp-content\/uploads\/2020\/10\/vodojem-Vcelna-08062020.jpg\" data-link=\"https:\/\/vkjc.bknezmar.cz\/?attachment_id=2100\" class=\"wp-image-2100\" srcset=\"https:\/\/vkjc.bknezmar.cz\/wp-content\/uploads\/2020\/10\/vodojem-Vcelna-08062020.jpg 798w, https:\/\/vkjc.bknezmar.cz\/wp-content\/uploads\/2020\/10\/vodojem-Vcelna-08062020-300x226.jpg 300w, https:\/\/vkjc.bknezmar.cz\/wp-content\/uploads\/2020\/10\/vodojem-Vcelna-08062020-768x577.jpg 768w, https:\/\/vkjc.bknezmar.cz\/wp-content\/uploads\/2020\/10\/vodojem-Vcelna-08062020-150x113.jpg 150w, https:\/\/vkjc.bknezmar.cz\/wp-content\/uploads\/2020\/10\/vodojem-Vcelna-08062020-400x300.jpg 400w\" sizes=\"(max-width: 798px) 100vw, 798px\" \/><\/figure><\/li><li class=\"blocks-gallery-item\"><figure><img loading=\"lazy\" width=\"798\" height=\"600\" src=\"https:\/\/vkjc.bknezmar.cz\/wp-content\/uploads\/2020\/10\/Vraze.jpg\" alt=\"\" data-id=\"2101\" data-full-url=\"https:\/\/vkjc.bknezmar.cz\/wp-content\/uploads\/2020\/10\/Vraze.jpg\" data-link=\"https:\/\/vkjc.bknezmar.cz\/?attachment_id=2101\" class=\"wp-image-2101\" srcset=\"https:\/\/vkjc.bknezmar.cz\/wp-content\/uploads\/2020\/10\/Vraze.jpg 798w, https:\/\/vkjc.bknezmar.cz\/wp-content\/uploads\/2020\/10\/Vraze-300x226.jpg 300w, https:\/\/vkjc.bknezmar.cz\/wp-content\/uploads\/2020\/10\/Vraze-768x577.jpg 768w, https:\/\/vkjc.bknezmar.cz\/wp-content\/uploads\/2020\/10\/Vraze-150x113.jpg 150w, https:\/\/vkjc.bknezmar.cz\/wp-content\/uploads\/2020\/10\/Vraze-400x300.jpg 400w\" sizes=\"(max-width: 798px) 100vw, 798px\" \/><\/figure><\/li><li class=\"blocks-gallery-item\"><figure><img loading=\"lazy\" width=\"798\" height=\"600\" src=\"https:\/\/vkjc.bknezmar.cz\/wp-content\/uploads\/2020\/10\/Vyhlidka-nad-Prameny-Vltavy-05092020.jpg\" alt=\"\" data-id=\"2102\" data-full-url=\"https:\/\/vkjc.bknezmar.cz\/wp-content\/uploads\/2020\/10\/Vyhlidka-nad-Prameny-Vltavy-05092020.jpg\" data-link=\"https:\/\/vkjc.bknezmar.cz\/?attachment_id=2102\" class=\"wp-image-2102\" srcset=\"https:\/\/vkjc.bknezmar.cz\/wp-content\/uploads\/2020\/10\/Vyhlidka-nad-Prameny-Vltavy-05092020.jpg 798w, https:\/\/vkjc.bknezmar.cz\/wp-content\/uploads\/2020\/10\/Vyhlidka-nad-Prameny-Vltavy-05092020-300x226.jpg 300w, https:\/\/vkjc.bknezmar.cz\/wp-content\/uploads\/2020\/10\/Vyhlidka-nad-Prameny-Vltavy-05092020-768x577.jpg 768w, https:\/\/vkjc.bknezmar.cz\/wp-content\/uploads\/2020\/10\/Vyhlidka-nad-Prameny-Vltavy-05092020-150x113.jpg 150w, https:\/\/vkjc.bknezmar.cz\/wp-content\/uploads\/2020\/10\/Vyhlidka-nad-Prameny-Vltavy-05092020-400x300.jpg 400w\" sizes=\"(max-width: 798px) 100vw, 798px\" \/><\/figure><\/li><li class=\"blocks-gallery-item\"><figure><img loading=\"lazy\" width=\"798\" height=\"600\" src=\"https:\/\/vkjc.bknezmar.cz\/wp-content\/uploads\/2020\/10\/Vysoka-Beta-07062020.jpg\" alt=\"\" data-id=\"2103\" data-full-url=\"https:\/\/vkjc.bknezmar.cz\/wp-content\/uploads\/2020\/10\/Vysoka-Beta-07062020.jpg\" data-link=\"https:\/\/vkjc.bknezmar.cz\/?attachment_id=2103\" class=\"wp-image-2103\" srcset=\"https:\/\/vkjc.bknezmar.cz\/wp-content\/uploads\/2020\/10\/Vysoka-Beta-07062020.jpg 798w, https:\/\/vkjc.bknezmar.cz\/wp-content\/uploads\/2020\/10\/Vysoka-Beta-07062020-300x226.jpg 300w, https:\/\/vkjc.bknezmar.cz\/wp-content\/uploads\/2020\/10\/Vysoka-Beta-07062020-768x577.jpg 768w, https:\/\/vkjc.bknezmar.cz\/wp-content\/uploads\/2020\/10\/Vysoka-Beta-07062020-150x113.jpg 150w, https:\/\/vkjc.bknezmar.cz\/wp-content\/uploads\/2020\/10\/Vysoka-Beta-07062020-400x300.jpg 400w\" sizes=\"(max-width: 798px) 100vw, 798px\" \/><\/figure><\/li><li class=\"blocks-gallery-item\"><figure><img loading=\"lazy\" width=\"798\" height=\"600\" src=\"https:\/\/vkjc.bknezmar.cz\/wp-content\/uploads\/2020\/10\/Vysoky-Kamen-31082020.jpg\" alt=\"\" data-id=\"2104\" data-full-url=\"https:\/\/vkjc.bknezmar.cz\/wp-content\/uploads\/2020\/10\/Vysoky-Kamen-31082020.jpg\" data-link=\"https:\/\/vkjc.bknezmar.cz\/?attachment_id=2104\" class=\"wp-image-2104\" srcset=\"https:\/\/vkjc.bknezmar.cz\/wp-content\/uploads\/2020\/10\/Vysoky-Kamen-31082020.jpg 798w, https:\/\/vkjc.bknezmar.cz\/wp-content\/uploads\/2020\/10\/Vysoky-Kamen-31082020-300x226.jpg 300w, https:\/\/vkjc.bknezmar.cz\/wp-content\/uploads\/2020\/10\/Vysoky-Kamen-31082020-768x577.jpg 768w, https:\/\/vkjc.bknezmar.cz\/wp-content\/uploads\/2020\/10\/Vysoky-Kamen-31082020-150x113.jpg 150w, https:\/\/vkjc.bknezmar.cz\/wp-content\/uploads\/2020\/10\/Vysoky-Kamen-31082020-400x300.jpg 400w\" sizes=\"(max-width: 798px) 100vw, 798px\" \/><\/figure><\/li><li class=\"blocks-gallery-item\"><figure><img loading=\"lazy\" width=\"798\" height=\"600\" src=\"https:\/\/vkjc.bknezmar.cz\/wp-content\/uploads\/2020\/10\/Zidova-strouha-24062020.jpg\" alt=\"\" data-id=\"2105\" data-full-url=\"https:\/\/vkjc.bknezmar.cz\/wp-content\/uploads\/2020\/10\/Zidova-strouha-24062020.jpg\" data-link=\"https:\/\/vkjc.bknezmar.cz\/?attachment_id=2105\" class=\"wp-image-2105\" srcset=\"https:\/\/vkjc.bknezmar.cz\/wp-content\/uploads\/2020\/10\/Zidova-strouha-24062020.jpg 798w, https:\/\/vkjc.bknezmar.cz\/wp-content\/uploads\/2020\/10\/Zidova-strouha-24062020-300x226.jpg 300w, https:\/\/vkjc.bknezmar.cz\/wp-content\/uploads\/2020\/10\/Zidova-strouha-24062020-768x577.jpg 768w, https:\/\/vkjc.bknezmar.cz\/wp-content\/uploads\/2020\/10\/Zidova-strouha-24062020-150x113.jpg 150w, https:\/\/vkjc.bknezmar.cz\/wp-content\/uploads\/2020\/10\/Zidova-strouha-24062020-400x300.jpg 400w\" sizes=\"(max-width: 798px) 100vw, 798px\" \/><\/figure><\/li><li class=\"blocks-gallery-item\"><figure><img loading=\"lazy\" width=\"450\" height=\"600\" src=\"https:\/\/vkjc.bknezmar.cz\/wp-content\/uploads\/2020\/10\/Zizkuv-dub-03062020.jpg\" alt=\"\" data-id=\"2106\" data-full-url=\"https:\/\/vkjc.bknezmar.cz\/wp-content\/uploads\/2020\/10\/Zizkuv-dub-03062020.jpg\" data-link=\"https:\/\/vkjc.bknezmar.cz\/?attachment_id=2106\" class=\"wp-image-2106\" srcset=\"https:\/\/vkjc.bknezmar.cz\/wp-content\/uploads\/2020\/10\/Zizkuv-dub-03062020.jpg 450w, https:\/\/vkjc.bknezmar.cz\/wp-content\/uploads\/2020\/10\/Zizkuv-dub-03062020-225x300.jpg 225w, https:\/\/vkjc.bknezmar.cz\/wp-content\/uploads\/2020\/10\/Zizkuv-dub-03062020-113x150.jpg 113w\" sizes=\"(max-width: 450px) 100vw, 450px\" \/><\/figure><\/li><li class=\"blocks-gallery-item\"><figure><img loading=\"lazy\" width=\"798\" height=\"600\" src=\"https:\/\/vkjc.bknezmar.cz\/wp-content\/uploads\/2020\/10\/Zofin-12092020.jpg\" alt=\"\" data-id=\"2107\" data-full-url=\"https:\/\/vkjc.bknezmar.cz\/wp-content\/uploads\/2020\/10\/Zofin-12092020.jpg\" data-link=\"https:\/\/vkjc.bknezmar.cz\/?attachment_id=2107\" class=\"wp-image-2107\" srcset=\"https:\/\/vkjc.bknezmar.cz\/wp-content\/uploads\/2020\/10\/Zofin-12092020.jpg 798w, https:\/\/vkjc.bknezmar.cz\/wp-content\/uploads\/2020\/10\/Zofin-12092020-300x226.jpg 300w, https:\/\/vkjc.bknezmar.cz\/wp-content\/uploads\/2020\/10\/Zofin-12092020-768x577.jpg 768w, https:\/\/vkjc.bknezmar.cz\/wp-content\/uploads\/2020\/10\/Zofin-12092020-150x113.jpg 150w, https:\/\/vkjc.bknezmar.cz\/wp-content\/uploads\/2020\/10\/Zofin-12092020-400x300.jpg 400w\" sizes=\"(max-width: 798px) 100vw, 798px\" \/><\/figure><\/li><li class=\"blocks-gallery-item\"><figure><img loading=\"lazy\" width=\"798\" height=\"600\" src=\"https:\/\/vkjc.bknezmar.cz\/wp-content\/uploads\/2020\/10\/Rimovska-prehrada-08062020.jpg\" alt=\"\" data-id=\"2089\" data-full-url=\"https:\/\/vkjc.bknezmar.cz\/wp-content\/uploads\/2020\/10\/Rimovska-prehrada-08062020.jpg\" data-link=\"https:\/\/vkjc.bknezmar.cz\/?attachment_id=2089\" class=\"wp-image-2089\" srcset=\"https:\/\/vkjc.bknezmar.cz\/wp-content\/uploads\/2020\/10\/Rimovska-prehrada-08062020.jpg 798w, https:\/\/vkjc.bknezmar.cz\/wp-content\/uploads\/2020\/10\/Rimovska-prehrada-08062020-300x226.jpg 300w, https:\/\/vkjc.bknezmar.cz\/wp-content\/uploads\/2020\/10\/Rimovska-prehrada-08062020-768x577.jpg 768w, https:\/\/vkjc.bknezmar.cz\/wp-content\/uploads\/2020\/10\/Rimovska-prehrada-08062020-150x113.jpg 150w, https:\/\/vkjc.bknezmar.cz\/wp-content\/uploads\/2020\/10\/Rimovska-prehrada-08062020-400x300.jpg 400w\" sizes=\"(max-width: 798px) 100vw, 798px\" \/><\/figure><\/li><\/ul><\/figure>\n","protected":false},"excerpt":{"rendered":"<p>\u0160est\u00e1 \u00fa\u010dast bez jedin\u00e9ho zav\u00e1h\u00e1n\u00ed, to je z\u00e1pis Bohumila do historie Vrcha\u0159sk\u00e9 koruny Ji\u017en\u00edch \u010cech. V leto\u0161n\u00edm ro\u010dn\u00edku se z\u00fa\u010dastnil v\u0161ech t\u0159\u00ed vypsan\u00fdch kategori\u00ed a o sv\u00e9m dob\u00fdv\u00e1n\u00ed n\u00e1m napsal: Zdrav\u00edm V\u00e1s, a zas\u00edl\u00e1m zpr\u00e1vu o pln\u011bn\u00ed leto\u0161n\u00ed Vrcha\u0159sk\u00e9 koruny ji\u017en\u00edch \u010cech. Leto\u0161n\u00ed sezona pat\u0159ila z m\u00e9ho pohledu k t\u011bm problemati\u010dt\u011bj\u0161\u00edm. Probl\u00e9my s kolenem m\u011b&#8230;<\/p>\n","protected":false},"author":2,"featured_media":2066,"comment_status":"open","ping_status":"open","sticky":false,"template":"","format":"standard","meta":[],"categories":[14,13],"tags":[],"_links":{"self":[{"href":"https:\/\/vkjc.bknezmar.cz\/index.php?rest_route=\/wp\/v2\/posts\/2055"}],"collection":[{"href":"https:\/\/vkjc.bknezmar.cz\/index.php?rest_route=\/wp\/v2\/posts"}],"about":[{"href":"https:\/\/vkjc.bknezmar.cz\/index.php?rest_route=\/wp\/v2\/types\/post"}],"author":[{"embeddable":true,"href":"https:\/\/vkjc.bknezmar.cz\/index.php?rest_route=\/wp\/v2\/users\/2"}],"replies":[{"embeddable":true,"href":"https:\/\/vkjc.bknezmar.cz\/index.php?rest_route=%2Fwp%2Fv2%2Fcomments&post=2055"}],"version-history":[{"count":5,"href":"https:\/\/vkjc.bknezmar.cz\/index.php?rest_route=\/wp\/v2\/posts\/2055\/revisions"}],"predecessor-version":[{"id":2110,"href":"https:\/\/vkjc.bknezmar.cz\/index.php?rest_route=\/wp\/v2\/posts\/2055\/revisions\/2110"}],"wp:featuredmedia":[{"embeddable":true,"href":"https:\/\/vkjc.bknezmar.cz\/index.php?rest_route=\/wp\/v2\/media\/2066"}],"wp:attachment":[{"href":"https:\/\/vkjc.bknezmar.cz\/index.php?rest_route=%2Fwp%2Fv2%2Fmedia&parent=2055"}],"wp:term":[{"taxonomy":"category","embeddable":true,"href":"https:\/\/vkjc.bknezmar.cz\/index.php?rest_route=%2Fwp%2Fv2%2Fcategories&post=2055"},{"taxonomy":"post_tag","embeddable":true,"href":"https:\/\/vkjc.bknezmar.cz\/index.php?rest_route=%2Fwp%2Fv2%2Ftags&post=2055"}],"curies":[{"name":"wp","href":"https:\/\/api.w.org\/{rel}","templated":true}]}}