{"id":129,"date":"2019-11-18T19:41:00","date_gmt":"2019-11-18T18:41:00","guid":{"rendered":"https:\/\/vkjc.bknezmar.cz\/?p=129"},"modified":"2020-03-09T14:31:54","modified_gmt":"2020-03-09T13:31:54","slug":"10-dobyvatelem-vkjc-2019-je-bohumil-kovarna","status":"publish","type":"post","link":"https:\/\/vkjc.bknezmar.cz\/?p=129","title":{"rendered":"10. dobyvatelem VKJ\u010c 2019 je Bohumil Kov\u00e1rna"},"content":{"rendered":"\n<p>Bude Bohumil Kov\u00e1rna posledn\u00ed v leto\u0161n\u00edm ro\u010dn\u00edku Vrcha\u0159sk\u00e9 koruny Ji\u017en\u00edch \u010cech? Blahop\u0159ejeme.<br>\nAhoj,<br>\nZas\u00edl\u00e1m zpr\u00e1vu ohledn\u011b \u00fasp\u011b\u0161n\u00e9ho zdol\u00e1n\u00ed Vrcha\u0159sk\u00e9 koruny ji\u017en\u00edch \u010cech 2019.<br>\nLetos jsem si to vychutn\u00e1val skoro p\u016fl roku. Vrcholy jsem pov\u011bt\u0161inou zdol\u00e1val postupn\u011b po jednom. Vyr\u00e1\u017eel jsem pro m\u011b z obvykl\u00fdch m\u00edst. T.j. \u010cesk\u00fdch Bud\u011bjovic, Strakonic a Ho\u0159ic na \u0160umav\u011b. Pouze vzd\u00e1len\u011bj\u0161\u00ed vrcholy v \u010cesk\u00e9 Kanad\u011b a na T\u00e1borsku jsem objel najednou a zde jsem startoval z L\u00e1senice a z Opa\u0159an.<br>\nCelkem jsem podnikl 16 v\u00fdlet\u016f , p\u0159i nich\u017e jsem celkem najel 1170 km s p\u0159ev\u00fd\u0161en\u00edm 15,5 km. D\u00e9lka jednotliv\u00fdch etap byla 40-130 km.<br>\nD\u011bkuji za uspo\u0159\u00e1d\u00e1n\u00ed akce a ji\u017e se t\u011b\u0161\u00edm na p\u0159\u00ed\u0161t\u00ed sezonu.<br>\nS pozdravem<br>\nSportu zdar a cyklistice zvl\u00e1\u0161t\u011b<br>\nBohumil Kov\u00e1rna<\/p>\n\n\n\n<figure class=\"wp-block-gallery columns-3 is-cropped\"><ul class=\"blocks-gallery-grid\"><li class=\"blocks-gallery-item\"><figure><img loading=\"lazy\" width=\"769\" height=\"1024\" src=\"https:\/\/vkjc.bknezmar.cz\/wp-content\/uploads\/2020\/02\/Bukovec-17072019-769x1024.jpg\" alt=\"\" data-id=\"422\" data-link=\"https:\/\/vkjc.bknezmar.cz\/?attachment_id=422\" class=\"wp-image-422\" srcset=\"https:\/\/vkjc.bknezmar.cz\/wp-content\/uploads\/2020\/02\/Bukovec-17072019-769x1024.jpg 769w, https:\/\/vkjc.bknezmar.cz\/wp-content\/uploads\/2020\/02\/Bukovec-17072019-225x300.jpg 225w, https:\/\/vkjc.bknezmar.cz\/wp-content\/uploads\/2020\/02\/Bukovec-17072019-768x1022.jpg 768w, https:\/\/vkjc.bknezmar.cz\/wp-content\/uploads\/2020\/02\/Bukovec-17072019-1154x1536.jpg 1154w, https:\/\/vkjc.bknezmar.cz\/wp-content\/uploads\/2020\/02\/Bukovec-17072019-1539x2048.jpg 1539w, https:\/\/vkjc.bknezmar.cz\/wp-content\/uploads\/2020\/02\/Bukovec-17072019-113x150.jpg 113w, https:\/\/vkjc.bknezmar.cz\/wp-content\/uploads\/2020\/02\/Bukovec-17072019-800x1065.jpg 800w, https:\/\/vkjc.bknezmar.cz\/wp-content\/uploads\/2020\/02\/Bukovec-17072019-scaled.jpg 1923w\" sizes=\"(max-width: 769px) 100vw, 769px\" \/><\/figure><\/li><li class=\"blocks-gallery-item\"><figure><img loading=\"lazy\" width=\"768\" height=\"1024\" src=\"https:\/\/vkjc.bknezmar.cz\/wp-content\/uploads\/2020\/02\/Dubov\u00fd-vrch-25052019-768x1024.jpg\" alt=\"\" data-id=\"423\" data-link=\"https:\/\/vkjc.bknezmar.cz\/?attachment_id=423\" class=\"wp-image-423\" srcset=\"https:\/\/vkjc.bknezmar.cz\/wp-content\/uploads\/2020\/02\/Dubov\u00fd-vrch-25052019-768x1024.jpg 768w, https:\/\/vkjc.bknezmar.cz\/wp-content\/uploads\/2020\/02\/Dubov\u00fd-vrch-25052019-225x300.jpg 225w, https:\/\/vkjc.bknezmar.cz\/wp-content\/uploads\/2020\/02\/Dubov\u00fd-vrch-25052019-1152x1536.jpg 1152w, https:\/\/vkjc.bknezmar.cz\/wp-content\/uploads\/2020\/02\/Dubov\u00fd-vrch-25052019-1536x2048.jpg 1536w, https:\/\/vkjc.bknezmar.cz\/wp-content\/uploads\/2020\/02\/Dubov\u00fd-vrch-25052019-113x150.jpg 113w, https:\/\/vkjc.bknezmar.cz\/wp-content\/uploads\/2020\/02\/Dubov\u00fd-vrch-25052019-800x1067.jpg 800w, https:\/\/vkjc.bknezmar.cz\/wp-content\/uploads\/2020\/02\/Dubov\u00fd-vrch-25052019-scaled.jpg 1920w\" sizes=\"(max-width: 768px) 100vw, 768px\" \/><\/figure><\/li><li class=\"blocks-gallery-item\"><figure><img loading=\"lazy\" width=\"1024\" height=\"769\" src=\"https:\/\/vkjc.bknezmar.cz\/wp-content\/uploads\/2020\/02\/Hamersk\u00fd-vrch-05072019-1024x769.jpg\" alt=\"\" data-id=\"424\" data-link=\"https:\/\/vkjc.bknezmar.cz\/?attachment_id=424\" class=\"wp-image-424\" srcset=\"https:\/\/vkjc.bknezmar.cz\/wp-content\/uploads\/2020\/02\/Hamersk\u00fd-vrch-05072019-1024x769.jpg 1024w, https:\/\/vkjc.bknezmar.cz\/wp-content\/uploads\/2020\/02\/Hamersk\u00fd-vrch-05072019-300x225.jpg 300w, https:\/\/vkjc.bknezmar.cz\/wp-content\/uploads\/2020\/02\/Hamersk\u00fd-vrch-05072019-768x577.jpg 768w, https:\/\/vkjc.bknezmar.cz\/wp-content\/uploads\/2020\/02\/Hamersk\u00fd-vrch-05072019-1536x1154.jpg 1536w, https:\/\/vkjc.bknezmar.cz\/wp-content\/uploads\/2020\/02\/Hamersk\u00fd-vrch-05072019-2048x1539.jpg 2048w, https:\/\/vkjc.bknezmar.cz\/wp-content\/uploads\/2020\/02\/Hamersk\u00fd-vrch-05072019-150x113.jpg 150w, https:\/\/vkjc.bknezmar.cz\/wp-content\/uploads\/2020\/02\/Hamersk\u00fd-vrch-05072019-800x601.jpg 800w, https:\/\/vkjc.bknezmar.cz\/wp-content\/uploads\/2020\/02\/Hamersk\u00fd-vrch-05072019-400x300.jpg 400w\" sizes=\"(max-width: 1024px) 100vw, 1024px\" \/><\/figure><\/li><li class=\"blocks-gallery-item\"><figure><img loading=\"lazy\" width=\"768\" height=\"1024\" src=\"https:\/\/vkjc.bknezmar.cz\/wp-content\/uploads\/2020\/02\/Hradi\u0161t\u011b-18052019-768x1024.jpg\" alt=\"\" data-id=\"425\" data-link=\"https:\/\/vkjc.bknezmar.cz\/?attachment_id=425\" class=\"wp-image-425\" srcset=\"https:\/\/vkjc.bknezmar.cz\/wp-content\/uploads\/2020\/02\/Hradi\u0161t\u011b-18052019-768x1024.jpg 768w, https:\/\/vkjc.bknezmar.cz\/wp-content\/uploads\/2020\/02\/Hradi\u0161t\u011b-18052019-225x300.jpg 225w, https:\/\/vkjc.bknezmar.cz\/wp-content\/uploads\/2020\/02\/Hradi\u0161t\u011b-18052019-1152x1536.jpg 1152w, https:\/\/vkjc.bknezmar.cz\/wp-content\/uploads\/2020\/02\/Hradi\u0161t\u011b-18052019-1536x2048.jpg 1536w, https:\/\/vkjc.bknezmar.cz\/wp-content\/uploads\/2020\/02\/Hradi\u0161t\u011b-18052019-113x150.jpg 113w, https:\/\/vkjc.bknezmar.cz\/wp-content\/uploads\/2020\/02\/Hradi\u0161t\u011b-18052019-800x1067.jpg 800w, https:\/\/vkjc.bknezmar.cz\/wp-content\/uploads\/2020\/02\/Hradi\u0161t\u011b-18052019-scaled.jpg 1920w\" sizes=\"(max-width: 768px) 100vw, 768px\" \/><\/figure><\/li><li class=\"blocks-gallery-item\"><figure><img loading=\"lazy\" width=\"769\" height=\"1024\" src=\"https:\/\/vkjc.bknezmar.cz\/wp-content\/uploads\/2020\/02\/Klostermannovy-sk\u00e1ly-22092019-769x1024.jpg\" alt=\"\" data-id=\"426\" data-link=\"https:\/\/vkjc.bknezmar.cz\/?attachment_id=426\" class=\"wp-image-426\" srcset=\"https:\/\/vkjc.bknezmar.cz\/wp-content\/uploads\/2020\/02\/Klostermannovy-sk\u00e1ly-22092019-769x1024.jpg 769w, https:\/\/vkjc.bknezmar.cz\/wp-content\/uploads\/2020\/02\/Klostermannovy-sk\u00e1ly-22092019-225x300.jpg 225w, https:\/\/vkjc.bknezmar.cz\/wp-content\/uploads\/2020\/02\/Klostermannovy-sk\u00e1ly-22092019-768x1022.jpg 768w, https:\/\/vkjc.bknezmar.cz\/wp-content\/uploads\/2020\/02\/Klostermannovy-sk\u00e1ly-22092019-1154x1536.jpg 1154w, https:\/\/vkjc.bknezmar.cz\/wp-content\/uploads\/2020\/02\/Klostermannovy-sk\u00e1ly-22092019-1539x2048.jpg 1539w, https:\/\/vkjc.bknezmar.cz\/wp-content\/uploads\/2020\/02\/Klostermannovy-sk\u00e1ly-22092019-113x150.jpg 113w, https:\/\/vkjc.bknezmar.cz\/wp-content\/uploads\/2020\/02\/Klostermannovy-sk\u00e1ly-22092019-800x1065.jpg 800w, https:\/\/vkjc.bknezmar.cz\/wp-content\/uploads\/2020\/02\/Klostermannovy-sk\u00e1ly-22092019-scaled.jpg 1923w\" sizes=\"(max-width: 769px) 100vw, 769px\" \/><\/figure><\/li><li class=\"blocks-gallery-item\"><figure><img loading=\"lazy\" width=\"1024\" height=\"768\" src=\"https:\/\/vkjc.bknezmar.cz\/wp-content\/uploads\/2020\/02\/Krkav\u010d\u00ed-sk\u00e1la-28062019-1024x768.jpg\" alt=\"\" data-id=\"427\" data-link=\"https:\/\/vkjc.bknezmar.cz\/?attachment_id=427\" class=\"wp-image-427\" srcset=\"https:\/\/vkjc.bknezmar.cz\/wp-content\/uploads\/2020\/02\/Krkav\u010d\u00ed-sk\u00e1la-28062019-1024x768.jpg 1024w, https:\/\/vkjc.bknezmar.cz\/wp-content\/uploads\/2020\/02\/Krkav\u010d\u00ed-sk\u00e1la-28062019-300x225.jpg 300w, https:\/\/vkjc.bknezmar.cz\/wp-content\/uploads\/2020\/02\/Krkav\u010d\u00ed-sk\u00e1la-28062019-768x576.jpg 768w, https:\/\/vkjc.bknezmar.cz\/wp-content\/uploads\/2020\/02\/Krkav\u010d\u00ed-sk\u00e1la-28062019-1536x1152.jpg 1536w, https:\/\/vkjc.bknezmar.cz\/wp-content\/uploads\/2020\/02\/Krkav\u010d\u00ed-sk\u00e1la-28062019-2048x1536.jpg 2048w, https:\/\/vkjc.bknezmar.cz\/wp-content\/uploads\/2020\/02\/Krkav\u010d\u00ed-sk\u00e1la-28062019-150x113.jpg 150w, https:\/\/vkjc.bknezmar.cz\/wp-content\/uploads\/2020\/02\/Krkav\u010d\u00ed-sk\u00e1la-28062019-800x600.jpg 800w, https:\/\/vkjc.bknezmar.cz\/wp-content\/uploads\/2020\/02\/Krkav\u010d\u00ed-sk\u00e1la-28062019-400x300.jpg 400w\" sizes=\"(max-width: 1024px) 100vw, 1024px\" \/><\/figure><\/li><li class=\"blocks-gallery-item\"><figure><img loading=\"lazy\" width=\"768\" height=\"1024\" src=\"https:\/\/vkjc.bknezmar.cz\/wp-content\/uploads\/2020\/02\/K\u0159emenec-24082019-768x1024.jpg\" alt=\"\" data-id=\"428\" data-link=\"https:\/\/vkjc.bknezmar.cz\/?attachment_id=428\" class=\"wp-image-428\" srcset=\"https:\/\/vkjc.bknezmar.cz\/wp-content\/uploads\/2020\/02\/K\u0159emenec-24082019-768x1024.jpg 768w, https:\/\/vkjc.bknezmar.cz\/wp-content\/uploads\/2020\/02\/K\u0159emenec-24082019-225x300.jpg 225w, https:\/\/vkjc.bknezmar.cz\/wp-content\/uploads\/2020\/02\/K\u0159emenec-24082019-1152x1536.jpg 1152w, https:\/\/vkjc.bknezmar.cz\/wp-content\/uploads\/2020\/02\/K\u0159emenec-24082019-1536x2048.jpg 1536w, https:\/\/vkjc.bknezmar.cz\/wp-content\/uploads\/2020\/02\/K\u0159emenec-24082019-113x150.jpg 113w, https:\/\/vkjc.bknezmar.cz\/wp-content\/uploads\/2020\/02\/K\u0159emenec-24082019-800x1067.jpg 800w, https:\/\/vkjc.bknezmar.cz\/wp-content\/uploads\/2020\/02\/K\u0159emenec-24082019-scaled.jpg 1920w\" sizes=\"(max-width: 768px) 100vw, 768px\" \/><\/figure><\/li><li class=\"blocks-gallery-item\"><figure><img loading=\"lazy\" width=\"768\" height=\"1024\" src=\"https:\/\/vkjc.bknezmar.cz\/wp-content\/uploads\/2020\/02\/Kti\u0161sk\u00e1-hora-20042019-768x1024.jpg\" alt=\"\" data-id=\"429\" data-link=\"https:\/\/vkjc.bknezmar.cz\/?attachment_id=429\" class=\"wp-image-429\" srcset=\"https:\/\/vkjc.bknezmar.cz\/wp-content\/uploads\/2020\/02\/Kti\u0161sk\u00e1-hora-20042019-768x1024.jpg 768w, https:\/\/vkjc.bknezmar.cz\/wp-content\/uploads\/2020\/02\/Kti\u0161sk\u00e1-hora-20042019-225x300.jpg 225w, https:\/\/vkjc.bknezmar.cz\/wp-content\/uploads\/2020\/02\/Kti\u0161sk\u00e1-hora-20042019-1152x1536.jpg 1152w, https:\/\/vkjc.bknezmar.cz\/wp-content\/uploads\/2020\/02\/Kti\u0161sk\u00e1-hora-20042019-1536x2048.jpg 1536w, https:\/\/vkjc.bknezmar.cz\/wp-content\/uploads\/2020\/02\/Kti\u0161sk\u00e1-hora-20042019-113x150.jpg 113w, https:\/\/vkjc.bknezmar.cz\/wp-content\/uploads\/2020\/02\/Kti\u0161sk\u00e1-hora-20042019-800x1067.jpg 800w, https:\/\/vkjc.bknezmar.cz\/wp-content\/uploads\/2020\/02\/Kti\u0161sk\u00e1-hora-20042019-scaled.jpg 1920w\" sizes=\"(max-width: 768px) 100vw, 768px\" \/><\/figure><\/li><li class=\"blocks-gallery-item\"><figure><img loading=\"lazy\" width=\"768\" height=\"1024\" src=\"https:\/\/vkjc.bknezmar.cz\/wp-content\/uploads\/2020\/02\/Kupa-28062019-768x1024.jpg\" alt=\"\" data-id=\"431\" data-link=\"https:\/\/vkjc.bknezmar.cz\/?attachment_id=431\" class=\"wp-image-431\" srcset=\"https:\/\/vkjc.bknezmar.cz\/wp-content\/uploads\/2020\/02\/Kupa-28062019-768x1024.jpg 768w, https:\/\/vkjc.bknezmar.cz\/wp-content\/uploads\/2020\/02\/Kupa-28062019-225x300.jpg 225w, https:\/\/vkjc.bknezmar.cz\/wp-content\/uploads\/2020\/02\/Kupa-28062019-1152x1536.jpg 1152w, https:\/\/vkjc.bknezmar.cz\/wp-content\/uploads\/2020\/02\/Kupa-28062019-1536x2048.jpg 1536w, https:\/\/vkjc.bknezmar.cz\/wp-content\/uploads\/2020\/02\/Kupa-28062019-113x150.jpg 113w, https:\/\/vkjc.bknezmar.cz\/wp-content\/uploads\/2020\/02\/Kupa-28062019-800x1067.jpg 800w, https:\/\/vkjc.bknezmar.cz\/wp-content\/uploads\/2020\/02\/Kupa-28062019-scaled.jpg 1920w\" sizes=\"(max-width: 768px) 100vw, 768px\" \/><\/figure><\/li><li class=\"blocks-gallery-item\"><figure><img loading=\"lazy\" width=\"1024\" height=\"769\" src=\"https:\/\/vkjc.bknezmar.cz\/wp-content\/uploads\/2020\/02\/K\u016fstr\u00fd-05092019-1024x769.jpg\" alt=\"\" data-id=\"432\" data-link=\"https:\/\/vkjc.bknezmar.cz\/?attachment_id=432\" class=\"wp-image-432\" srcset=\"https:\/\/vkjc.bknezmar.cz\/wp-content\/uploads\/2020\/02\/K\u016fstr\u00fd-05092019-1024x769.jpg 1024w, https:\/\/vkjc.bknezmar.cz\/wp-content\/uploads\/2020\/02\/K\u016fstr\u00fd-05092019-300x225.jpg 300w, https:\/\/vkjc.bknezmar.cz\/wp-content\/uploads\/2020\/02\/K\u016fstr\u00fd-05092019-768x577.jpg 768w, https:\/\/vkjc.bknezmar.cz\/wp-content\/uploads\/2020\/02\/K\u016fstr\u00fd-05092019-1536x1154.jpg 1536w, https:\/\/vkjc.bknezmar.cz\/wp-content\/uploads\/2020\/02\/K\u016fstr\u00fd-05092019-2048x1539.jpg 2048w, https:\/\/vkjc.bknezmar.cz\/wp-content\/uploads\/2020\/02\/K\u016fstr\u00fd-05092019-150x113.jpg 150w, https:\/\/vkjc.bknezmar.cz\/wp-content\/uploads\/2020\/02\/K\u016fstr\u00fd-05092019-800x601.jpg 800w, https:\/\/vkjc.bknezmar.cz\/wp-content\/uploads\/2020\/02\/K\u016fstr\u00fd-05092019-400x300.jpg 400w\" sizes=\"(max-width: 1024px) 100vw, 1024px\" \/><\/figure><\/li><li class=\"blocks-gallery-item\"><figure><img loading=\"lazy\" width=\"1024\" height=\"768\" src=\"https:\/\/vkjc.bknezmar.cz\/wp-content\/uploads\/2020\/02\/Mal\u00fd-\u010cert\u016fv-n\u00e1ramek-08062019-1024x768.jpg\" alt=\"\" data-id=\"433\" data-link=\"https:\/\/vkjc.bknezmar.cz\/?attachment_id=433\" class=\"wp-image-433\" srcset=\"https:\/\/vkjc.bknezmar.cz\/wp-content\/uploads\/2020\/02\/Mal\u00fd-\u010cert\u016fv-n\u00e1ramek-08062019-1024x768.jpg 1024w, https:\/\/vkjc.bknezmar.cz\/wp-content\/uploads\/2020\/02\/Mal\u00fd-\u010cert\u016fv-n\u00e1ramek-08062019-300x225.jpg 300w, https:\/\/vkjc.bknezmar.cz\/wp-content\/uploads\/2020\/02\/Mal\u00fd-\u010cert\u016fv-n\u00e1ramek-08062019-768x576.jpg 768w, https:\/\/vkjc.bknezmar.cz\/wp-content\/uploads\/2020\/02\/Mal\u00fd-\u010cert\u016fv-n\u00e1ramek-08062019-1536x1152.jpg 1536w, https:\/\/vkjc.bknezmar.cz\/wp-content\/uploads\/2020\/02\/Mal\u00fd-\u010cert\u016fv-n\u00e1ramek-08062019-2048x1536.jpg 2048w, https:\/\/vkjc.bknezmar.cz\/wp-content\/uploads\/2020\/02\/Mal\u00fd-\u010cert\u016fv-n\u00e1ramek-08062019-150x113.jpg 150w, https:\/\/vkjc.bknezmar.cz\/wp-content\/uploads\/2020\/02\/Mal\u00fd-\u010cert\u016fv-n\u00e1ramek-08062019-800x600.jpg 800w, https:\/\/vkjc.bknezmar.cz\/wp-content\/uploads\/2020\/02\/Mal\u00fd-\u010cert\u016fv-n\u00e1ramek-08062019-400x300.jpg 400w\" sizes=\"(max-width: 1024px) 100vw, 1024px\" \/><\/figure><\/li><li class=\"blocks-gallery-item\"><figure><img loading=\"lazy\" width=\"1024\" height=\"769\" src=\"https:\/\/vkjc.bknezmar.cz\/wp-content\/uploads\/2020\/02\/Pod-Kamen\u00e1\u010dem-31082019-1024x769.jpg\" alt=\"\" data-id=\"434\" data-link=\"https:\/\/vkjc.bknezmar.cz\/?attachment_id=434\" class=\"wp-image-434\" srcset=\"https:\/\/vkjc.bknezmar.cz\/wp-content\/uploads\/2020\/02\/Pod-Kamen\u00e1\u010dem-31082019-1024x769.jpg 1024w, https:\/\/vkjc.bknezmar.cz\/wp-content\/uploads\/2020\/02\/Pod-Kamen\u00e1\u010dem-31082019-300x225.jpg 300w, https:\/\/vkjc.bknezmar.cz\/wp-content\/uploads\/2020\/02\/Pod-Kamen\u00e1\u010dem-31082019-768x577.jpg 768w, https:\/\/vkjc.bknezmar.cz\/wp-content\/uploads\/2020\/02\/Pod-Kamen\u00e1\u010dem-31082019-1536x1154.jpg 1536w, https:\/\/vkjc.bknezmar.cz\/wp-content\/uploads\/2020\/02\/Pod-Kamen\u00e1\u010dem-31082019-2048x1539.jpg 2048w, https:\/\/vkjc.bknezmar.cz\/wp-content\/uploads\/2020\/02\/Pod-Kamen\u00e1\u010dem-31082019-150x113.jpg 150w, https:\/\/vkjc.bknezmar.cz\/wp-content\/uploads\/2020\/02\/Pod-Kamen\u00e1\u010dem-31082019-800x601.jpg 800w, https:\/\/vkjc.bknezmar.cz\/wp-content\/uploads\/2020\/02\/Pod-Kamen\u00e1\u010dem-31082019-400x300.jpg 400w\" sizes=\"(max-width: 1024px) 100vw, 1024px\" \/><\/figure><\/li><li class=\"blocks-gallery-item\"><figure><img loading=\"lazy\" width=\"768\" height=\"1024\" src=\"https:\/\/vkjc.bknezmar.cz\/wp-content\/uploads\/2020\/02\/Raziberk-1904209-768x1024.jpg\" alt=\"\" data-id=\"435\" data-link=\"https:\/\/vkjc.bknezmar.cz\/?attachment_id=435\" class=\"wp-image-435\" srcset=\"https:\/\/vkjc.bknezmar.cz\/wp-content\/uploads\/2020\/02\/Raziberk-1904209-768x1024.jpg 768w, https:\/\/vkjc.bknezmar.cz\/wp-content\/uploads\/2020\/02\/Raziberk-1904209-225x300.jpg 225w, https:\/\/vkjc.bknezmar.cz\/wp-content\/uploads\/2020\/02\/Raziberk-1904209-1152x1536.jpg 1152w, https:\/\/vkjc.bknezmar.cz\/wp-content\/uploads\/2020\/02\/Raziberk-1904209-1536x2048.jpg 1536w, https:\/\/vkjc.bknezmar.cz\/wp-content\/uploads\/2020\/02\/Raziberk-1904209-113x150.jpg 113w, https:\/\/vkjc.bknezmar.cz\/wp-content\/uploads\/2020\/02\/Raziberk-1904209-800x1067.jpg 800w, https:\/\/vkjc.bknezmar.cz\/wp-content\/uploads\/2020\/02\/Raziberk-1904209-scaled.jpg 1920w\" sizes=\"(max-width: 768px) 100vw, 768px\" \/><\/figure><\/li><li class=\"blocks-gallery-item\"><figure><img loading=\"lazy\" width=\"1024\" height=\"769\" src=\"https:\/\/vkjc.bknezmar.cz\/wp-content\/uploads\/2020\/02\/Skalka-M\u011bd\u011bn\u00fd-vrch-05072019-1024x769.jpg\" alt=\"\" data-id=\"436\" data-link=\"https:\/\/vkjc.bknezmar.cz\/?attachment_id=436\" class=\"wp-image-436\" srcset=\"https:\/\/vkjc.bknezmar.cz\/wp-content\/uploads\/2020\/02\/Skalka-M\u011bd\u011bn\u00fd-vrch-05072019-1024x769.jpg 1024w, https:\/\/vkjc.bknezmar.cz\/wp-content\/uploads\/2020\/02\/Skalka-M\u011bd\u011bn\u00fd-vrch-05072019-300x225.jpg 300w, https:\/\/vkjc.bknezmar.cz\/wp-content\/uploads\/2020\/02\/Skalka-M\u011bd\u011bn\u00fd-vrch-05072019-768x577.jpg 768w, https:\/\/vkjc.bknezmar.cz\/wp-content\/uploads\/2020\/02\/Skalka-M\u011bd\u011bn\u00fd-vrch-05072019-1536x1154.jpg 1536w, https:\/\/vkjc.bknezmar.cz\/wp-content\/uploads\/2020\/02\/Skalka-M\u011bd\u011bn\u00fd-vrch-05072019-2048x1539.jpg 2048w, https:\/\/vkjc.bknezmar.cz\/wp-content\/uploads\/2020\/02\/Skalka-M\u011bd\u011bn\u00fd-vrch-05072019-150x113.jpg 150w, https:\/\/vkjc.bknezmar.cz\/wp-content\/uploads\/2020\/02\/Skalka-M\u011bd\u011bn\u00fd-vrch-05072019-800x601.jpg 800w, https:\/\/vkjc.bknezmar.cz\/wp-content\/uploads\/2020\/02\/Skalka-M\u011bd\u011bn\u00fd-vrch-05072019-400x300.jpg 400w\" sizes=\"(max-width: 1024px) 100vw, 1024px\" \/><\/figure><\/li><li class=\"blocks-gallery-item\"><figure><img loading=\"lazy\" width=\"1024\" height=\"769\" src=\"https:\/\/vkjc.bknezmar.cz\/wp-content\/uploads\/2020\/02\/Slunovratn\u00e9-kameny-14092019-1024x769.jpg\" alt=\"\" data-id=\"437\" data-link=\"https:\/\/vkjc.bknezmar.cz\/?attachment_id=437\" class=\"wp-image-437\" srcset=\"https:\/\/vkjc.bknezmar.cz\/wp-content\/uploads\/2020\/02\/Slunovratn\u00e9-kameny-14092019-1024x769.jpg 1024w, https:\/\/vkjc.bknezmar.cz\/wp-content\/uploads\/2020\/02\/Slunovratn\u00e9-kameny-14092019-300x225.jpg 300w, https:\/\/vkjc.bknezmar.cz\/wp-content\/uploads\/2020\/02\/Slunovratn\u00e9-kameny-14092019-768x577.jpg 768w, https:\/\/vkjc.bknezmar.cz\/wp-content\/uploads\/2020\/02\/Slunovratn\u00e9-kameny-14092019-1536x1154.jpg 1536w, https:\/\/vkjc.bknezmar.cz\/wp-content\/uploads\/2020\/02\/Slunovratn\u00e9-kameny-14092019-2048x1539.jpg 2048w, https:\/\/vkjc.bknezmar.cz\/wp-content\/uploads\/2020\/02\/Slunovratn\u00e9-kameny-14092019-150x113.jpg 150w, https:\/\/vkjc.bknezmar.cz\/wp-content\/uploads\/2020\/02\/Slunovratn\u00e9-kameny-14092019-800x601.jpg 800w, https:\/\/vkjc.bknezmar.cz\/wp-content\/uploads\/2020\/02\/Slunovratn\u00e9-kameny-14092019-400x300.jpg 400w\" sizes=\"(max-width: 1024px) 100vw, 1024px\" \/><\/figure><\/li><li class=\"blocks-gallery-item\"><figure><img loading=\"lazy\" width=\"1024\" height=\"769\" src=\"https:\/\/vkjc.bknezmar.cz\/wp-content\/uploads\/2020\/02\/T\u016fm\u016fv-vrch-05072019-1024x769.jpg\" alt=\"\" data-id=\"439\" data-full-url=\"https:\/\/vkjc.bknezmar.cz\/wp-content\/uploads\/2020\/02\/T\u016fm\u016fv-vrch-05072019-scaled.jpg\" data-link=\"https:\/\/vkjc.bknezmar.cz\/?attachment_id=439\" class=\"wp-image-439\" srcset=\"https:\/\/vkjc.bknezmar.cz\/wp-content\/uploads\/2020\/02\/T\u016fm\u016fv-vrch-05072019-1024x769.jpg 1024w, https:\/\/vkjc.bknezmar.cz\/wp-content\/uploads\/2020\/02\/T\u016fm\u016fv-vrch-05072019-300x225.jpg 300w, https:\/\/vkjc.bknezmar.cz\/wp-content\/uploads\/2020\/02\/T\u016fm\u016fv-vrch-05072019-768x577.jpg 768w, https:\/\/vkjc.bknezmar.cz\/wp-content\/uploads\/2020\/02\/T\u016fm\u016fv-vrch-05072019-1536x1154.jpg 1536w, https:\/\/vkjc.bknezmar.cz\/wp-content\/uploads\/2020\/02\/T\u016fm\u016fv-vrch-05072019-2048x1539.jpg 2048w, https:\/\/vkjc.bknezmar.cz\/wp-content\/uploads\/2020\/02\/T\u016fm\u016fv-vrch-05072019-150x113.jpg 150w, https:\/\/vkjc.bknezmar.cz\/wp-content\/uploads\/2020\/02\/T\u016fm\u016fv-vrch-05072019-800x601.jpg 800w, https:\/\/vkjc.bknezmar.cz\/wp-content\/uploads\/2020\/02\/T\u016fm\u016fv-vrch-05072019-400x300.jpg 400w\" sizes=\"(max-width: 1024px) 100vw, 1024px\" \/><\/figure><\/li><li class=\"blocks-gallery-item\"><figure><img loading=\"lazy\" width=\"768\" height=\"1024\" src=\"https:\/\/vkjc.bknezmar.cz\/wp-content\/uploads\/2020\/02\/Turnberg-22042019-768x1024.jpg\" alt=\"\" data-id=\"440\" data-full-url=\"https:\/\/vkjc.bknezmar.cz\/wp-content\/uploads\/2020\/02\/Turnberg-22042019-scaled.jpg\" data-link=\"https:\/\/vkjc.bknezmar.cz\/?attachment_id=440\" class=\"wp-image-440\" srcset=\"https:\/\/vkjc.bknezmar.cz\/wp-content\/uploads\/2020\/02\/Turnberg-22042019-768x1024.jpg 768w, https:\/\/vkjc.bknezmar.cz\/wp-content\/uploads\/2020\/02\/Turnberg-22042019-225x300.jpg 225w, https:\/\/vkjc.bknezmar.cz\/wp-content\/uploads\/2020\/02\/Turnberg-22042019-1152x1536.jpg 1152w, https:\/\/vkjc.bknezmar.cz\/wp-content\/uploads\/2020\/02\/Turnberg-22042019-1536x2048.jpg 1536w, https:\/\/vkjc.bknezmar.cz\/wp-content\/uploads\/2020\/02\/Turnberg-22042019-113x150.jpg 113w, https:\/\/vkjc.bknezmar.cz\/wp-content\/uploads\/2020\/02\/Turnberg-22042019-800x1067.jpg 800w, https:\/\/vkjc.bknezmar.cz\/wp-content\/uploads\/2020\/02\/Turnberg-22042019-scaled.jpg 1920w\" sizes=\"(max-width: 768px) 100vw, 768px\" \/><\/figure><\/li><li class=\"blocks-gallery-item\"><figure><img loading=\"lazy\" width=\"768\" height=\"1024\" src=\"https:\/\/vkjc.bknezmar.cz\/wp-content\/uploads\/2020\/02\/Velk\u00fd-Meheln\u00edk-24082019-768x1024.jpg\" alt=\"\" data-id=\"441\" data-full-url=\"https:\/\/vkjc.bknezmar.cz\/wp-content\/uploads\/2020\/02\/Velk\u00fd-Meheln\u00edk-24082019-scaled.jpg\" data-link=\"https:\/\/vkjc.bknezmar.cz\/?attachment_id=441\" class=\"wp-image-441\" srcset=\"https:\/\/vkjc.bknezmar.cz\/wp-content\/uploads\/2020\/02\/Velk\u00fd-Meheln\u00edk-24082019-768x1024.jpg 768w, https:\/\/vkjc.bknezmar.cz\/wp-content\/uploads\/2020\/02\/Velk\u00fd-Meheln\u00edk-24082019-225x300.jpg 225w, https:\/\/vkjc.bknezmar.cz\/wp-content\/uploads\/2020\/02\/Velk\u00fd-Meheln\u00edk-24082019-1152x1536.jpg 1152w, https:\/\/vkjc.bknezmar.cz\/wp-content\/uploads\/2020\/02\/Velk\u00fd-Meheln\u00edk-24082019-1536x2048.jpg 1536w, https:\/\/vkjc.bknezmar.cz\/wp-content\/uploads\/2020\/02\/Velk\u00fd-Meheln\u00edk-24082019-113x150.jpg 113w, https:\/\/vkjc.bknezmar.cz\/wp-content\/uploads\/2020\/02\/Velk\u00fd-Meheln\u00edk-24082019-800x1067.jpg 800w, https:\/\/vkjc.bknezmar.cz\/wp-content\/uploads\/2020\/02\/Velk\u00fd-Meheln\u00edk-24082019-scaled.jpg 1920w\" sizes=\"(max-width: 768px) 100vw, 768px\" \/><\/figure><\/li><li class=\"blocks-gallery-item\"><figure><img loading=\"lazy\" width=\"1024\" height=\"768\" src=\"https:\/\/vkjc.bknezmar.cz\/wp-content\/uploads\/2020\/02\/Zelen\u00fd-vrch-09062019-1024x768.jpg\" alt=\"\" data-id=\"442\" data-full-url=\"https:\/\/vkjc.bknezmar.cz\/wp-content\/uploads\/2020\/02\/Zelen\u00fd-vrch-09062019-scaled.jpg\" data-link=\"https:\/\/vkjc.bknezmar.cz\/?attachment_id=442\" class=\"wp-image-442\" srcset=\"https:\/\/vkjc.bknezmar.cz\/wp-content\/uploads\/2020\/02\/Zelen\u00fd-vrch-09062019-1024x768.jpg 1024w, https:\/\/vkjc.bknezmar.cz\/wp-content\/uploads\/2020\/02\/Zelen\u00fd-vrch-09062019-300x225.jpg 300w, https:\/\/vkjc.bknezmar.cz\/wp-content\/uploads\/2020\/02\/Zelen\u00fd-vrch-09062019-768x576.jpg 768w, https:\/\/vkjc.bknezmar.cz\/wp-content\/uploads\/2020\/02\/Zelen\u00fd-vrch-09062019-1536x1152.jpg 1536w, https:\/\/vkjc.bknezmar.cz\/wp-content\/uploads\/2020\/02\/Zelen\u00fd-vrch-09062019-2048x1536.jpg 2048w, https:\/\/vkjc.bknezmar.cz\/wp-content\/uploads\/2020\/02\/Zelen\u00fd-vrch-09062019-150x113.jpg 150w, https:\/\/vkjc.bknezmar.cz\/wp-content\/uploads\/2020\/02\/Zelen\u00fd-vrch-09062019-800x600.jpg 800w, https:\/\/vkjc.bknezmar.cz\/wp-content\/uploads\/2020\/02\/Zelen\u00fd-vrch-09062019-400x300.jpg 400w\" sizes=\"(max-width: 1024px) 100vw, 1024px\" \/><\/figure><\/li><li class=\"blocks-gallery-item\"><figure><img loading=\"lazy\" width=\"1024\" height=\"769\" src=\"https:\/\/vkjc.bknezmar.cz\/wp-content\/uploads\/2020\/02\/Zlat\u00e1-hora-25082019-1024x769.jpg\" alt=\"\" data-id=\"443\" data-full-url=\"https:\/\/vkjc.bknezmar.cz\/wp-content\/uploads\/2020\/02\/Zlat\u00e1-hora-25082019-scaled.jpg\" data-link=\"https:\/\/vkjc.bknezmar.cz\/?attachment_id=443\" class=\"wp-image-443\" srcset=\"https:\/\/vkjc.bknezmar.cz\/wp-content\/uploads\/2020\/02\/Zlat\u00e1-hora-25082019-1024x769.jpg 1024w, https:\/\/vkjc.bknezmar.cz\/wp-content\/uploads\/2020\/02\/Zlat\u00e1-hora-25082019-300x225.jpg 300w, https:\/\/vkjc.bknezmar.cz\/wp-content\/uploads\/2020\/02\/Zlat\u00e1-hora-25082019-768x577.jpg 768w, https:\/\/vkjc.bknezmar.cz\/wp-content\/uploads\/2020\/02\/Zlat\u00e1-hora-25082019-1536x1154.jpg 1536w, https:\/\/vkjc.bknezmar.cz\/wp-content\/uploads\/2020\/02\/Zlat\u00e1-hora-25082019-2048x1539.jpg 2048w, https:\/\/vkjc.bknezmar.cz\/wp-content\/uploads\/2020\/02\/Zlat\u00e1-hora-25082019-150x113.jpg 150w, https:\/\/vkjc.bknezmar.cz\/wp-content\/uploads\/2020\/02\/Zlat\u00e1-hora-25082019-800x601.jpg 800w, https:\/\/vkjc.bknezmar.cz\/wp-content\/uploads\/2020\/02\/Zlat\u00e1-hora-25082019-400x300.jpg 400w\" sizes=\"(max-width: 1024px) 100vw, 1024px\" \/><\/figure><\/li><\/ul><\/figure>\n","protected":false},"excerpt":{"rendered":"<p>Bude Bohumil Kov\u00e1rna posledn\u00ed v leto\u0161n\u00edm ro\u010dn\u00edku Vrcha\u0159sk\u00e9 koruny Ji\u017en\u00edch \u010cech? Blahop\u0159ejeme. Ahoj, Zas\u00edl\u00e1m zpr\u00e1vu ohledn\u011b \u00fasp\u011b\u0161n\u00e9ho zdol\u00e1n\u00ed Vrcha\u0159sk\u00e9 koruny ji\u017en\u00edch \u010cech 2019. Letos jsem si to vychutn\u00e1val skoro p\u016fl roku. Vrcholy jsem pov\u011bt\u0161inou zdol\u00e1val postupn\u011b po jednom. Vyr\u00e1\u017eel jsem pro m\u011b z obvykl\u00fdch m\u00edst. T.j. \u010cesk\u00fdch Bud\u011bjovic, Strakonic a Ho\u0159ic na \u0160umav\u011b. Pouze vzd\u00e1len\u011bj\u0161\u00ed&#8230;<\/p>\n","protected":false},"author":2,"featured_media":433,"comment_status":"open","ping_status":"open","sticky":false,"template":"","format":"standard","meta":[],"categories":[12,13],"tags":[],"_links":{"self":[{"href":"https:\/\/vkjc.bknezmar.cz\/index.php?rest_route=\/wp\/v2\/posts\/129"}],"collection":[{"href":"https:\/\/vkjc.bknezmar.cz\/index.php?rest_route=\/wp\/v2\/posts"}],"about":[{"href":"https:\/\/vkjc.bknezmar.cz\/index.php?rest_route=\/wp\/v2\/types\/post"}],"author":[{"embeddable":true,"href":"https:\/\/vkjc.bknezmar.cz\/index.php?rest_route=\/wp\/v2\/users\/2"}],"replies":[{"embeddable":true,"href":"https:\/\/vkjc.bknezmar.cz\/index.php?rest_route=%2Fwp%2Fv2%2Fcomments&post=129"}],"version-history":[{"count":3,"href":"https:\/\/vkjc.bknezmar.cz\/index.php?rest_route=\/wp\/v2\/posts\/129\/revisions"}],"predecessor-version":[{"id":444,"href":"https:\/\/vkjc.bknezmar.cz\/index.php?rest_route=\/wp\/v2\/posts\/129\/revisions\/444"}],"wp:featuredmedia":[{"embeddable":true,"href":"https:\/\/vkjc.bknezmar.cz\/index.php?rest_route=\/wp\/v2\/media\/433"}],"wp:attachment":[{"href":"https:\/\/vkjc.bknezmar.cz\/index.php?rest_route=%2Fwp%2Fv2%2Fmedia&parent=129"}],"wp:term":[{"taxonomy":"category","embeddable":true,"href":"https:\/\/vkjc.bknezmar.cz\/index.php?rest_route=%2Fwp%2Fv2%2Fcategories&post=129"},{"taxonomy":"post_tag","embeddable":true,"href":"https:\/\/vkjc.bknezmar.cz\/index.php?rest_route=%2Fwp%2Fv2%2Ftags&post=129"}],"curies":[{"name":"wp","href":"https:\/\/api.w.org\/{rel}","templated":true}]}}