{"id":1279,"date":"2020-05-12T08:04:32","date_gmt":"2020-05-12T06:04:32","guid":{"rendered":"https:\/\/vkjc.bknezmar.cz\/?p=1279"},"modified":"2020-05-12T08:06:22","modified_gmt":"2020-05-12T06:06:22","slug":"standa-koubik-je-dalsim-dobyvatelem-vkjc-2020","status":"publish","type":"post","link":"https:\/\/vkjc.bknezmar.cz\/?p=1279","title":{"rendered":"Standa Koub\u00edk je dal\u0161\u00edm dobyvatelem VKJ\u010c 2020"},"content":{"rendered":"\n<p>a to v obou kategori\u00edch V\u00fdkon i V\u00fdlet<\/p>\n\n\n\n<p>&#8222;Po odstartov\u00e1n\u00ed a zru\u0161en\u00ed z\u00e1kazu voln\u00e9ho pohybu jsem podnikl ihned v p\u00e1tek na oslavu krat\u0161\u00ed v\u00fdlet pro prvn\u00ed 2 obl\u00edben\u00e9 vrcholy. Proto\u017ee letos nebylo mo\u017en\u00e9 zajistit ubytov\u00e1n\u00ed po trati &#8211; musel jsem vyrazit se spac\u00e1kem. Po\u010dkal jsem si tedy na vhodn\u011bj\u0161\u00ed po\u010das\u00ed a v\u0161echny vrcholy zdolal na horsk\u00e9m kole okruhem z Pacova bez p\u0159ibl\u00ed\u017een\u00ed &#8211; ten posledn\u00ed 10.5.2020 ve 20:30 + no\u010dn\u00ed dojezd dom\u016f a pak do pr\u00e1ce. Letos jsem si na trati u\u017eil hodn\u011b z\u00e1\u017eitk\u016f, defekt\u016f, komplikac\u00ed a improvizac\u00ed, &#8230; &#8220;    <\/p>\n\n\n\n<p>co dodat? Blahop\u0159ejeme a dr\u017e\u00edme palce, proto\u017ee jestli pro n\u011bkoho Vrcha\u0159sk\u00e9 koruny zdol\u00e1n\u00edm VKJ\u010c kon\u010d\u00ed, tak pro Standu je to teprve za\u010d\u00e1tek. Nezb\u00fdv\u00e1 ne\u017e rozjet tipova\u010dku &#8211; kolik Vrcha\u0159sk\u00fdch korun Standa letos zdol\u00e1? Dvan\u00e1ct jako loni? Nebo je\u0161t\u011b n\u011bjakou p\u0159id\u00e1?<\/p>\n\n\n\n<p>Ka\u017edop\u00e1dn\u011b n\u00e1m lichot\u00ed, \u017ee ta na\u0161e byla mezi prvn\u00edmi \ud83d\ude42<\/p>\n\n\n\n<figure class=\"wp-block-gallery columns-3 is-cropped\"><ul class=\"blocks-gallery-grid\"><li class=\"blocks-gallery-item\"><figure><img loading=\"lazy\" width=\"1024\" height=\"768\" src=\"https:\/\/vkjc.bknezmar.cz\/wp-content\/uploads\/2020\/05\/1.-Vyhl\u00eddka-nad-prameny-Vltavy-1024x768.jpg\" alt=\"\" data-id=\"1283\" data-full-url=\"https:\/\/vkjc.bknezmar.cz\/wp-content\/uploads\/2020\/05\/1.-Vyhl\u00eddka-nad-prameny-Vltavy.jpg\" data-link=\"https:\/\/vkjc.bknezmar.cz\/?attachment_id=1283\" class=\"wp-image-1283\" srcset=\"https:\/\/vkjc.bknezmar.cz\/wp-content\/uploads\/2020\/05\/1.-Vyhl\u00eddka-nad-prameny-Vltavy-1024x768.jpg 1024w, https:\/\/vkjc.bknezmar.cz\/wp-content\/uploads\/2020\/05\/1.-Vyhl\u00eddka-nad-prameny-Vltavy-300x225.jpg 300w, https:\/\/vkjc.bknezmar.cz\/wp-content\/uploads\/2020\/05\/1.-Vyhl\u00eddka-nad-prameny-Vltavy-768x576.jpg 768w, https:\/\/vkjc.bknezmar.cz\/wp-content\/uploads\/2020\/05\/1.-Vyhl\u00eddka-nad-prameny-Vltavy-150x113.jpg 150w, https:\/\/vkjc.bknezmar.cz\/wp-content\/uploads\/2020\/05\/1.-Vyhl\u00eddka-nad-prameny-Vltavy-800x600.jpg 800w, https:\/\/vkjc.bknezmar.cz\/wp-content\/uploads\/2020\/05\/1.-Vyhl\u00eddka-nad-prameny-Vltavy-400x300.jpg 400w, https:\/\/vkjc.bknezmar.cz\/wp-content\/uploads\/2020\/05\/1.-Vyhl\u00eddka-nad-prameny-Vltavy.jpg 1280w\" sizes=\"(max-width: 1024px) 100vw, 1024px\" \/><\/figure><\/li><li class=\"blocks-gallery-item\"><figure><img loading=\"lazy\" width=\"1024\" height=\"768\" src=\"https:\/\/vkjc.bknezmar.cz\/wp-content\/uploads\/2020\/05\/2.-K\u0159\u00ed\u017eov\u00e1-hora-a-1024x768.jpg\" alt=\"\" data-id=\"1284\" data-full-url=\"https:\/\/vkjc.bknezmar.cz\/wp-content\/uploads\/2020\/05\/2.-K\u0159\u00ed\u017eov\u00e1-hora-a.jpg\" data-link=\"https:\/\/vkjc.bknezmar.cz\/?attachment_id=1284\" class=\"wp-image-1284\" srcset=\"https:\/\/vkjc.bknezmar.cz\/wp-content\/uploads\/2020\/05\/2.-K\u0159\u00ed\u017eov\u00e1-hora-a-1024x768.jpg 1024w, https:\/\/vkjc.bknezmar.cz\/wp-content\/uploads\/2020\/05\/2.-K\u0159\u00ed\u017eov\u00e1-hora-a-300x225.jpg 300w, https:\/\/vkjc.bknezmar.cz\/wp-content\/uploads\/2020\/05\/2.-K\u0159\u00ed\u017eov\u00e1-hora-a-768x576.jpg 768w, https:\/\/vkjc.bknezmar.cz\/wp-content\/uploads\/2020\/05\/2.-K\u0159\u00ed\u017eov\u00e1-hora-a-150x113.jpg 150w, https:\/\/vkjc.bknezmar.cz\/wp-content\/uploads\/2020\/05\/2.-K\u0159\u00ed\u017eov\u00e1-hora-a-800x600.jpg 800w, https:\/\/vkjc.bknezmar.cz\/wp-content\/uploads\/2020\/05\/2.-K\u0159\u00ed\u017eov\u00e1-hora-a-400x300.jpg 400w, https:\/\/vkjc.bknezmar.cz\/wp-content\/uploads\/2020\/05\/2.-K\u0159\u00ed\u017eov\u00e1-hora-a.jpg 1280w\" sizes=\"(max-width: 1024px) 100vw, 1024px\" \/><\/figure><\/li><li class=\"blocks-gallery-item\"><figure><img loading=\"lazy\" width=\"1024\" height=\"768\" src=\"https:\/\/vkjc.bknezmar.cz\/wp-content\/uploads\/2020\/05\/3.-Velk\u00fd-k\u00e1men-Besednick\u00e1-hora-1024x768.jpg\" alt=\"\" data-id=\"1285\" data-full-url=\"https:\/\/vkjc.bknezmar.cz\/wp-content\/uploads\/2020\/05\/3.-Velk\u00fd-k\u00e1men-Besednick\u00e1-hora.jpg\" data-link=\"https:\/\/vkjc.bknezmar.cz\/?attachment_id=1285\" class=\"wp-image-1285\" srcset=\"https:\/\/vkjc.bknezmar.cz\/wp-content\/uploads\/2020\/05\/3.-Velk\u00fd-k\u00e1men-Besednick\u00e1-hora-1024x768.jpg 1024w, https:\/\/vkjc.bknezmar.cz\/wp-content\/uploads\/2020\/05\/3.-Velk\u00fd-k\u00e1men-Besednick\u00e1-hora-300x225.jpg 300w, https:\/\/vkjc.bknezmar.cz\/wp-content\/uploads\/2020\/05\/3.-Velk\u00fd-k\u00e1men-Besednick\u00e1-hora-768x576.jpg 768w, https:\/\/vkjc.bknezmar.cz\/wp-content\/uploads\/2020\/05\/3.-Velk\u00fd-k\u00e1men-Besednick\u00e1-hora-150x113.jpg 150w, https:\/\/vkjc.bknezmar.cz\/wp-content\/uploads\/2020\/05\/3.-Velk\u00fd-k\u00e1men-Besednick\u00e1-hora-800x600.jpg 800w, https:\/\/vkjc.bknezmar.cz\/wp-content\/uploads\/2020\/05\/3.-Velk\u00fd-k\u00e1men-Besednick\u00e1-hora-400x300.jpg 400w, https:\/\/vkjc.bknezmar.cz\/wp-content\/uploads\/2020\/05\/3.-Velk\u00fd-k\u00e1men-Besednick\u00e1-hora.jpg 1280w\" sizes=\"(max-width: 1024px) 100vw, 1024px\" \/><\/figure><\/li><li class=\"blocks-gallery-item\"><figure><img loading=\"lazy\" width=\"1024\" height=\"768\" src=\"https:\/\/vkjc.bknezmar.cz\/wp-content\/uploads\/2020\/05\/4.-\u0160elmberk-1024x768.jpg\" alt=\"\" data-id=\"1286\" data-full-url=\"https:\/\/vkjc.bknezmar.cz\/wp-content\/uploads\/2020\/05\/4.-\u0160elmberk.jpg\" data-link=\"https:\/\/vkjc.bknezmar.cz\/?attachment_id=1286\" class=\"wp-image-1286\" srcset=\"https:\/\/vkjc.bknezmar.cz\/wp-content\/uploads\/2020\/05\/4.-\u0160elmberk-1024x768.jpg 1024w, https:\/\/vkjc.bknezmar.cz\/wp-content\/uploads\/2020\/05\/4.-\u0160elmberk-300x225.jpg 300w, https:\/\/vkjc.bknezmar.cz\/wp-content\/uploads\/2020\/05\/4.-\u0160elmberk-768x576.jpg 768w, https:\/\/vkjc.bknezmar.cz\/wp-content\/uploads\/2020\/05\/4.-\u0160elmberk-150x113.jpg 150w, https:\/\/vkjc.bknezmar.cz\/wp-content\/uploads\/2020\/05\/4.-\u0160elmberk-800x600.jpg 800w, https:\/\/vkjc.bknezmar.cz\/wp-content\/uploads\/2020\/05\/4.-\u0160elmberk-400x300.jpg 400w, https:\/\/vkjc.bknezmar.cz\/wp-content\/uploads\/2020\/05\/4.-\u0160elmberk.jpg 1280w\" sizes=\"(max-width: 1024px) 100vw, 1024px\" \/><\/figure><\/li><li class=\"blocks-gallery-item\"><figure><img loading=\"lazy\" width=\"1024\" height=\"768\" src=\"https:\/\/vkjc.bknezmar.cz\/wp-content\/uploads\/2020\/05\/5.-Z\u0159\u00edcenina-kaple-Lutov\u00e1-1024x768.jpg\" alt=\"\" data-id=\"1287\" data-full-url=\"https:\/\/vkjc.bknezmar.cz\/wp-content\/uploads\/2020\/05\/5.-Z\u0159\u00edcenina-kaple-Lutov\u00e1.jpg\" data-link=\"https:\/\/vkjc.bknezmar.cz\/?attachment_id=1287\" class=\"wp-image-1287\" srcset=\"https:\/\/vkjc.bknezmar.cz\/wp-content\/uploads\/2020\/05\/5.-Z\u0159\u00edcenina-kaple-Lutov\u00e1-1024x768.jpg 1024w, https:\/\/vkjc.bknezmar.cz\/wp-content\/uploads\/2020\/05\/5.-Z\u0159\u00edcenina-kaple-Lutov\u00e1-300x225.jpg 300w, https:\/\/vkjc.bknezmar.cz\/wp-content\/uploads\/2020\/05\/5.-Z\u0159\u00edcenina-kaple-Lutov\u00e1-768x576.jpg 768w, https:\/\/vkjc.bknezmar.cz\/wp-content\/uploads\/2020\/05\/5.-Z\u0159\u00edcenina-kaple-Lutov\u00e1-150x113.jpg 150w, https:\/\/vkjc.bknezmar.cz\/wp-content\/uploads\/2020\/05\/5.-Z\u0159\u00edcenina-kaple-Lutov\u00e1-800x600.jpg 800w, https:\/\/vkjc.bknezmar.cz\/wp-content\/uploads\/2020\/05\/5.-Z\u0159\u00edcenina-kaple-Lutov\u00e1-400x300.jpg 400w, https:\/\/vkjc.bknezmar.cz\/wp-content\/uploads\/2020\/05\/5.-Z\u0159\u00edcenina-kaple-Lutov\u00e1.jpg 1280w\" sizes=\"(max-width: 1024px) 100vw, 1024px\" \/><\/figure><\/li><li class=\"blocks-gallery-item\"><figure><img loading=\"lazy\" width=\"1024\" height=\"768\" src=\"https:\/\/vkjc.bknezmar.cz\/wp-content\/uploads\/2020\/05\/6.-\u0160iben\u00edk-1024x768.jpg\" alt=\"\" data-id=\"1288\" data-full-url=\"https:\/\/vkjc.bknezmar.cz\/wp-content\/uploads\/2020\/05\/6.-\u0160iben\u00edk.jpg\" data-link=\"https:\/\/vkjc.bknezmar.cz\/?attachment_id=1288\" class=\"wp-image-1288\" srcset=\"https:\/\/vkjc.bknezmar.cz\/wp-content\/uploads\/2020\/05\/6.-\u0160iben\u00edk-1024x768.jpg 1024w, https:\/\/vkjc.bknezmar.cz\/wp-content\/uploads\/2020\/05\/6.-\u0160iben\u00edk-300x225.jpg 300w, https:\/\/vkjc.bknezmar.cz\/wp-content\/uploads\/2020\/05\/6.-\u0160iben\u00edk-768x576.jpg 768w, https:\/\/vkjc.bknezmar.cz\/wp-content\/uploads\/2020\/05\/6.-\u0160iben\u00edk-150x113.jpg 150w, https:\/\/vkjc.bknezmar.cz\/wp-content\/uploads\/2020\/05\/6.-\u0160iben\u00edk-800x600.jpg 800w, https:\/\/vkjc.bknezmar.cz\/wp-content\/uploads\/2020\/05\/6.-\u0160iben\u00edk-400x300.jpg 400w, https:\/\/vkjc.bknezmar.cz\/wp-content\/uploads\/2020\/05\/6.-\u0160iben\u00edk.jpg 1280w\" sizes=\"(max-width: 1024px) 100vw, 1024px\" \/><\/figure><\/li><li class=\"blocks-gallery-item\"><figure><img loading=\"lazy\" width=\"1024\" height=\"768\" src=\"https:\/\/vkjc.bknezmar.cz\/wp-content\/uploads\/2020\/05\/7.-Nejji\u017en\u011bj\u0161\u00ed-bod-\u010cR-1024x768.jpg\" alt=\"\" data-id=\"1289\" data-full-url=\"https:\/\/vkjc.bknezmar.cz\/wp-content\/uploads\/2020\/05\/7.-Nejji\u017en\u011bj\u0161\u00ed-bod-\u010cR.jpg\" data-link=\"https:\/\/vkjc.bknezmar.cz\/?attachment_id=1289\" class=\"wp-image-1289\" srcset=\"https:\/\/vkjc.bknezmar.cz\/wp-content\/uploads\/2020\/05\/7.-Nejji\u017en\u011bj\u0161\u00ed-bod-\u010cR-1024x768.jpg 1024w, https:\/\/vkjc.bknezmar.cz\/wp-content\/uploads\/2020\/05\/7.-Nejji\u017en\u011bj\u0161\u00ed-bod-\u010cR-300x225.jpg 300w, https:\/\/vkjc.bknezmar.cz\/wp-content\/uploads\/2020\/05\/7.-Nejji\u017en\u011bj\u0161\u00ed-bod-\u010cR-768x576.jpg 768w, https:\/\/vkjc.bknezmar.cz\/wp-content\/uploads\/2020\/05\/7.-Nejji\u017en\u011bj\u0161\u00ed-bod-\u010cR-150x113.jpg 150w, https:\/\/vkjc.bknezmar.cz\/wp-content\/uploads\/2020\/05\/7.-Nejji\u017en\u011bj\u0161\u00ed-bod-\u010cR-800x600.jpg 800w, https:\/\/vkjc.bknezmar.cz\/wp-content\/uploads\/2020\/05\/7.-Nejji\u017en\u011bj\u0161\u00ed-bod-\u010cR-400x300.jpg 400w, https:\/\/vkjc.bknezmar.cz\/wp-content\/uploads\/2020\/05\/7.-Nejji\u017en\u011bj\u0161\u00ed-bod-\u010cR.jpg 1280w\" sizes=\"(max-width: 1024px) 100vw, 1024px\" \/><\/figure><\/li><li class=\"blocks-gallery-item\"><figure><img loading=\"lazy\" width=\"1024\" height=\"768\" src=\"https:\/\/vkjc.bknezmar.cz\/wp-content\/uploads\/2020\/05\/8.-Svobodn\u00e1-hora-1024x768.jpg\" alt=\"\" data-id=\"1290\" data-full-url=\"https:\/\/vkjc.bknezmar.cz\/wp-content\/uploads\/2020\/05\/8.-Svobodn\u00e1-hora.jpg\" data-link=\"https:\/\/vkjc.bknezmar.cz\/?attachment_id=1290\" class=\"wp-image-1290\" srcset=\"https:\/\/vkjc.bknezmar.cz\/wp-content\/uploads\/2020\/05\/8.-Svobodn\u00e1-hora-1024x768.jpg 1024w, https:\/\/vkjc.bknezmar.cz\/wp-content\/uploads\/2020\/05\/8.-Svobodn\u00e1-hora-300x225.jpg 300w, https:\/\/vkjc.bknezmar.cz\/wp-content\/uploads\/2020\/05\/8.-Svobodn\u00e1-hora-768x576.jpg 768w, https:\/\/vkjc.bknezmar.cz\/wp-content\/uploads\/2020\/05\/8.-Svobodn\u00e1-hora-150x113.jpg 150w, https:\/\/vkjc.bknezmar.cz\/wp-content\/uploads\/2020\/05\/8.-Svobodn\u00e1-hora-800x600.jpg 800w, https:\/\/vkjc.bknezmar.cz\/wp-content\/uploads\/2020\/05\/8.-Svobodn\u00e1-hora-400x300.jpg 400w, https:\/\/vkjc.bknezmar.cz\/wp-content\/uploads\/2020\/05\/8.-Svobodn\u00e1-hora.jpg 1280w\" sizes=\"(max-width: 1024px) 100vw, 1024px\" \/><\/figure><\/li><li class=\"blocks-gallery-item\"><figure><img loading=\"lazy\" width=\"1024\" height=\"768\" src=\"https:\/\/vkjc.bknezmar.cz\/wp-content\/uploads\/2020\/05\/9.-Hradi\u0161t\u011b-Ob\u0159\u00ed-hrad-1024x768.jpg\" alt=\"\" data-id=\"1291\" data-full-url=\"https:\/\/vkjc.bknezmar.cz\/wp-content\/uploads\/2020\/05\/9.-Hradi\u0161t\u011b-Ob\u0159\u00ed-hrad.jpg\" data-link=\"https:\/\/vkjc.bknezmar.cz\/?attachment_id=1291\" class=\"wp-image-1291\" srcset=\"https:\/\/vkjc.bknezmar.cz\/wp-content\/uploads\/2020\/05\/9.-Hradi\u0161t\u011b-Ob\u0159\u00ed-hrad-1024x768.jpg 1024w, https:\/\/vkjc.bknezmar.cz\/wp-content\/uploads\/2020\/05\/9.-Hradi\u0161t\u011b-Ob\u0159\u00ed-hrad-300x225.jpg 300w, https:\/\/vkjc.bknezmar.cz\/wp-content\/uploads\/2020\/05\/9.-Hradi\u0161t\u011b-Ob\u0159\u00ed-hrad-768x576.jpg 768w, https:\/\/vkjc.bknezmar.cz\/wp-content\/uploads\/2020\/05\/9.-Hradi\u0161t\u011b-Ob\u0159\u00ed-hrad-150x113.jpg 150w, https:\/\/vkjc.bknezmar.cz\/wp-content\/uploads\/2020\/05\/9.-Hradi\u0161t\u011b-Ob\u0159\u00ed-hrad-800x600.jpg 800w, https:\/\/vkjc.bknezmar.cz\/wp-content\/uploads\/2020\/05\/9.-Hradi\u0161t\u011b-Ob\u0159\u00ed-hrad-400x300.jpg 400w, https:\/\/vkjc.bknezmar.cz\/wp-content\/uploads\/2020\/05\/9.-Hradi\u0161t\u011b-Ob\u0159\u00ed-hrad.jpg 1280w\" sizes=\"(max-width: 1024px) 100vw, 1024px\" \/><\/figure><\/li><li class=\"blocks-gallery-item\"><figure><img loading=\"lazy\" width=\"1024\" height=\"768\" src=\"https:\/\/vkjc.bknezmar.cz\/wp-content\/uploads\/2020\/05\/10.-\u017didova-strouha-a-1024x768.jpg\" alt=\"\" data-id=\"1292\" data-full-url=\"https:\/\/vkjc.bknezmar.cz\/wp-content\/uploads\/2020\/05\/10.-\u017didova-strouha-a.jpg\" data-link=\"https:\/\/vkjc.bknezmar.cz\/?attachment_id=1292\" class=\"wp-image-1292\" srcset=\"https:\/\/vkjc.bknezmar.cz\/wp-content\/uploads\/2020\/05\/10.-\u017didova-strouha-a-1024x768.jpg 1024w, https:\/\/vkjc.bknezmar.cz\/wp-content\/uploads\/2020\/05\/10.-\u017didova-strouha-a-300x225.jpg 300w, https:\/\/vkjc.bknezmar.cz\/wp-content\/uploads\/2020\/05\/10.-\u017didova-strouha-a-768x576.jpg 768w, https:\/\/vkjc.bknezmar.cz\/wp-content\/uploads\/2020\/05\/10.-\u017didova-strouha-a-150x113.jpg 150w, https:\/\/vkjc.bknezmar.cz\/wp-content\/uploads\/2020\/05\/10.-\u017didova-strouha-a-800x600.jpg 800w, https:\/\/vkjc.bknezmar.cz\/wp-content\/uploads\/2020\/05\/10.-\u017didova-strouha-a-400x300.jpg 400w, https:\/\/vkjc.bknezmar.cz\/wp-content\/uploads\/2020\/05\/10.-\u017didova-strouha-a.jpg 1280w\" sizes=\"(max-width: 1024px) 100vw, 1024px\" \/><\/figure><\/li><li class=\"blocks-gallery-item\"><figure><img loading=\"lazy\" width=\"1024\" height=\"768\" src=\"https:\/\/vkjc.bknezmar.cz\/wp-content\/uploads\/2020\/05\/11.-Vysok\u00e1-B\u011bta-a-1024x768.jpg\" alt=\"\" data-id=\"1293\" data-full-url=\"https:\/\/vkjc.bknezmar.cz\/wp-content\/uploads\/2020\/05\/11.-Vysok\u00e1-B\u011bta-a.jpg\" data-link=\"https:\/\/vkjc.bknezmar.cz\/?attachment_id=1293\" class=\"wp-image-1293\" srcset=\"https:\/\/vkjc.bknezmar.cz\/wp-content\/uploads\/2020\/05\/11.-Vysok\u00e1-B\u011bta-a-1024x768.jpg 1024w, https:\/\/vkjc.bknezmar.cz\/wp-content\/uploads\/2020\/05\/11.-Vysok\u00e1-B\u011bta-a-300x225.jpg 300w, https:\/\/vkjc.bknezmar.cz\/wp-content\/uploads\/2020\/05\/11.-Vysok\u00e1-B\u011bta-a-768x576.jpg 768w, https:\/\/vkjc.bknezmar.cz\/wp-content\/uploads\/2020\/05\/11.-Vysok\u00e1-B\u011bta-a-150x113.jpg 150w, https:\/\/vkjc.bknezmar.cz\/wp-content\/uploads\/2020\/05\/11.-Vysok\u00e1-B\u011bta-a-800x600.jpg 800w, https:\/\/vkjc.bknezmar.cz\/wp-content\/uploads\/2020\/05\/11.-Vysok\u00e1-B\u011bta-a-400x300.jpg 400w, https:\/\/vkjc.bknezmar.cz\/wp-content\/uploads\/2020\/05\/11.-Vysok\u00e1-B\u011bta-a.jpg 1280w\" sizes=\"(max-width: 1024px) 100vw, 1024px\" \/><\/figure><\/li><li class=\"blocks-gallery-item\"><figure><img loading=\"lazy\" width=\"1024\" height=\"768\" src=\"https:\/\/vkjc.bknezmar.cz\/wp-content\/uploads\/2020\/05\/12.-Rozhledna-Sv\u00e1kov-1024x768.jpg\" alt=\"\" data-id=\"1294\" data-full-url=\"https:\/\/vkjc.bknezmar.cz\/wp-content\/uploads\/2020\/05\/12.-Rozhledna-Sv\u00e1kov.jpg\" data-link=\"https:\/\/vkjc.bknezmar.cz\/?attachment_id=1294\" class=\"wp-image-1294\" srcset=\"https:\/\/vkjc.bknezmar.cz\/wp-content\/uploads\/2020\/05\/12.-Rozhledna-Sv\u00e1kov-1024x768.jpg 1024w, https:\/\/vkjc.bknezmar.cz\/wp-content\/uploads\/2020\/05\/12.-Rozhledna-Sv\u00e1kov-300x225.jpg 300w, https:\/\/vkjc.bknezmar.cz\/wp-content\/uploads\/2020\/05\/12.-Rozhledna-Sv\u00e1kov-768x576.jpg 768w, https:\/\/vkjc.bknezmar.cz\/wp-content\/uploads\/2020\/05\/12.-Rozhledna-Sv\u00e1kov-150x113.jpg 150w, https:\/\/vkjc.bknezmar.cz\/wp-content\/uploads\/2020\/05\/12.-Rozhledna-Sv\u00e1kov-800x600.jpg 800w, https:\/\/vkjc.bknezmar.cz\/wp-content\/uploads\/2020\/05\/12.-Rozhledna-Sv\u00e1kov-400x300.jpg 400w, https:\/\/vkjc.bknezmar.cz\/wp-content\/uploads\/2020\/05\/12.-Rozhledna-Sv\u00e1kov.jpg 1280w\" sizes=\"(max-width: 1024px) 100vw, 1024px\" \/><\/figure><\/li><li class=\"blocks-gallery-item\"><figure><img loading=\"lazy\" width=\"1024\" height=\"768\" src=\"https:\/\/vkjc.bknezmar.cz\/wp-content\/uploads\/2020\/05\/13.-Vysok\u00fd-k\u00e1men--1024x768.jpg\" alt=\"\" data-id=\"1295\" data-full-url=\"https:\/\/vkjc.bknezmar.cz\/wp-content\/uploads\/2020\/05\/13.-Vysok\u00fd-k\u00e1men-.jpg\" data-link=\"https:\/\/vkjc.bknezmar.cz\/?attachment_id=1295\" class=\"wp-image-1295\" srcset=\"https:\/\/vkjc.bknezmar.cz\/wp-content\/uploads\/2020\/05\/13.-Vysok\u00fd-k\u00e1men--1024x768.jpg 1024w, https:\/\/vkjc.bknezmar.cz\/wp-content\/uploads\/2020\/05\/13.-Vysok\u00fd-k\u00e1men--300x225.jpg 300w, https:\/\/vkjc.bknezmar.cz\/wp-content\/uploads\/2020\/05\/13.-Vysok\u00fd-k\u00e1men--768x576.jpg 768w, https:\/\/vkjc.bknezmar.cz\/wp-content\/uploads\/2020\/05\/13.-Vysok\u00fd-k\u00e1men--150x113.jpg 150w, https:\/\/vkjc.bknezmar.cz\/wp-content\/uploads\/2020\/05\/13.-Vysok\u00fd-k\u00e1men--800x600.jpg 800w, https:\/\/vkjc.bknezmar.cz\/wp-content\/uploads\/2020\/05\/13.-Vysok\u00fd-k\u00e1men--400x300.jpg 400w, https:\/\/vkjc.bknezmar.cz\/wp-content\/uploads\/2020\/05\/13.-Vysok\u00fd-k\u00e1men-.jpg 1280w\" sizes=\"(max-width: 1024px) 100vw, 1024px\" \/><\/figure><\/li><li class=\"blocks-gallery-item\"><figure><img loading=\"lazy\" width=\"1024\" height=\"768\" src=\"https:\/\/vkjc.bknezmar.cz\/wp-content\/uploads\/2020\/05\/14.-\u0160pi\u010d\u00e1k-1024x768.jpg\" alt=\"\" data-id=\"1296\" data-full-url=\"https:\/\/vkjc.bknezmar.cz\/wp-content\/uploads\/2020\/05\/14.-\u0160pi\u010d\u00e1k.jpg\" data-link=\"https:\/\/vkjc.bknezmar.cz\/?attachment_id=1296\" class=\"wp-image-1296\" srcset=\"https:\/\/vkjc.bknezmar.cz\/wp-content\/uploads\/2020\/05\/14.-\u0160pi\u010d\u00e1k-1024x768.jpg 1024w, https:\/\/vkjc.bknezmar.cz\/wp-content\/uploads\/2020\/05\/14.-\u0160pi\u010d\u00e1k-300x225.jpg 300w, https:\/\/vkjc.bknezmar.cz\/wp-content\/uploads\/2020\/05\/14.-\u0160pi\u010d\u00e1k-768x576.jpg 768w, https:\/\/vkjc.bknezmar.cz\/wp-content\/uploads\/2020\/05\/14.-\u0160pi\u010d\u00e1k-150x113.jpg 150w, https:\/\/vkjc.bknezmar.cz\/wp-content\/uploads\/2020\/05\/14.-\u0160pi\u010d\u00e1k-800x600.jpg 800w, https:\/\/vkjc.bknezmar.cz\/wp-content\/uploads\/2020\/05\/14.-\u0160pi\u010d\u00e1k-400x300.jpg 400w, https:\/\/vkjc.bknezmar.cz\/wp-content\/uploads\/2020\/05\/14.-\u0160pi\u010d\u00e1k.jpg 1280w\" sizes=\"(max-width: 1024px) 100vw, 1024px\" \/><\/figure><\/li><li class=\"blocks-gallery-item\"><figure><img loading=\"lazy\" width=\"768\" height=\"1024\" src=\"https:\/\/vkjc.bknezmar.cz\/wp-content\/uploads\/2020\/05\/15.-Menhir-Mudrc.jpg\" alt=\"\" data-id=\"1297\" data-full-url=\"https:\/\/vkjc.bknezmar.cz\/wp-content\/uploads\/2020\/05\/15.-Menhir-Mudrc.jpg\" data-link=\"https:\/\/vkjc.bknezmar.cz\/?attachment_id=1297\" class=\"wp-image-1297\" srcset=\"https:\/\/vkjc.bknezmar.cz\/wp-content\/uploads\/2020\/05\/15.-Menhir-Mudrc.jpg 768w, https:\/\/vkjc.bknezmar.cz\/wp-content\/uploads\/2020\/05\/15.-Menhir-Mudrc-225x300.jpg 225w, https:\/\/vkjc.bknezmar.cz\/wp-content\/uploads\/2020\/05\/15.-Menhir-Mudrc-113x150.jpg 113w\" sizes=\"(max-width: 768px) 100vw, 768px\" \/><\/figure><\/li><li class=\"blocks-gallery-item\"><figure><img loading=\"lazy\" width=\"1024\" height=\"768\" src=\"https:\/\/vkjc.bknezmar.cz\/wp-content\/uploads\/2020\/05\/16.-Jelen\u00ed-h\u0159bet-1024x768.jpg\" alt=\"\" data-id=\"1298\" data-full-url=\"https:\/\/vkjc.bknezmar.cz\/wp-content\/uploads\/2020\/05\/16.-Jelen\u00ed-h\u0159bet.jpg\" data-link=\"https:\/\/vkjc.bknezmar.cz\/?attachment_id=1298\" class=\"wp-image-1298\" srcset=\"https:\/\/vkjc.bknezmar.cz\/wp-content\/uploads\/2020\/05\/16.-Jelen\u00ed-h\u0159bet-1024x768.jpg 1024w, https:\/\/vkjc.bknezmar.cz\/wp-content\/uploads\/2020\/05\/16.-Jelen\u00ed-h\u0159bet-300x225.jpg 300w, https:\/\/vkjc.bknezmar.cz\/wp-content\/uploads\/2020\/05\/16.-Jelen\u00ed-h\u0159bet-768x576.jpg 768w, https:\/\/vkjc.bknezmar.cz\/wp-content\/uploads\/2020\/05\/16.-Jelen\u00ed-h\u0159bet-150x113.jpg 150w, https:\/\/vkjc.bknezmar.cz\/wp-content\/uploads\/2020\/05\/16.-Jelen\u00ed-h\u0159bet-800x600.jpg 800w, https:\/\/vkjc.bknezmar.cz\/wp-content\/uploads\/2020\/05\/16.-Jelen\u00ed-h\u0159bet-400x300.jpg 400w, https:\/\/vkjc.bknezmar.cz\/wp-content\/uploads\/2020\/05\/16.-Jelen\u00ed-h\u0159bet.jpg 1280w\" sizes=\"(max-width: 1024px) 100vw, 1024px\" \/><\/figure><\/li><li class=\"blocks-gallery-item\"><figure><img loading=\"lazy\" width=\"1024\" height=\"768\" src=\"https:\/\/vkjc.bknezmar.cz\/wp-content\/uploads\/2020\/05\/17.-Rohanovsk\u00fd-vrch--1024x768.jpg\" alt=\"\" data-id=\"1299\" data-full-url=\"https:\/\/vkjc.bknezmar.cz\/wp-content\/uploads\/2020\/05\/17.-Rohanovsk\u00fd-vrch-.jpg\" data-link=\"https:\/\/vkjc.bknezmar.cz\/?attachment_id=1299\" class=\"wp-image-1299\" srcset=\"https:\/\/vkjc.bknezmar.cz\/wp-content\/uploads\/2020\/05\/17.-Rohanovsk\u00fd-vrch--1024x768.jpg 1024w, https:\/\/vkjc.bknezmar.cz\/wp-content\/uploads\/2020\/05\/17.-Rohanovsk\u00fd-vrch--300x225.jpg 300w, https:\/\/vkjc.bknezmar.cz\/wp-content\/uploads\/2020\/05\/17.-Rohanovsk\u00fd-vrch--768x576.jpg 768w, https:\/\/vkjc.bknezmar.cz\/wp-content\/uploads\/2020\/05\/17.-Rohanovsk\u00fd-vrch--150x113.jpg 150w, https:\/\/vkjc.bknezmar.cz\/wp-content\/uploads\/2020\/05\/17.-Rohanovsk\u00fd-vrch--800x600.jpg 800w, https:\/\/vkjc.bknezmar.cz\/wp-content\/uploads\/2020\/05\/17.-Rohanovsk\u00fd-vrch--400x300.jpg 400w, https:\/\/vkjc.bknezmar.cz\/wp-content\/uploads\/2020\/05\/17.-Rohanovsk\u00fd-vrch-.jpg 1280w\" sizes=\"(max-width: 1024px) 100vw, 1024px\" \/><\/figure><\/li><li class=\"blocks-gallery-item\"><figure><img loading=\"lazy\" width=\"1024\" height=\"768\" src=\"https:\/\/vkjc.bknezmar.cz\/wp-content\/uploads\/2020\/05\/18.-Pacova-hora-kapli\u010dka-1024x768.jpg\" alt=\"\" data-id=\"1300\" data-full-url=\"https:\/\/vkjc.bknezmar.cz\/wp-content\/uploads\/2020\/05\/18.-Pacova-hora-kapli\u010dka.jpg\" data-link=\"https:\/\/vkjc.bknezmar.cz\/?attachment_id=1300\" class=\"wp-image-1300\" srcset=\"https:\/\/vkjc.bknezmar.cz\/wp-content\/uploads\/2020\/05\/18.-Pacova-hora-kapli\u010dka-1024x768.jpg 1024w, https:\/\/vkjc.bknezmar.cz\/wp-content\/uploads\/2020\/05\/18.-Pacova-hora-kapli\u010dka-300x225.jpg 300w, https:\/\/vkjc.bknezmar.cz\/wp-content\/uploads\/2020\/05\/18.-Pacova-hora-kapli\u010dka-768x576.jpg 768w, https:\/\/vkjc.bknezmar.cz\/wp-content\/uploads\/2020\/05\/18.-Pacova-hora-kapli\u010dka-150x113.jpg 150w, https:\/\/vkjc.bknezmar.cz\/wp-content\/uploads\/2020\/05\/18.-Pacova-hora-kapli\u010dka-800x600.jpg 800w, https:\/\/vkjc.bknezmar.cz\/wp-content\/uploads\/2020\/05\/18.-Pacova-hora-kapli\u010dka-400x300.jpg 400w, https:\/\/vkjc.bknezmar.cz\/wp-content\/uploads\/2020\/05\/18.-Pacova-hora-kapli\u010dka.jpg 1280w\" sizes=\"(max-width: 1024px) 100vw, 1024px\" \/><\/figure><\/li><li class=\"blocks-gallery-item\"><figure><img loading=\"lazy\" width=\"1024\" height=\"768\" src=\"https:\/\/vkjc.bknezmar.cz\/wp-content\/uploads\/2020\/05\/19.-V\u011btrn\u00e1-sk\u00e1la-1024x768.jpg\" alt=\"\" data-id=\"1301\" data-full-url=\"https:\/\/vkjc.bknezmar.cz\/wp-content\/uploads\/2020\/05\/19.-V\u011btrn\u00e1-sk\u00e1la.jpg\" data-link=\"https:\/\/vkjc.bknezmar.cz\/?attachment_id=1301\" class=\"wp-image-1301\" srcset=\"https:\/\/vkjc.bknezmar.cz\/wp-content\/uploads\/2020\/05\/19.-V\u011btrn\u00e1-sk\u00e1la-1024x768.jpg 1024w, https:\/\/vkjc.bknezmar.cz\/wp-content\/uploads\/2020\/05\/19.-V\u011btrn\u00e1-sk\u00e1la-300x225.jpg 300w, https:\/\/vkjc.bknezmar.cz\/wp-content\/uploads\/2020\/05\/19.-V\u011btrn\u00e1-sk\u00e1la-768x576.jpg 768w, https:\/\/vkjc.bknezmar.cz\/wp-content\/uploads\/2020\/05\/19.-V\u011btrn\u00e1-sk\u00e1la-150x113.jpg 150w, https:\/\/vkjc.bknezmar.cz\/wp-content\/uploads\/2020\/05\/19.-V\u011btrn\u00e1-sk\u00e1la-800x600.jpg 800w, https:\/\/vkjc.bknezmar.cz\/wp-content\/uploads\/2020\/05\/19.-V\u011btrn\u00e1-sk\u00e1la-400x300.jpg 400w, https:\/\/vkjc.bknezmar.cz\/wp-content\/uploads\/2020\/05\/19.-V\u011btrn\u00e1-sk\u00e1la.jpg 1280w\" sizes=\"(max-width: 1024px) 100vw, 1024px\" \/><\/figure><\/li><li class=\"blocks-gallery-item\"><figure><img loading=\"lazy\" width=\"1024\" height=\"768\" src=\"https:\/\/vkjc.bknezmar.cz\/wp-content\/uploads\/2020\/05\/20.-Kaple-nad-Ro\u017emit\u00e1lem-na-\u0160umav\u011b-1024x768.jpg\" alt=\"\" data-id=\"1302\" data-full-url=\"https:\/\/vkjc.bknezmar.cz\/wp-content\/uploads\/2020\/05\/20.-Kaple-nad-Ro\u017emit\u00e1lem-na-\u0160umav\u011b.jpg\" data-link=\"https:\/\/vkjc.bknezmar.cz\/?attachment_id=1302\" class=\"wp-image-1302\" srcset=\"https:\/\/vkjc.bknezmar.cz\/wp-content\/uploads\/2020\/05\/20.-Kaple-nad-Ro\u017emit\u00e1lem-na-\u0160umav\u011b-1024x768.jpg 1024w, https:\/\/vkjc.bknezmar.cz\/wp-content\/uploads\/2020\/05\/20.-Kaple-nad-Ro\u017emit\u00e1lem-na-\u0160umav\u011b-300x225.jpg 300w, https:\/\/vkjc.bknezmar.cz\/wp-content\/uploads\/2020\/05\/20.-Kaple-nad-Ro\u017emit\u00e1lem-na-\u0160umav\u011b-768x576.jpg 768w, https:\/\/vkjc.bknezmar.cz\/wp-content\/uploads\/2020\/05\/20.-Kaple-nad-Ro\u017emit\u00e1lem-na-\u0160umav\u011b-150x113.jpg 150w, https:\/\/vkjc.bknezmar.cz\/wp-content\/uploads\/2020\/05\/20.-Kaple-nad-Ro\u017emit\u00e1lem-na-\u0160umav\u011b-800x600.jpg 800w, https:\/\/vkjc.bknezmar.cz\/wp-content\/uploads\/2020\/05\/20.-Kaple-nad-Ro\u017emit\u00e1lem-na-\u0160umav\u011b-400x300.jpg 400w, https:\/\/vkjc.bknezmar.cz\/wp-content\/uploads\/2020\/05\/20.-Kaple-nad-Ro\u017emit\u00e1lem-na-\u0160umav\u011b.jpg 1280w\" sizes=\"(max-width: 1024px) 100vw, 1024px\" \/><\/figure><\/li><\/ul><\/figure>\n\n\n\n<figure class=\"wp-block-gallery columns-3 is-cropped\"><ul class=\"blocks-gallery-grid\"><li class=\"blocks-gallery-item\"><figure><img loading=\"lazy\" width=\"1024\" height=\"768\" src=\"https:\/\/vkjc.bknezmar.cz\/wp-content\/uploads\/2020\/05\/chr\u00e1\u0161\u0165any-1024x768.jpg\" alt=\"\" data-id=\"1305\" data-full-url=\"https:\/\/vkjc.bknezmar.cz\/wp-content\/uploads\/2020\/05\/chr\u00e1\u0161\u0165any.jpg\" data-link=\"https:\/\/vkjc.bknezmar.cz\/?attachment_id=1305\" class=\"wp-image-1305\" srcset=\"https:\/\/vkjc.bknezmar.cz\/wp-content\/uploads\/2020\/05\/chr\u00e1\u0161\u0165any-1024x768.jpg 1024w, https:\/\/vkjc.bknezmar.cz\/wp-content\/uploads\/2020\/05\/chr\u00e1\u0161\u0165any-300x225.jpg 300w, https:\/\/vkjc.bknezmar.cz\/wp-content\/uploads\/2020\/05\/chr\u00e1\u0161\u0165any-768x576.jpg 768w, https:\/\/vkjc.bknezmar.cz\/wp-content\/uploads\/2020\/05\/chr\u00e1\u0161\u0165any-150x113.jpg 150w, https:\/\/vkjc.bknezmar.cz\/wp-content\/uploads\/2020\/05\/chr\u00e1\u0161\u0165any-800x600.jpg 800w, https:\/\/vkjc.bknezmar.cz\/wp-content\/uploads\/2020\/05\/chr\u00e1\u0161\u0165any-400x300.jpg 400w, https:\/\/vkjc.bknezmar.cz\/wp-content\/uploads\/2020\/05\/chr\u00e1\u0161\u0165any.jpg 1280w\" sizes=\"(max-width: 1024px) 100vw, 1024px\" \/><\/figure><\/li><li class=\"blocks-gallery-item\"><figure><img loading=\"lazy\" width=\"1024\" height=\"768\" src=\"https:\/\/vkjc.bknezmar.cz\/wp-content\/uploads\/2020\/05\/jezern\u00ed-vyhl\u00eddka-1024x768.jpg\" alt=\"\" data-id=\"1306\" data-full-url=\"https:\/\/vkjc.bknezmar.cz\/wp-content\/uploads\/2020\/05\/jezern\u00ed-vyhl\u00eddka.jpg\" data-link=\"https:\/\/vkjc.bknezmar.cz\/?attachment_id=1306\" class=\"wp-image-1306\" srcset=\"https:\/\/vkjc.bknezmar.cz\/wp-content\/uploads\/2020\/05\/jezern\u00ed-vyhl\u00eddka-1024x768.jpg 1024w, https:\/\/vkjc.bknezmar.cz\/wp-content\/uploads\/2020\/05\/jezern\u00ed-vyhl\u00eddka-300x225.jpg 300w, https:\/\/vkjc.bknezmar.cz\/wp-content\/uploads\/2020\/05\/jezern\u00ed-vyhl\u00eddka-768x576.jpg 768w, https:\/\/vkjc.bknezmar.cz\/wp-content\/uploads\/2020\/05\/jezern\u00ed-vyhl\u00eddka-150x113.jpg 150w, https:\/\/vkjc.bknezmar.cz\/wp-content\/uploads\/2020\/05\/jezern\u00ed-vyhl\u00eddka-800x600.jpg 800w, https:\/\/vkjc.bknezmar.cz\/wp-content\/uploads\/2020\/05\/jezern\u00ed-vyhl\u00eddka-400x300.jpg 400w, https:\/\/vkjc.bknezmar.cz\/wp-content\/uploads\/2020\/05\/jezern\u00ed-vyhl\u00eddka.jpg 1280w\" sizes=\"(max-width: 1024px) 100vw, 1024px\" \/><\/figure><\/li><li class=\"blocks-gallery-item\"><figure><img loading=\"lazy\" width=\"1024\" height=\"768\" src=\"https:\/\/vkjc.bknezmar.cz\/wp-content\/uploads\/2020\/05\/l\u00e1zn\u011b-prachatice-1024x768.jpg\" alt=\"\" data-id=\"1307\" data-full-url=\"https:\/\/vkjc.bknezmar.cz\/wp-content\/uploads\/2020\/05\/l\u00e1zn\u011b-prachatice.jpg\" data-link=\"https:\/\/vkjc.bknezmar.cz\/?attachment_id=1307\" class=\"wp-image-1307\" srcset=\"https:\/\/vkjc.bknezmar.cz\/wp-content\/uploads\/2020\/05\/l\u00e1zn\u011b-prachatice-1024x768.jpg 1024w, https:\/\/vkjc.bknezmar.cz\/wp-content\/uploads\/2020\/05\/l\u00e1zn\u011b-prachatice-300x225.jpg 300w, https:\/\/vkjc.bknezmar.cz\/wp-content\/uploads\/2020\/05\/l\u00e1zn\u011b-prachatice-768x576.jpg 768w, https:\/\/vkjc.bknezmar.cz\/wp-content\/uploads\/2020\/05\/l\u00e1zn\u011b-prachatice-150x113.jpg 150w, https:\/\/vkjc.bknezmar.cz\/wp-content\/uploads\/2020\/05\/l\u00e1zn\u011b-prachatice-800x600.jpg 800w, https:\/\/vkjc.bknezmar.cz\/wp-content\/uploads\/2020\/05\/l\u00e1zn\u011b-prachatice-400x300.jpg 400w, https:\/\/vkjc.bknezmar.cz\/wp-content\/uploads\/2020\/05\/l\u00e1zn\u011b-prachatice.jpg 1280w\" sizes=\"(max-width: 1024px) 100vw, 1024px\" \/><\/figure><\/li><li class=\"blocks-gallery-item\"><figure><img loading=\"lazy\" width=\"1024\" height=\"768\" src=\"https:\/\/vkjc.bknezmar.cz\/wp-content\/uploads\/2020\/05\/popeln\u00e1-1024x768.jpg\" alt=\"\" data-id=\"1308\" data-full-url=\"https:\/\/vkjc.bknezmar.cz\/wp-content\/uploads\/2020\/05\/popeln\u00e1.jpg\" data-link=\"https:\/\/vkjc.bknezmar.cz\/?attachment_id=1308\" class=\"wp-image-1308\" srcset=\"https:\/\/vkjc.bknezmar.cz\/wp-content\/uploads\/2020\/05\/popeln\u00e1-1024x768.jpg 1024w, https:\/\/vkjc.bknezmar.cz\/wp-content\/uploads\/2020\/05\/popeln\u00e1-300x225.jpg 300w, https:\/\/vkjc.bknezmar.cz\/wp-content\/uploads\/2020\/05\/popeln\u00e1-768x576.jpg 768w, https:\/\/vkjc.bknezmar.cz\/wp-content\/uploads\/2020\/05\/popeln\u00e1-150x113.jpg 150w, https:\/\/vkjc.bknezmar.cz\/wp-content\/uploads\/2020\/05\/popeln\u00e1-800x600.jpg 800w, https:\/\/vkjc.bknezmar.cz\/wp-content\/uploads\/2020\/05\/popeln\u00e1-400x300.jpg 400w, https:\/\/vkjc.bknezmar.cz\/wp-content\/uploads\/2020\/05\/popeln\u00e1.jpg 1280w\" sizes=\"(max-width: 1024px) 100vw, 1024px\" \/><\/figure><\/li><li class=\"blocks-gallery-item\"><figure><img loading=\"lazy\" width=\"1024\" height=\"768\" src=\"https:\/\/vkjc.bknezmar.cz\/wp-content\/uploads\/2020\/05\/prameny-vltavy-1024x768.jpg\" alt=\"\" data-id=\"1309\" data-full-url=\"https:\/\/vkjc.bknezmar.cz\/wp-content\/uploads\/2020\/05\/prameny-vltavy.jpg\" data-link=\"https:\/\/vkjc.bknezmar.cz\/?attachment_id=1309\" class=\"wp-image-1309\" srcset=\"https:\/\/vkjc.bknezmar.cz\/wp-content\/uploads\/2020\/05\/prameny-vltavy-1024x768.jpg 1024w, https:\/\/vkjc.bknezmar.cz\/wp-content\/uploads\/2020\/05\/prameny-vltavy-300x225.jpg 300w, https:\/\/vkjc.bknezmar.cz\/wp-content\/uploads\/2020\/05\/prameny-vltavy-768x576.jpg 768w, https:\/\/vkjc.bknezmar.cz\/wp-content\/uploads\/2020\/05\/prameny-vltavy-150x113.jpg 150w, https:\/\/vkjc.bknezmar.cz\/wp-content\/uploads\/2020\/05\/prameny-vltavy-800x600.jpg 800w, https:\/\/vkjc.bknezmar.cz\/wp-content\/uploads\/2020\/05\/prameny-vltavy-400x300.jpg 400w, https:\/\/vkjc.bknezmar.cz\/wp-content\/uploads\/2020\/05\/prameny-vltavy.jpg 1280w\" sizes=\"(max-width: 1024px) 100vw, 1024px\" \/><\/figure><\/li><li class=\"blocks-gallery-item\"><figure><img loading=\"lazy\" width=\"768\" height=\"1024\" src=\"https:\/\/vkjc.bknezmar.cz\/wp-content\/uploads\/2020\/05\/ro\u017emit\u00e1l.jpg\" alt=\"\" data-id=\"1310\" data-full-url=\"https:\/\/vkjc.bknezmar.cz\/wp-content\/uploads\/2020\/05\/ro\u017emit\u00e1l.jpg\" data-link=\"https:\/\/vkjc.bknezmar.cz\/?attachment_id=1310\" class=\"wp-image-1310\" srcset=\"https:\/\/vkjc.bknezmar.cz\/wp-content\/uploads\/2020\/05\/ro\u017emit\u00e1l.jpg 768w, https:\/\/vkjc.bknezmar.cz\/wp-content\/uploads\/2020\/05\/ro\u017emit\u00e1l-225x300.jpg 225w, https:\/\/vkjc.bknezmar.cz\/wp-content\/uploads\/2020\/05\/ro\u017emit\u00e1l-113x150.jpg 113w\" sizes=\"(max-width: 768px) 100vw, 768px\" \/><\/figure><\/li><li class=\"blocks-gallery-item\"><figure><img loading=\"lazy\" width=\"1024\" height=\"768\" src=\"https:\/\/vkjc.bknezmar.cz\/wp-content\/uploads\/2020\/05\/svobodn\u00e9-hory-1024x768.jpg\" alt=\"\" data-id=\"1311\" data-full-url=\"https:\/\/vkjc.bknezmar.cz\/wp-content\/uploads\/2020\/05\/svobodn\u00e9-hory.jpg\" data-link=\"https:\/\/vkjc.bknezmar.cz\/?attachment_id=1311\" class=\"wp-image-1311\" srcset=\"https:\/\/vkjc.bknezmar.cz\/wp-content\/uploads\/2020\/05\/svobodn\u00e9-hory-1024x768.jpg 1024w, https:\/\/vkjc.bknezmar.cz\/wp-content\/uploads\/2020\/05\/svobodn\u00e9-hory-300x225.jpg 300w, https:\/\/vkjc.bknezmar.cz\/wp-content\/uploads\/2020\/05\/svobodn\u00e9-hory-768x576.jpg 768w, https:\/\/vkjc.bknezmar.cz\/wp-content\/uploads\/2020\/05\/svobodn\u00e9-hory-150x113.jpg 150w, https:\/\/vkjc.bknezmar.cz\/wp-content\/uploads\/2020\/05\/svobodn\u00e9-hory-800x600.jpg 800w, https:\/\/vkjc.bknezmar.cz\/wp-content\/uploads\/2020\/05\/svobodn\u00e9-hory-400x300.jpg 400w, https:\/\/vkjc.bknezmar.cz\/wp-content\/uploads\/2020\/05\/svobodn\u00e9-hory.jpg 1280w\" sizes=\"(max-width: 1024px) 100vw, 1024px\" \/><\/figure><\/li><li class=\"blocks-gallery-item\"><figure><img loading=\"lazy\" width=\"1024\" height=\"768\" src=\"https:\/\/vkjc.bknezmar.cz\/wp-content\/uploads\/2020\/05\/vandli\u010dka-1024x768.jpg\" alt=\"\" data-id=\"1312\" data-full-url=\"https:\/\/vkjc.bknezmar.cz\/wp-content\/uploads\/2020\/05\/vandli\u010dka.jpg\" data-link=\"https:\/\/vkjc.bknezmar.cz\/?attachment_id=1312\" class=\"wp-image-1312\" srcset=\"https:\/\/vkjc.bknezmar.cz\/wp-content\/uploads\/2020\/05\/vandli\u010dka-1024x768.jpg 1024w, https:\/\/vkjc.bknezmar.cz\/wp-content\/uploads\/2020\/05\/vandli\u010dka-300x225.jpg 300w, https:\/\/vkjc.bknezmar.cz\/wp-content\/uploads\/2020\/05\/vandli\u010dka-768x576.jpg 768w, https:\/\/vkjc.bknezmar.cz\/wp-content\/uploads\/2020\/05\/vandli\u010dka-150x113.jpg 150w, https:\/\/vkjc.bknezmar.cz\/wp-content\/uploads\/2020\/05\/vandli\u010dka-800x600.jpg 800w, https:\/\/vkjc.bknezmar.cz\/wp-content\/uploads\/2020\/05\/vandli\u010dka-400x300.jpg 400w, https:\/\/vkjc.bknezmar.cz\/wp-content\/uploads\/2020\/05\/vandli\u010dka.jpg 1280w\" sizes=\"(max-width: 1024px) 100vw, 1024px\" \/><\/figure><\/li><li class=\"blocks-gallery-item\"><figure><img loading=\"lazy\" width=\"1024\" height=\"768\" src=\"https:\/\/vkjc.bknezmar.cz\/wp-content\/uploads\/2020\/05\/\u017eof\u00edn-1024x768.jpg\" alt=\"\" data-id=\"1313\" data-full-url=\"https:\/\/vkjc.bknezmar.cz\/wp-content\/uploads\/2020\/05\/\u017eof\u00edn.jpg\" data-link=\"https:\/\/vkjc.bknezmar.cz\/?attachment_id=1313\" class=\"wp-image-1313\" srcset=\"https:\/\/vkjc.bknezmar.cz\/wp-content\/uploads\/2020\/05\/\u017eof\u00edn-1024x768.jpg 1024w, https:\/\/vkjc.bknezmar.cz\/wp-content\/uploads\/2020\/05\/\u017eof\u00edn-300x225.jpg 300w, https:\/\/vkjc.bknezmar.cz\/wp-content\/uploads\/2020\/05\/\u017eof\u00edn-768x576.jpg 768w, https:\/\/vkjc.bknezmar.cz\/wp-content\/uploads\/2020\/05\/\u017eof\u00edn-150x113.jpg 150w, https:\/\/vkjc.bknezmar.cz\/wp-content\/uploads\/2020\/05\/\u017eof\u00edn-800x600.jpg 800w, https:\/\/vkjc.bknezmar.cz\/wp-content\/uploads\/2020\/05\/\u017eof\u00edn-400x300.jpg 400w, https:\/\/vkjc.bknezmar.cz\/wp-content\/uploads\/2020\/05\/\u017eof\u00edn.jpg 1280w\" sizes=\"(max-width: 1024px) 100vw, 1024px\" \/><\/figure><\/li><\/ul><\/figure>\n","protected":false},"excerpt":{"rendered":"<p>a to v obou kategori\u00edch V\u00fdkon i V\u00fdlet &#8222;Po odstartov\u00e1n\u00ed a zru\u0161en\u00ed z\u00e1kazu voln\u00e9ho pohybu jsem podnikl ihned v p\u00e1tek na oslavu krat\u0161\u00ed v\u00fdlet pro prvn\u00ed 2 obl\u00edben\u00e9 vrcholy. Proto\u017ee letos nebylo mo\u017en\u00e9 zajistit ubytov\u00e1n\u00ed po trati &#8211; musel jsem vyrazit se spac\u00e1kem. Po\u010dkal jsem si tedy na vhodn\u011bj\u0161\u00ed po\u010das\u00ed a v\u0161echny vrcholy zdolal na&#8230;<\/p>\n","protected":false},"author":2,"featured_media":1300,"comment_status":"open","ping_status":"open","sticky":false,"template":"","format":"standard","meta":[],"categories":[14,13],"tags":[],"_links":{"self":[{"href":"https:\/\/vkjc.bknezmar.cz\/index.php?rest_route=\/wp\/v2\/posts\/1279"}],"collection":[{"href":"https:\/\/vkjc.bknezmar.cz\/index.php?rest_route=\/wp\/v2\/posts"}],"about":[{"href":"https:\/\/vkjc.bknezmar.cz\/index.php?rest_route=\/wp\/v2\/types\/post"}],"author":[{"embeddable":true,"href":"https:\/\/vkjc.bknezmar.cz\/index.php?rest_route=\/wp\/v2\/users\/2"}],"replies":[{"embeddable":true,"href":"https:\/\/vkjc.bknezmar.cz\/index.php?rest_route=%2Fwp%2Fv2%2Fcomments&post=1279"}],"version-history":[{"count":6,"href":"https:\/\/vkjc.bknezmar.cz\/index.php?rest_route=\/wp\/v2\/posts\/1279\/revisions"}],"predecessor-version":[{"id":1314,"href":"https:\/\/vkjc.bknezmar.cz\/index.php?rest_route=\/wp\/v2\/posts\/1279\/revisions\/1314"}],"wp:featuredmedia":[{"embeddable":true,"href":"https:\/\/vkjc.bknezmar.cz\/index.php?rest_route=\/wp\/v2\/media\/1300"}],"wp:attachment":[{"href":"https:\/\/vkjc.bknezmar.cz\/index.php?rest_route=%2Fwp%2Fv2%2Fmedia&parent=1279"}],"wp:term":[{"taxonomy":"category","embeddable":true,"href":"https:\/\/vkjc.bknezmar.cz\/index.php?rest_route=%2Fwp%2Fv2%2Fcategories&post=1279"},{"taxonomy":"post_tag","embeddable":true,"href":"https:\/\/vkjc.bknezmar.cz\/index.php?rest_route=%2Fwp%2Fv2%2Ftags&post=1279"}],"curies":[{"name":"wp","href":"https:\/\/api.w.org\/{rel}","templated":true}]}}