{"id":125,"date":"2019-10-14T19:37:00","date_gmt":"2019-10-14T17:37:00","guid":{"rendered":"https:\/\/vkjc.bknezmar.cz\/?p=125"},"modified":"2020-03-09T14:33:33","modified_gmt":"2020-03-09T13:33:33","slug":"8-dobyvatelem-vkjc-2019-je-vitek-sirotek","status":"publish","type":"post","link":"https:\/\/vkjc.bknezmar.cz\/?p=125","title":{"rendered":"8. dobyvatelem VKJ\u010c 2019 je V\u00edtek Sirotek"},"content":{"rendered":"\n<p>V\u00edtek je ka\u017edoro\u010dn\u00edm \u00fa\u010dastn\u00edkem VKJ\u010c V\u00edtek p\u00ed\u0161e:<br>\nMinul\u00e9 ro\u010dn\u00edky jsme obj\u00ed\u017ed\u011bli v Loudac\u00ed part\u011b, ale letos to pro m\u011b byla s\u00f3lo akce.<br>\n1) 1 den: Autem jsem odvezl d\u011bti na t\u00e1bor do \u010c\u00edm\u011b\u0159e a pak si objel 3 vrcholy \u010cesk\u00e9 Kanady. Nejv\u011bt\u0161\u00edm z\u00e1\u017eitkem byl bikepark Hradi\u0161t\u011b \u2013 s hardtailem a mapn\u00edkem to bylo dost netradi\u010dn\u00ed. Je\u0161t\u011b \u017ee m\u011b nikdo nevid\u011bl!<br>\n2) 3 dny: Alespo\u0148 na 3 dny jsem cht\u011bl vyjet v part\u011b na t\u011b\u017eko. Nakonec se mi to povedlo alespo\u0148 samotn\u00e9mu a na\u0161t\u011bst\u00ed se Jana s Petrem p\u0159idali \u2013 sice jsme spolu nejeli, ale m\u011bli jsme spole\u010dn\u00e9 span\u00ed v Borot\u00edn\u011b a ve Strakonic\u00edch a taky jsme se nepl\u00e1novan\u011b potk\u00e1vali na trase, co\u017e m\u011b v\u017edycky moc pot\u011b\u0161ilo. Jinak nev\u00edm, jak bych vydr\u017eel s\u00e1m se sebou 3 dny v kuse!<br>\nvlakem do Ra\u017eic, Zlat\u00e1 hora, Meheln\u00edk, Bukov\u00fd vrch, Kupa, Bukovec, span\u00ed v Borot\u00edn\u011b, K\u016fstr\u00fd, Krkav\u010d\u00ed sk\u00e1la, K\u0159emenec, \u010cert\u016fv N\u00e1ramek, span\u00ed ve Strakonic\u00edch, K\u016fstr\u00fd, Klostermanova sk\u00e1la, Slunovratov\u00e9 kameny, Kamen\u00e1\u010d a vlakem z Volar.<br>\n3) 1 den: Vlakem do Prachatic p\u0159es Zelen\u00fd vrch, Kti\u0161skou horu a Raziberk na vlak do Vy\u0161\u0161\u00edho Brodu. V pl\u00e1nu byl i p\u0159ejezd na Hradi\u0161\u0165sk\u00fd vrch a dokon\u010den\u00ed VKJ\u010c, ale nebylo dost \u010dasu. Nevzal jsem si sv\u011btlo, a vlastn\u011b nebyla ani chu\u0165 a s\u00edla.<br>\n4) 1 den: vlakem do Bujanova a p\u0159es Hradi\u0161\u0165sk\u00fd vrch zp\u011bt do \u010cB<br>\nZdar V.<\/p>\n\n\n\n<figure class=\"wp-block-gallery columns-3 is-cropped\"><ul class=\"blocks-gallery-grid\"><li class=\"blocks-gallery-item\"><figure><img loading=\"lazy\" width=\"768\" height=\"1024\" src=\"https:\/\/vkjc.bknezmar.cz\/wp-content\/uploads\/2020\/02\/01-Skalka-M\u011bd\u011bnec-768x1024.jpg\" alt=\"\" data-id=\"180\" data-full-url=\"https:\/\/vkjc.bknezmar.cz\/wp-content\/uploads\/2020\/02\/01-Skalka-M\u011bd\u011bnec.jpg\" data-link=\"https:\/\/vkjc.bknezmar.cz\/?attachment_id=180\" class=\"wp-image-180\" srcset=\"https:\/\/vkjc.bknezmar.cz\/wp-content\/uploads\/2020\/02\/01-Skalka-M\u011bd\u011bnec-768x1024.jpg 768w, https:\/\/vkjc.bknezmar.cz\/wp-content\/uploads\/2020\/02\/01-Skalka-M\u011bd\u011bnec-225x300.jpg 225w, https:\/\/vkjc.bknezmar.cz\/wp-content\/uploads\/2020\/02\/01-Skalka-M\u011bd\u011bnec-1152x1536.jpg 1152w, https:\/\/vkjc.bknezmar.cz\/wp-content\/uploads\/2020\/02\/01-Skalka-M\u011bd\u011bnec-113x150.jpg 113w, https:\/\/vkjc.bknezmar.cz\/wp-content\/uploads\/2020\/02\/01-Skalka-M\u011bd\u011bnec-800x1067.jpg 800w, https:\/\/vkjc.bknezmar.cz\/wp-content\/uploads\/2020\/02\/01-Skalka-M\u011bd\u011bnec.jpg 1200w\" sizes=\"(max-width: 768px) 100vw, 768px\" \/><\/figure><\/li><li class=\"blocks-gallery-item\"><figure><img loading=\"lazy\" width=\"1024\" height=\"768\" src=\"https:\/\/vkjc.bknezmar.cz\/wp-content\/uploads\/2020\/02\/02-T\u016fm\u016fv-Vrch-1024x768.jpg\" alt=\"\" data-id=\"181\" data-full-url=\"https:\/\/vkjc.bknezmar.cz\/wp-content\/uploads\/2020\/02\/02-T\u016fm\u016fv-Vrch-scaled.jpg\" data-link=\"https:\/\/vkjc.bknezmar.cz\/?attachment_id=181\" class=\"wp-image-181\" srcset=\"https:\/\/vkjc.bknezmar.cz\/wp-content\/uploads\/2020\/02\/02-T\u016fm\u016fv-Vrch-1024x768.jpg 1024w, https:\/\/vkjc.bknezmar.cz\/wp-content\/uploads\/2020\/02\/02-T\u016fm\u016fv-Vrch-300x225.jpg 300w, https:\/\/vkjc.bknezmar.cz\/wp-content\/uploads\/2020\/02\/02-T\u016fm\u016fv-Vrch-768x576.jpg 768w, https:\/\/vkjc.bknezmar.cz\/wp-content\/uploads\/2020\/02\/02-T\u016fm\u016fv-Vrch-1536x1152.jpg 1536w, https:\/\/vkjc.bknezmar.cz\/wp-content\/uploads\/2020\/02\/02-T\u016fm\u016fv-Vrch-2048x1536.jpg 2048w, https:\/\/vkjc.bknezmar.cz\/wp-content\/uploads\/2020\/02\/02-T\u016fm\u016fv-Vrch-150x113.jpg 150w, https:\/\/vkjc.bknezmar.cz\/wp-content\/uploads\/2020\/02\/02-T\u016fm\u016fv-Vrch-800x600.jpg 800w, https:\/\/vkjc.bknezmar.cz\/wp-content\/uploads\/2020\/02\/02-T\u016fm\u016fv-Vrch-400x300.jpg 400w\" sizes=\"(max-width: 1024px) 100vw, 1024px\" \/><\/figure><\/li><li class=\"blocks-gallery-item\"><figure><img loading=\"lazy\" width=\"1024\" height=\"768\" src=\"https:\/\/vkjc.bknezmar.cz\/wp-content\/uploads\/2020\/02\/03-Hamrsk\u00fd-vrch-1024x768.jpg\" alt=\"\" data-id=\"182\" data-full-url=\"https:\/\/vkjc.bknezmar.cz\/wp-content\/uploads\/2020\/02\/03-Hamrsk\u00fd-vrch-scaled.jpg\" data-link=\"https:\/\/vkjc.bknezmar.cz\/?attachment_id=182\" class=\"wp-image-182\" srcset=\"https:\/\/vkjc.bknezmar.cz\/wp-content\/uploads\/2020\/02\/03-Hamrsk\u00fd-vrch-1024x768.jpg 1024w, https:\/\/vkjc.bknezmar.cz\/wp-content\/uploads\/2020\/02\/03-Hamrsk\u00fd-vrch-300x225.jpg 300w, https:\/\/vkjc.bknezmar.cz\/wp-content\/uploads\/2020\/02\/03-Hamrsk\u00fd-vrch-768x576.jpg 768w, https:\/\/vkjc.bknezmar.cz\/wp-content\/uploads\/2020\/02\/03-Hamrsk\u00fd-vrch-1536x1152.jpg 1536w, https:\/\/vkjc.bknezmar.cz\/wp-content\/uploads\/2020\/02\/03-Hamrsk\u00fd-vrch-2048x1536.jpg 2048w, https:\/\/vkjc.bknezmar.cz\/wp-content\/uploads\/2020\/02\/03-Hamrsk\u00fd-vrch-150x113.jpg 150w, https:\/\/vkjc.bknezmar.cz\/wp-content\/uploads\/2020\/02\/03-Hamrsk\u00fd-vrch-800x600.jpg 800w, https:\/\/vkjc.bknezmar.cz\/wp-content\/uploads\/2020\/02\/03-Hamrsk\u00fd-vrch-400x300.jpg 400w\" sizes=\"(max-width: 1024px) 100vw, 1024px\" \/><\/figure><\/li><li class=\"blocks-gallery-item\"><figure><img loading=\"lazy\" width=\"1024\" height=\"764\" src=\"https:\/\/vkjc.bknezmar.cz\/wp-content\/uploads\/2020\/02\/04-Zlat\u00e1-hora-1024x764.jpg\" alt=\"\" data-id=\"183\" data-full-url=\"https:\/\/vkjc.bknezmar.cz\/wp-content\/uploads\/2020\/02\/04-Zlat\u00e1-hora-scaled.jpg\" data-link=\"https:\/\/vkjc.bknezmar.cz\/?attachment_id=183\" class=\"wp-image-183\" srcset=\"https:\/\/vkjc.bknezmar.cz\/wp-content\/uploads\/2020\/02\/04-Zlat\u00e1-hora-1024x764.jpg 1024w, https:\/\/vkjc.bknezmar.cz\/wp-content\/uploads\/2020\/02\/04-Zlat\u00e1-hora-300x224.jpg 300w, https:\/\/vkjc.bknezmar.cz\/wp-content\/uploads\/2020\/02\/04-Zlat\u00e1-hora-768x573.jpg 768w, https:\/\/vkjc.bknezmar.cz\/wp-content\/uploads\/2020\/02\/04-Zlat\u00e1-hora-1536x1147.jpg 1536w, https:\/\/vkjc.bknezmar.cz\/wp-content\/uploads\/2020\/02\/04-Zlat\u00e1-hora-2048x1529.jpg 2048w, https:\/\/vkjc.bknezmar.cz\/wp-content\/uploads\/2020\/02\/04-Zlat\u00e1-hora-150x112.jpg 150w, https:\/\/vkjc.bknezmar.cz\/wp-content\/uploads\/2020\/02\/04-Zlat\u00e1-hora-800x597.jpg 800w\" sizes=\"(max-width: 1024px) 100vw, 1024px\" \/><\/figure><\/li><li class=\"blocks-gallery-item\"><figure><img loading=\"lazy\" width=\"1024\" height=\"764\" src=\"https:\/\/vkjc.bknezmar.cz\/wp-content\/uploads\/2020\/02\/05-Velk\u00fd-Meheln\u00edk-1024x764.jpg\" alt=\"\" data-id=\"184\" data-full-url=\"https:\/\/vkjc.bknezmar.cz\/wp-content\/uploads\/2020\/02\/05-Velk\u00fd-Meheln\u00edk-scaled.jpg\" data-link=\"https:\/\/vkjc.bknezmar.cz\/?attachment_id=184\" class=\"wp-image-184\" srcset=\"https:\/\/vkjc.bknezmar.cz\/wp-content\/uploads\/2020\/02\/05-Velk\u00fd-Meheln\u00edk-1024x764.jpg 1024w, https:\/\/vkjc.bknezmar.cz\/wp-content\/uploads\/2020\/02\/05-Velk\u00fd-Meheln\u00edk-300x224.jpg 300w, https:\/\/vkjc.bknezmar.cz\/wp-content\/uploads\/2020\/02\/05-Velk\u00fd-Meheln\u00edk-768x573.jpg 768w, https:\/\/vkjc.bknezmar.cz\/wp-content\/uploads\/2020\/02\/05-Velk\u00fd-Meheln\u00edk-1536x1147.jpg 1536w, https:\/\/vkjc.bknezmar.cz\/wp-content\/uploads\/2020\/02\/05-Velk\u00fd-Meheln\u00edk-2048x1529.jpg 2048w, https:\/\/vkjc.bknezmar.cz\/wp-content\/uploads\/2020\/02\/05-Velk\u00fd-Meheln\u00edk-150x112.jpg 150w, https:\/\/vkjc.bknezmar.cz\/wp-content\/uploads\/2020\/02\/05-Velk\u00fd-Meheln\u00edk-800x597.jpg 800w\" sizes=\"(max-width: 1024px) 100vw, 1024px\" \/><\/figure><\/li><li class=\"blocks-gallery-item\"><figure><img loading=\"lazy\" width=\"1024\" height=\"764\" src=\"https:\/\/vkjc.bknezmar.cz\/wp-content\/uploads\/2020\/02\/06-Bukov\u00fd-vrch-1024x764.jpg\" alt=\"\" data-id=\"185\" data-full-url=\"https:\/\/vkjc.bknezmar.cz\/wp-content\/uploads\/2020\/02\/06-Bukov\u00fd-vrch-scaled.jpg\" data-link=\"https:\/\/vkjc.bknezmar.cz\/?attachment_id=185\" class=\"wp-image-185\" srcset=\"https:\/\/vkjc.bknezmar.cz\/wp-content\/uploads\/2020\/02\/06-Bukov\u00fd-vrch-1024x764.jpg 1024w, https:\/\/vkjc.bknezmar.cz\/wp-content\/uploads\/2020\/02\/06-Bukov\u00fd-vrch-300x224.jpg 300w, https:\/\/vkjc.bknezmar.cz\/wp-content\/uploads\/2020\/02\/06-Bukov\u00fd-vrch-768x573.jpg 768w, https:\/\/vkjc.bknezmar.cz\/wp-content\/uploads\/2020\/02\/06-Bukov\u00fd-vrch-1536x1147.jpg 1536w, https:\/\/vkjc.bknezmar.cz\/wp-content\/uploads\/2020\/02\/06-Bukov\u00fd-vrch-2048x1529.jpg 2048w, https:\/\/vkjc.bknezmar.cz\/wp-content\/uploads\/2020\/02\/06-Bukov\u00fd-vrch-150x112.jpg 150w, https:\/\/vkjc.bknezmar.cz\/wp-content\/uploads\/2020\/02\/06-Bukov\u00fd-vrch-800x597.jpg 800w\" sizes=\"(max-width: 1024px) 100vw, 1024px\" \/><\/figure><\/li><li class=\"blocks-gallery-item\"><figure><img loading=\"lazy\" width=\"1024\" height=\"764\" src=\"https:\/\/vkjc.bknezmar.cz\/wp-content\/uploads\/2020\/02\/07-Kupa-1024x764.jpg\" alt=\"\" data-id=\"186\" data-full-url=\"https:\/\/vkjc.bknezmar.cz\/wp-content\/uploads\/2020\/02\/07-Kupa-scaled.jpg\" data-link=\"https:\/\/vkjc.bknezmar.cz\/?attachment_id=186\" class=\"wp-image-186\" srcset=\"https:\/\/vkjc.bknezmar.cz\/wp-content\/uploads\/2020\/02\/07-Kupa-1024x764.jpg 1024w, https:\/\/vkjc.bknezmar.cz\/wp-content\/uploads\/2020\/02\/07-Kupa-300x224.jpg 300w, https:\/\/vkjc.bknezmar.cz\/wp-content\/uploads\/2020\/02\/07-Kupa-768x573.jpg 768w, https:\/\/vkjc.bknezmar.cz\/wp-content\/uploads\/2020\/02\/07-Kupa-1536x1147.jpg 1536w, https:\/\/vkjc.bknezmar.cz\/wp-content\/uploads\/2020\/02\/07-Kupa-2048x1529.jpg 2048w, https:\/\/vkjc.bknezmar.cz\/wp-content\/uploads\/2020\/02\/07-Kupa-150x112.jpg 150w, https:\/\/vkjc.bknezmar.cz\/wp-content\/uploads\/2020\/02\/07-Kupa-800x597.jpg 800w\" sizes=\"(max-width: 1024px) 100vw, 1024px\" \/><\/figure><\/li><li class=\"blocks-gallery-item\"><figure><img loading=\"lazy\" width=\"764\" height=\"1024\" src=\"https:\/\/vkjc.bknezmar.cz\/wp-content\/uploads\/2020\/02\/08-Bukovec-764x1024.jpg\" alt=\"\" data-id=\"187\" data-full-url=\"https:\/\/vkjc.bknezmar.cz\/wp-content\/uploads\/2020\/02\/08-Bukovec-scaled.jpg\" data-link=\"https:\/\/vkjc.bknezmar.cz\/?attachment_id=187\" class=\"wp-image-187\" srcset=\"https:\/\/vkjc.bknezmar.cz\/wp-content\/uploads\/2020\/02\/08-Bukovec-764x1024.jpg 764w, https:\/\/vkjc.bknezmar.cz\/wp-content\/uploads\/2020\/02\/08-Bukovec-224x300.jpg 224w, https:\/\/vkjc.bknezmar.cz\/wp-content\/uploads\/2020\/02\/08-Bukovec-768x1029.jpg 768w, https:\/\/vkjc.bknezmar.cz\/wp-content\/uploads\/2020\/02\/08-Bukovec-1147x1536.jpg 1147w, https:\/\/vkjc.bknezmar.cz\/wp-content\/uploads\/2020\/02\/08-Bukovec-1529x2048.jpg 1529w, https:\/\/vkjc.bknezmar.cz\/wp-content\/uploads\/2020\/02\/08-Bukovec-112x150.jpg 112w, https:\/\/vkjc.bknezmar.cz\/wp-content\/uploads\/2020\/02\/08-Bukovec-800x1072.jpg 800w, https:\/\/vkjc.bknezmar.cz\/wp-content\/uploads\/2020\/02\/08-Bukovec-scaled.jpg 1911w\" sizes=\"(max-width: 764px) 100vw, 764px\" \/><\/figure><\/li><li class=\"blocks-gallery-item\"><figure><img loading=\"lazy\" width=\"1024\" height=\"764\" src=\"https:\/\/vkjc.bknezmar.cz\/wp-content\/uploads\/2020\/02\/09-Krkav\u010d\u00ed-sk\u00e1la-1024x764.jpg\" alt=\"\" data-id=\"189\" data-full-url=\"https:\/\/vkjc.bknezmar.cz\/wp-content\/uploads\/2020\/02\/09-Krkav\u010d\u00ed-sk\u00e1la-scaled.jpg\" data-link=\"https:\/\/vkjc.bknezmar.cz\/?attachment_id=189\" class=\"wp-image-189\" srcset=\"https:\/\/vkjc.bknezmar.cz\/wp-content\/uploads\/2020\/02\/09-Krkav\u010d\u00ed-sk\u00e1la-1024x764.jpg 1024w, https:\/\/vkjc.bknezmar.cz\/wp-content\/uploads\/2020\/02\/09-Krkav\u010d\u00ed-sk\u00e1la-300x224.jpg 300w, https:\/\/vkjc.bknezmar.cz\/wp-content\/uploads\/2020\/02\/09-Krkav\u010d\u00ed-sk\u00e1la-768x573.jpg 768w, https:\/\/vkjc.bknezmar.cz\/wp-content\/uploads\/2020\/02\/09-Krkav\u010d\u00ed-sk\u00e1la-1536x1147.jpg 1536w, https:\/\/vkjc.bknezmar.cz\/wp-content\/uploads\/2020\/02\/09-Krkav\u010d\u00ed-sk\u00e1la-2048x1529.jpg 2048w, https:\/\/vkjc.bknezmar.cz\/wp-content\/uploads\/2020\/02\/09-Krkav\u010d\u00ed-sk\u00e1la-150x112.jpg 150w, https:\/\/vkjc.bknezmar.cz\/wp-content\/uploads\/2020\/02\/09-Krkav\u010d\u00ed-sk\u00e1la-800x597.jpg 800w\" sizes=\"(max-width: 1024px) 100vw, 1024px\" \/><\/figure><\/li><li class=\"blocks-gallery-item\"><figure><img loading=\"lazy\" width=\"1024\" height=\"764\" src=\"https:\/\/vkjc.bknezmar.cz\/wp-content\/uploads\/2020\/02\/10-K\u0159emenec-1024x764.jpg\" alt=\"\" data-id=\"190\" data-full-url=\"https:\/\/vkjc.bknezmar.cz\/wp-content\/uploads\/2020\/02\/10-K\u0159emenec-scaled.jpg\" data-link=\"https:\/\/vkjc.bknezmar.cz\/?attachment_id=190\" class=\"wp-image-190\" srcset=\"https:\/\/vkjc.bknezmar.cz\/wp-content\/uploads\/2020\/02\/10-K\u0159emenec-1024x764.jpg 1024w, https:\/\/vkjc.bknezmar.cz\/wp-content\/uploads\/2020\/02\/10-K\u0159emenec-300x224.jpg 300w, https:\/\/vkjc.bknezmar.cz\/wp-content\/uploads\/2020\/02\/10-K\u0159emenec-768x573.jpg 768w, https:\/\/vkjc.bknezmar.cz\/wp-content\/uploads\/2020\/02\/10-K\u0159emenec-1536x1147.jpg 1536w, https:\/\/vkjc.bknezmar.cz\/wp-content\/uploads\/2020\/02\/10-K\u0159emenec-2048x1529.jpg 2048w, https:\/\/vkjc.bknezmar.cz\/wp-content\/uploads\/2020\/02\/10-K\u0159emenec-150x112.jpg 150w, https:\/\/vkjc.bknezmar.cz\/wp-content\/uploads\/2020\/02\/10-K\u0159emenec-800x597.jpg 800w\" sizes=\"(max-width: 1024px) 100vw, 1024px\" \/><\/figure><\/li><li class=\"blocks-gallery-item\"><figure><img loading=\"lazy\" width=\"1024\" height=\"764\" src=\"https:\/\/vkjc.bknezmar.cz\/wp-content\/uploads\/2020\/02\/11-\u010cert\u016fv-n\u00e1ramek-1024x764.jpg\" alt=\"\" data-id=\"191\" data-full-url=\"https:\/\/vkjc.bknezmar.cz\/wp-content\/uploads\/2020\/02\/11-\u010cert\u016fv-n\u00e1ramek-scaled.jpg\" data-link=\"https:\/\/vkjc.bknezmar.cz\/?attachment_id=191\" class=\"wp-image-191\" srcset=\"https:\/\/vkjc.bknezmar.cz\/wp-content\/uploads\/2020\/02\/11-\u010cert\u016fv-n\u00e1ramek-1024x764.jpg 1024w, https:\/\/vkjc.bknezmar.cz\/wp-content\/uploads\/2020\/02\/11-\u010cert\u016fv-n\u00e1ramek-300x224.jpg 300w, https:\/\/vkjc.bknezmar.cz\/wp-content\/uploads\/2020\/02\/11-\u010cert\u016fv-n\u00e1ramek-768x573.jpg 768w, https:\/\/vkjc.bknezmar.cz\/wp-content\/uploads\/2020\/02\/11-\u010cert\u016fv-n\u00e1ramek-1536x1147.jpg 1536w, https:\/\/vkjc.bknezmar.cz\/wp-content\/uploads\/2020\/02\/11-\u010cert\u016fv-n\u00e1ramek-2048x1529.jpg 2048w, https:\/\/vkjc.bknezmar.cz\/wp-content\/uploads\/2020\/02\/11-\u010cert\u016fv-n\u00e1ramek-150x112.jpg 150w, https:\/\/vkjc.bknezmar.cz\/wp-content\/uploads\/2020\/02\/11-\u010cert\u016fv-n\u00e1ramek-800x597.jpg 800w\" sizes=\"(max-width: 1024px) 100vw, 1024px\" \/><\/figure><\/li><li class=\"blocks-gallery-item\"><figure><img loading=\"lazy\" width=\"1024\" height=\"764\" src=\"https:\/\/vkjc.bknezmar.cz\/wp-content\/uploads\/2020\/02\/12-K\u016fstr\u00fd-1024x764.jpg\" alt=\"\" data-id=\"192\" data-full-url=\"https:\/\/vkjc.bknezmar.cz\/wp-content\/uploads\/2020\/02\/12-K\u016fstr\u00fd-scaled.jpg\" data-link=\"https:\/\/vkjc.bknezmar.cz\/?attachment_id=192\" class=\"wp-image-192\" srcset=\"https:\/\/vkjc.bknezmar.cz\/wp-content\/uploads\/2020\/02\/12-K\u016fstr\u00fd-1024x764.jpg 1024w, https:\/\/vkjc.bknezmar.cz\/wp-content\/uploads\/2020\/02\/12-K\u016fstr\u00fd-300x224.jpg 300w, https:\/\/vkjc.bknezmar.cz\/wp-content\/uploads\/2020\/02\/12-K\u016fstr\u00fd-768x573.jpg 768w, https:\/\/vkjc.bknezmar.cz\/wp-content\/uploads\/2020\/02\/12-K\u016fstr\u00fd-1536x1147.jpg 1536w, https:\/\/vkjc.bknezmar.cz\/wp-content\/uploads\/2020\/02\/12-K\u016fstr\u00fd-2048x1529.jpg 2048w, https:\/\/vkjc.bknezmar.cz\/wp-content\/uploads\/2020\/02\/12-K\u016fstr\u00fd-150x112.jpg 150w, https:\/\/vkjc.bknezmar.cz\/wp-content\/uploads\/2020\/02\/12-K\u016fstr\u00fd-800x597.jpg 800w\" sizes=\"(max-width: 1024px) 100vw, 1024px\" \/><\/figure><\/li><li class=\"blocks-gallery-item\"><figure><img loading=\"lazy\" width=\"1024\" height=\"764\" src=\"https:\/\/vkjc.bknezmar.cz\/wp-content\/uploads\/2020\/02\/13-Klostermanova-sk\u00e1la-1024x764.jpg\" alt=\"\" data-id=\"193\" data-full-url=\"https:\/\/vkjc.bknezmar.cz\/wp-content\/uploads\/2020\/02\/13-Klostermanova-sk\u00e1la-scaled.jpg\" data-link=\"https:\/\/vkjc.bknezmar.cz\/?attachment_id=193\" class=\"wp-image-193\" srcset=\"https:\/\/vkjc.bknezmar.cz\/wp-content\/uploads\/2020\/02\/13-Klostermanova-sk\u00e1la-1024x764.jpg 1024w, https:\/\/vkjc.bknezmar.cz\/wp-content\/uploads\/2020\/02\/13-Klostermanova-sk\u00e1la-300x224.jpg 300w, https:\/\/vkjc.bknezmar.cz\/wp-content\/uploads\/2020\/02\/13-Klostermanova-sk\u00e1la-768x573.jpg 768w, https:\/\/vkjc.bknezmar.cz\/wp-content\/uploads\/2020\/02\/13-Klostermanova-sk\u00e1la-1536x1147.jpg 1536w, https:\/\/vkjc.bknezmar.cz\/wp-content\/uploads\/2020\/02\/13-Klostermanova-sk\u00e1la-2048x1529.jpg 2048w, https:\/\/vkjc.bknezmar.cz\/wp-content\/uploads\/2020\/02\/13-Klostermanova-sk\u00e1la-150x112.jpg 150w, https:\/\/vkjc.bknezmar.cz\/wp-content\/uploads\/2020\/02\/13-Klostermanova-sk\u00e1la-800x597.jpg 800w\" sizes=\"(max-width: 1024px) 100vw, 1024px\" \/><\/figure><\/li><li class=\"blocks-gallery-item\"><figure><img loading=\"lazy\" width=\"1024\" height=\"764\" src=\"https:\/\/vkjc.bknezmar.cz\/wp-content\/uploads\/2020\/02\/14-Slunovratov\u00e9-kameny-1024x764.jpg\" alt=\"\" data-id=\"194\" data-full-url=\"https:\/\/vkjc.bknezmar.cz\/wp-content\/uploads\/2020\/02\/14-Slunovratov\u00e9-kameny-scaled.jpg\" data-link=\"https:\/\/vkjc.bknezmar.cz\/?attachment_id=194\" class=\"wp-image-194\" srcset=\"https:\/\/vkjc.bknezmar.cz\/wp-content\/uploads\/2020\/02\/14-Slunovratov\u00e9-kameny-1024x764.jpg 1024w, https:\/\/vkjc.bknezmar.cz\/wp-content\/uploads\/2020\/02\/14-Slunovratov\u00e9-kameny-300x224.jpg 300w, https:\/\/vkjc.bknezmar.cz\/wp-content\/uploads\/2020\/02\/14-Slunovratov\u00e9-kameny-768x573.jpg 768w, https:\/\/vkjc.bknezmar.cz\/wp-content\/uploads\/2020\/02\/14-Slunovratov\u00e9-kameny-1536x1147.jpg 1536w, https:\/\/vkjc.bknezmar.cz\/wp-content\/uploads\/2020\/02\/14-Slunovratov\u00e9-kameny-2048x1529.jpg 2048w, https:\/\/vkjc.bknezmar.cz\/wp-content\/uploads\/2020\/02\/14-Slunovratov\u00e9-kameny-150x112.jpg 150w, https:\/\/vkjc.bknezmar.cz\/wp-content\/uploads\/2020\/02\/14-Slunovratov\u00e9-kameny-800x597.jpg 800w\" sizes=\"(max-width: 1024px) 100vw, 1024px\" \/><\/figure><\/li><li class=\"blocks-gallery-item\"><figure><img loading=\"lazy\" width=\"1024\" height=\"764\" src=\"https:\/\/vkjc.bknezmar.cz\/wp-content\/uploads\/2020\/02\/15-Kamen\u00e1\u010d-1024x764.jpg\" alt=\"\" data-id=\"195\" data-full-url=\"https:\/\/vkjc.bknezmar.cz\/wp-content\/uploads\/2020\/02\/15-Kamen\u00e1\u010d-scaled.jpg\" data-link=\"https:\/\/vkjc.bknezmar.cz\/?attachment_id=195\" class=\"wp-image-195\" srcset=\"https:\/\/vkjc.bknezmar.cz\/wp-content\/uploads\/2020\/02\/15-Kamen\u00e1\u010d-1024x764.jpg 1024w, https:\/\/vkjc.bknezmar.cz\/wp-content\/uploads\/2020\/02\/15-Kamen\u00e1\u010d-300x224.jpg 300w, https:\/\/vkjc.bknezmar.cz\/wp-content\/uploads\/2020\/02\/15-Kamen\u00e1\u010d-768x573.jpg 768w, https:\/\/vkjc.bknezmar.cz\/wp-content\/uploads\/2020\/02\/15-Kamen\u00e1\u010d-1536x1147.jpg 1536w, https:\/\/vkjc.bknezmar.cz\/wp-content\/uploads\/2020\/02\/15-Kamen\u00e1\u010d-2048x1529.jpg 2048w, https:\/\/vkjc.bknezmar.cz\/wp-content\/uploads\/2020\/02\/15-Kamen\u00e1\u010d-150x112.jpg 150w, https:\/\/vkjc.bknezmar.cz\/wp-content\/uploads\/2020\/02\/15-Kamen\u00e1\u010d-800x597.jpg 800w\" sizes=\"(max-width: 1024px) 100vw, 1024px\" \/><\/figure><\/li><li class=\"blocks-gallery-item\"><figure><img loading=\"lazy\" width=\"1024\" height=\"764\" src=\"https:\/\/vkjc.bknezmar.cz\/wp-content\/uploads\/2020\/02\/16-Zelen\u00fd-vrch-1024x764.jpg\" alt=\"\" data-id=\"196\" data-full-url=\"https:\/\/vkjc.bknezmar.cz\/wp-content\/uploads\/2020\/02\/16-Zelen\u00fd-vrch-scaled.jpg\" data-link=\"https:\/\/vkjc.bknezmar.cz\/?attachment_id=196\" class=\"wp-image-196\" srcset=\"https:\/\/vkjc.bknezmar.cz\/wp-content\/uploads\/2020\/02\/16-Zelen\u00fd-vrch-1024x764.jpg 1024w, https:\/\/vkjc.bknezmar.cz\/wp-content\/uploads\/2020\/02\/16-Zelen\u00fd-vrch-300x224.jpg 300w, https:\/\/vkjc.bknezmar.cz\/wp-content\/uploads\/2020\/02\/16-Zelen\u00fd-vrch-768x573.jpg 768w, https:\/\/vkjc.bknezmar.cz\/wp-content\/uploads\/2020\/02\/16-Zelen\u00fd-vrch-1536x1147.jpg 1536w, https:\/\/vkjc.bknezmar.cz\/wp-content\/uploads\/2020\/02\/16-Zelen\u00fd-vrch-2048x1529.jpg 2048w, https:\/\/vkjc.bknezmar.cz\/wp-content\/uploads\/2020\/02\/16-Zelen\u00fd-vrch-150x112.jpg 150w, https:\/\/vkjc.bknezmar.cz\/wp-content\/uploads\/2020\/02\/16-Zelen\u00fd-vrch-800x597.jpg 800w\" sizes=\"(max-width: 1024px) 100vw, 1024px\" \/><\/figure><\/li><li class=\"blocks-gallery-item\"><figure><img loading=\"lazy\" width=\"764\" height=\"1024\" src=\"https:\/\/vkjc.bknezmar.cz\/wp-content\/uploads\/2020\/02\/17-Kti\u0161sk\u00e1-hora-764x1024.jpg\" alt=\"\" data-id=\"197\" data-full-url=\"https:\/\/vkjc.bknezmar.cz\/wp-content\/uploads\/2020\/02\/17-Kti\u0161sk\u00e1-hora-scaled.jpg\" data-link=\"https:\/\/vkjc.bknezmar.cz\/?attachment_id=197\" class=\"wp-image-197\" srcset=\"https:\/\/vkjc.bknezmar.cz\/wp-content\/uploads\/2020\/02\/17-Kti\u0161sk\u00e1-hora-764x1024.jpg 764w, https:\/\/vkjc.bknezmar.cz\/wp-content\/uploads\/2020\/02\/17-Kti\u0161sk\u00e1-hora-224x300.jpg 224w, https:\/\/vkjc.bknezmar.cz\/wp-content\/uploads\/2020\/02\/17-Kti\u0161sk\u00e1-hora-768x1029.jpg 768w, https:\/\/vkjc.bknezmar.cz\/wp-content\/uploads\/2020\/02\/17-Kti\u0161sk\u00e1-hora-1147x1536.jpg 1147w, https:\/\/vkjc.bknezmar.cz\/wp-content\/uploads\/2020\/02\/17-Kti\u0161sk\u00e1-hora-1529x2048.jpg 1529w, https:\/\/vkjc.bknezmar.cz\/wp-content\/uploads\/2020\/02\/17-Kti\u0161sk\u00e1-hora-112x150.jpg 112w, https:\/\/vkjc.bknezmar.cz\/wp-content\/uploads\/2020\/02\/17-Kti\u0161sk\u00e1-hora-800x1072.jpg 800w, https:\/\/vkjc.bknezmar.cz\/wp-content\/uploads\/2020\/02\/17-Kti\u0161sk\u00e1-hora-scaled.jpg 1911w\" sizes=\"(max-width: 764px) 100vw, 764px\" \/><\/figure><\/li><li class=\"blocks-gallery-item\"><figure><img loading=\"lazy\" width=\"1024\" height=\"764\" src=\"https:\/\/vkjc.bknezmar.cz\/wp-content\/uploads\/2020\/02\/18-Raziberk-1024x764.jpg\" alt=\"\" data-id=\"198\" data-full-url=\"https:\/\/vkjc.bknezmar.cz\/wp-content\/uploads\/2020\/02\/18-Raziberk-scaled.jpg\" data-link=\"https:\/\/vkjc.bknezmar.cz\/?attachment_id=198\" class=\"wp-image-198\" srcset=\"https:\/\/vkjc.bknezmar.cz\/wp-content\/uploads\/2020\/02\/18-Raziberk-1024x764.jpg 1024w, https:\/\/vkjc.bknezmar.cz\/wp-content\/uploads\/2020\/02\/18-Raziberk-300x224.jpg 300w, https:\/\/vkjc.bknezmar.cz\/wp-content\/uploads\/2020\/02\/18-Raziberk-768x573.jpg 768w, https:\/\/vkjc.bknezmar.cz\/wp-content\/uploads\/2020\/02\/18-Raziberk-1536x1147.jpg 1536w, https:\/\/vkjc.bknezmar.cz\/wp-content\/uploads\/2020\/02\/18-Raziberk-2048x1529.jpg 2048w, https:\/\/vkjc.bknezmar.cz\/wp-content\/uploads\/2020\/02\/18-Raziberk-150x112.jpg 150w, https:\/\/vkjc.bknezmar.cz\/wp-content\/uploads\/2020\/02\/18-Raziberk-800x597.jpg 800w\" sizes=\"(max-width: 1024px) 100vw, 1024px\" \/><\/figure><\/li><li class=\"blocks-gallery-item\"><figure><img loading=\"lazy\" width=\"1024\" height=\"764\" src=\"https:\/\/vkjc.bknezmar.cz\/wp-content\/uploads\/2020\/02\/19-Mal\u0161\u00edn-1024x764.jpg\" alt=\"\" data-id=\"199\" data-full-url=\"https:\/\/vkjc.bknezmar.cz\/wp-content\/uploads\/2020\/02\/19-Mal\u0161\u00edn-scaled.jpg\" data-link=\"https:\/\/vkjc.bknezmar.cz\/?attachment_id=199\" class=\"wp-image-199\" srcset=\"https:\/\/vkjc.bknezmar.cz\/wp-content\/uploads\/2020\/02\/19-Mal\u0161\u00edn-1024x764.jpg 1024w, https:\/\/vkjc.bknezmar.cz\/wp-content\/uploads\/2020\/02\/19-Mal\u0161\u00edn-300x224.jpg 300w, https:\/\/vkjc.bknezmar.cz\/wp-content\/uploads\/2020\/02\/19-Mal\u0161\u00edn-768x573.jpg 768w, https:\/\/vkjc.bknezmar.cz\/wp-content\/uploads\/2020\/02\/19-Mal\u0161\u00edn-1536x1147.jpg 1536w, https:\/\/vkjc.bknezmar.cz\/wp-content\/uploads\/2020\/02\/19-Mal\u0161\u00edn-2048x1529.jpg 2048w, https:\/\/vkjc.bknezmar.cz\/wp-content\/uploads\/2020\/02\/19-Mal\u0161\u00edn-150x112.jpg 150w, https:\/\/vkjc.bknezmar.cz\/wp-content\/uploads\/2020\/02\/19-Mal\u0161\u00edn-800x597.jpg 800w\" sizes=\"(max-width: 1024px) 100vw, 1024px\" \/><\/figure><\/li><li class=\"blocks-gallery-item\"><figure><img loading=\"lazy\" width=\"1024\" height=\"764\" src=\"https:\/\/vkjc.bknezmar.cz\/wp-content\/uploads\/2020\/02\/20-Hradi\u0161\u0165sk\u00fd-vrch-1024x764.jpg\" alt=\"\" data-id=\"200\" data-full-url=\"https:\/\/vkjc.bknezmar.cz\/wp-content\/uploads\/2020\/02\/20-Hradi\u0161\u0165sk\u00fd-vrch-scaled.jpg\" data-link=\"https:\/\/vkjc.bknezmar.cz\/?attachment_id=200\" class=\"wp-image-200\" srcset=\"https:\/\/vkjc.bknezmar.cz\/wp-content\/uploads\/2020\/02\/20-Hradi\u0161\u0165sk\u00fd-vrch-1024x764.jpg 1024w, https:\/\/vkjc.bknezmar.cz\/wp-content\/uploads\/2020\/02\/20-Hradi\u0161\u0165sk\u00fd-vrch-300x224.jpg 300w, https:\/\/vkjc.bknezmar.cz\/wp-content\/uploads\/2020\/02\/20-Hradi\u0161\u0165sk\u00fd-vrch-768x573.jpg 768w, https:\/\/vkjc.bknezmar.cz\/wp-content\/uploads\/2020\/02\/20-Hradi\u0161\u0165sk\u00fd-vrch-1536x1147.jpg 1536w, https:\/\/vkjc.bknezmar.cz\/wp-content\/uploads\/2020\/02\/20-Hradi\u0161\u0165sk\u00fd-vrch-2048x1529.jpg 2048w, https:\/\/vkjc.bknezmar.cz\/wp-content\/uploads\/2020\/02\/20-Hradi\u0161\u0165sk\u00fd-vrch-150x112.jpg 150w, https:\/\/vkjc.bknezmar.cz\/wp-content\/uploads\/2020\/02\/20-Hradi\u0161\u0165sk\u00fd-vrch-800x597.jpg 800w\" sizes=\"(max-width: 1024px) 100vw, 1024px\" \/><\/figure><\/li><\/ul><\/figure>\n","protected":false},"excerpt":{"rendered":"<p>V\u00edtek je ka\u017edoro\u010dn\u00edm \u00fa\u010dastn\u00edkem VKJ\u010c V\u00edtek p\u00ed\u0161e: Minul\u00e9 ro\u010dn\u00edky jsme obj\u00ed\u017ed\u011bli v Loudac\u00ed part\u011b, ale letos to pro m\u011b byla s\u00f3lo akce. 1) 1 den: Autem jsem odvezl d\u011bti na t\u00e1bor do \u010c\u00edm\u011b\u0159e a pak si objel 3 vrcholy \u010cesk\u00e9 Kanady. Nejv\u011bt\u0161\u00edm z\u00e1\u017eitkem byl bikepark Hradi\u0161t\u011b \u2013 s hardtailem a mapn\u00edkem to bylo dost netradi\u010dn\u00ed&#8230;.<\/p>\n","protected":false},"author":2,"featured_media":179,"comment_status":"open","ping_status":"open","sticky":false,"template":"","format":"standard","meta":[],"categories":[12,13],"tags":[],"_links":{"self":[{"href":"https:\/\/vkjc.bknezmar.cz\/index.php?rest_route=\/wp\/v2\/posts\/125"}],"collection":[{"href":"https:\/\/vkjc.bknezmar.cz\/index.php?rest_route=\/wp\/v2\/posts"}],"about":[{"href":"https:\/\/vkjc.bknezmar.cz\/index.php?rest_route=\/wp\/v2\/types\/post"}],"author":[{"embeddable":true,"href":"https:\/\/vkjc.bknezmar.cz\/index.php?rest_route=\/wp\/v2\/users\/2"}],"replies":[{"embeddable":true,"href":"https:\/\/vkjc.bknezmar.cz\/index.php?rest_route=%2Fwp%2Fv2%2Fcomments&post=125"}],"version-history":[{"count":3,"href":"https:\/\/vkjc.bknezmar.cz\/index.php?rest_route=\/wp\/v2\/posts\/125\/revisions"}],"predecessor-version":[{"id":202,"href":"https:\/\/vkjc.bknezmar.cz\/index.php?rest_route=\/wp\/v2\/posts\/125\/revisions\/202"}],"wp:featuredmedia":[{"embeddable":true,"href":"https:\/\/vkjc.bknezmar.cz\/index.php?rest_route=\/wp\/v2\/media\/179"}],"wp:attachment":[{"href":"https:\/\/vkjc.bknezmar.cz\/index.php?rest_route=%2Fwp%2Fv2%2Fmedia&parent=125"}],"wp:term":[{"taxonomy":"category","embeddable":true,"href":"https:\/\/vkjc.bknezmar.cz\/index.php?rest_route=%2Fwp%2Fv2%2Fcategories&post=125"},{"taxonomy":"post_tag","embeddable":true,"href":"https:\/\/vkjc.bknezmar.cz\/index.php?rest_route=%2Fwp%2Fv2%2Ftags&post=125"}],"curies":[{"name":"wp","href":"https:\/\/api.w.org\/{rel}","templated":true}]}}