{"id":123,"date":"2019-08-28T19:36:00","date_gmt":"2019-08-28T17:36:00","guid":{"rendered":"https:\/\/vkjc.bknezmar.cz\/?p=123"},"modified":"2020-03-09T14:32:12","modified_gmt":"2020-03-09T13:32:12","slug":"7-dobyvatelem-vkjc-2019-je-j0ska-vaner","status":"publish","type":"post","link":"https:\/\/vkjc.bknezmar.cz\/?p=123","title":{"rendered":"7. dobyvatelem VKJ\u010c 2019 je J0ska Vaner"},"content":{"rendered":"\n<p>Vyrazil jsem na \u201eSvatek Prace\u201c 1.maje s c\u00edlem objet v\u0161echny vrcholy na jeden z\u00e1tah. Vyrazil jsem jak jinak ne\u017e z Po\u010d\u00e1tek a b\u011bhem prvn\u00edho dne posb\u00edral 4 kopce a n\u011bjak\u00fdch 140 km. P\u0159espal jsem za Kaplici a druhy den pokra\u010doval d\u00e1le do \u0160umavsk\u00fdch hvozd\u016f. Od dal\u0161\u00edho postupu m\u011b odradila bl\u00ed\u017e\u00edc\u00ed se zm\u011bna po\u010das\u00ed. Z Volar jsem se tedy vracel vlakem s 9-ti kopci \u201ev kapse\u201c, 250 km v noh\u00e1ch a rozhodnut\u00edm se na trasu vr\u00e1tit. K tomu do\u0161lo a\u017e 25.srpna. Do Volar jsem dorazil s p\u0159edstihem u\u017e v sobotu ve\u010der a za sv\u00edt\u00e1n\u00ed se vydal za dal\u0161\u00edmi vrcholy. \u0160umavu jsem nechal rychle za z\u00e1dy a b\u011bhem ned\u011ble je\u0161t\u011b doputoval do T\u00fdna nad Vltavou. P\u011bkn\u00fdch 180 km to dalo a na pond\u011bl\u00ed mi zbylo jen 5 vrcholu a 120 km s c\u00edlem v Mirovic\u00edch. Celkem tedy n\u011bjak\u00fdch 550 p\u0159ev\u00e1\u017en\u011b asfaltov\u00fdch kilometru.<br>\nD\u00edk za prima akci, p\u0159i kter\u00e9 jsem vid\u011bl mnoho nov\u00fdch m\u00edst, ale taky suchem a k\u016frovcem ztr\u00e1penou krajinu. Smutny to pohled. U\u017e aby bylo lip!<br>\nJe\u0161t\u011b jednou d\u00edk a p\u0159eji v\u00e1m v\u0161em spoustu cyklokilometr\u016f a hlavn\u011b \u0161\u0165astn\u00e9 n\u00e1vraty dom\u016f.<br>\nJ0ska<\/p>\n\n\n\n<figure class=\"wp-block-gallery columns-3 is-cropped\"><ul class=\"blocks-gallery-grid\"><li class=\"blocks-gallery-item\"><figure><img loading=\"lazy\" width=\"1024\" height=\"576\" src=\"https:\/\/vkjc.bknezmar.cz\/wp-content\/uploads\/2020\/02\/Bukovec-1024x576.jpg\" alt=\"\" data-id=\"667\" data-link=\"https:\/\/vkjc.bknezmar.cz\/?attachment_id=667\" class=\"wp-image-667\" srcset=\"https:\/\/vkjc.bknezmar.cz\/wp-content\/uploads\/2020\/02\/Bukovec-1024x576.jpg 1024w, https:\/\/vkjc.bknezmar.cz\/wp-content\/uploads\/2020\/02\/Bukovec-300x169.jpg 300w, https:\/\/vkjc.bknezmar.cz\/wp-content\/uploads\/2020\/02\/Bukovec-768x432.jpg 768w, https:\/\/vkjc.bknezmar.cz\/wp-content\/uploads\/2020\/02\/Bukovec-1536x864.jpg 1536w, https:\/\/vkjc.bknezmar.cz\/wp-content\/uploads\/2020\/02\/Bukovec-2048x1152.jpg 2048w, https:\/\/vkjc.bknezmar.cz\/wp-content\/uploads\/2020\/02\/Bukovec-150x84.jpg 150w, https:\/\/vkjc.bknezmar.cz\/wp-content\/uploads\/2020\/02\/Bukovec-800x450.jpg 800w\" sizes=\"(max-width: 1024px) 100vw, 1024px\" \/><\/figure><\/li><li class=\"blocks-gallery-item\"><figure><img loading=\"lazy\" width=\"1024\" height=\"576\" src=\"https:\/\/vkjc.bknezmar.cz\/wp-content\/uploads\/2020\/02\/CertuvNaramek-1024x576.jpg\" alt=\"\" data-id=\"668\" data-link=\"https:\/\/vkjc.bknezmar.cz\/?attachment_id=668\" class=\"wp-image-668\" srcset=\"https:\/\/vkjc.bknezmar.cz\/wp-content\/uploads\/2020\/02\/CertuvNaramek-1024x576.jpg 1024w, https:\/\/vkjc.bknezmar.cz\/wp-content\/uploads\/2020\/02\/CertuvNaramek-300x169.jpg 300w, https:\/\/vkjc.bknezmar.cz\/wp-content\/uploads\/2020\/02\/CertuvNaramek-768x432.jpg 768w, https:\/\/vkjc.bknezmar.cz\/wp-content\/uploads\/2020\/02\/CertuvNaramek-1536x864.jpg 1536w, https:\/\/vkjc.bknezmar.cz\/wp-content\/uploads\/2020\/02\/CertuvNaramek-2048x1152.jpg 2048w, https:\/\/vkjc.bknezmar.cz\/wp-content\/uploads\/2020\/02\/CertuvNaramek-150x84.jpg 150w, https:\/\/vkjc.bknezmar.cz\/wp-content\/uploads\/2020\/02\/CertuvNaramek-800x450.jpg 800w\" sizes=\"(max-width: 1024px) 100vw, 1024px\" \/><\/figure><\/li><li class=\"blocks-gallery-item\"><figure><img loading=\"lazy\" width=\"1024\" height=\"576\" src=\"https:\/\/vkjc.bknezmar.cz\/wp-content\/uploads\/2020\/02\/DubovyVrch-1024x576.jpg\" alt=\"\" data-id=\"669\" data-link=\"https:\/\/vkjc.bknezmar.cz\/?attachment_id=669\" class=\"wp-image-669\" srcset=\"https:\/\/vkjc.bknezmar.cz\/wp-content\/uploads\/2020\/02\/DubovyVrch-1024x576.jpg 1024w, https:\/\/vkjc.bknezmar.cz\/wp-content\/uploads\/2020\/02\/DubovyVrch-300x169.jpg 300w, https:\/\/vkjc.bknezmar.cz\/wp-content\/uploads\/2020\/02\/DubovyVrch-768x432.jpg 768w, https:\/\/vkjc.bknezmar.cz\/wp-content\/uploads\/2020\/02\/DubovyVrch-1536x864.jpg 1536w, https:\/\/vkjc.bknezmar.cz\/wp-content\/uploads\/2020\/02\/DubovyVrch-2048x1152.jpg 2048w, https:\/\/vkjc.bknezmar.cz\/wp-content\/uploads\/2020\/02\/DubovyVrch-150x84.jpg 150w, https:\/\/vkjc.bknezmar.cz\/wp-content\/uploads\/2020\/02\/DubovyVrch-800x450.jpg 800w\" sizes=\"(max-width: 1024px) 100vw, 1024px\" \/><\/figure><\/li><li class=\"blocks-gallery-item\"><figure><img loading=\"lazy\" width=\"1024\" height=\"576\" src=\"https:\/\/vkjc.bknezmar.cz\/wp-content\/uploads\/2020\/02\/HamerskyVrch-1024x576.jpg\" alt=\"\" data-id=\"670\" data-link=\"https:\/\/vkjc.bknezmar.cz\/?attachment_id=670\" class=\"wp-image-670\" srcset=\"https:\/\/vkjc.bknezmar.cz\/wp-content\/uploads\/2020\/02\/HamerskyVrch-1024x576.jpg 1024w, https:\/\/vkjc.bknezmar.cz\/wp-content\/uploads\/2020\/02\/HamerskyVrch-300x169.jpg 300w, https:\/\/vkjc.bknezmar.cz\/wp-content\/uploads\/2020\/02\/HamerskyVrch-768x432.jpg 768w, https:\/\/vkjc.bknezmar.cz\/wp-content\/uploads\/2020\/02\/HamerskyVrch-1536x864.jpg 1536w, https:\/\/vkjc.bknezmar.cz\/wp-content\/uploads\/2020\/02\/HamerskyVrch-2048x1152.jpg 2048w, https:\/\/vkjc.bknezmar.cz\/wp-content\/uploads\/2020\/02\/HamerskyVrch-150x84.jpg 150w, https:\/\/vkjc.bknezmar.cz\/wp-content\/uploads\/2020\/02\/HamerskyVrch-800x450.jpg 800w\" sizes=\"(max-width: 1024px) 100vw, 1024px\" \/><\/figure><\/li><li class=\"blocks-gallery-item\"><figure><img loading=\"lazy\" width=\"1024\" height=\"576\" src=\"https:\/\/vkjc.bknezmar.cz\/wp-content\/uploads\/2020\/02\/HradistskyVrch-1024x576.jpg\" alt=\"\" data-id=\"671\" data-link=\"https:\/\/vkjc.bknezmar.cz\/?attachment_id=671\" class=\"wp-image-671\" srcset=\"https:\/\/vkjc.bknezmar.cz\/wp-content\/uploads\/2020\/02\/HradistskyVrch-1024x576.jpg 1024w, https:\/\/vkjc.bknezmar.cz\/wp-content\/uploads\/2020\/02\/HradistskyVrch-300x169.jpg 300w, https:\/\/vkjc.bknezmar.cz\/wp-content\/uploads\/2020\/02\/HradistskyVrch-768x432.jpg 768w, https:\/\/vkjc.bknezmar.cz\/wp-content\/uploads\/2020\/02\/HradistskyVrch-1536x864.jpg 1536w, https:\/\/vkjc.bknezmar.cz\/wp-content\/uploads\/2020\/02\/HradistskyVrch-2048x1152.jpg 2048w, https:\/\/vkjc.bknezmar.cz\/wp-content\/uploads\/2020\/02\/HradistskyVrch-150x84.jpg 150w, https:\/\/vkjc.bknezmar.cz\/wp-content\/uploads\/2020\/02\/HradistskyVrch-800x450.jpg 800w\" sizes=\"(max-width: 1024px) 100vw, 1024px\" \/><\/figure><\/li><li class=\"blocks-gallery-item\"><figure><img loading=\"lazy\" width=\"1024\" height=\"576\" src=\"https:\/\/vkjc.bknezmar.cz\/wp-content\/uploads\/2020\/02\/Kamenac-1024x576.jpg\" alt=\"\" data-id=\"672\" data-link=\"https:\/\/vkjc.bknezmar.cz\/?attachment_id=672\" class=\"wp-image-672\" srcset=\"https:\/\/vkjc.bknezmar.cz\/wp-content\/uploads\/2020\/02\/Kamenac-1024x576.jpg 1024w, https:\/\/vkjc.bknezmar.cz\/wp-content\/uploads\/2020\/02\/Kamenac-300x169.jpg 300w, https:\/\/vkjc.bknezmar.cz\/wp-content\/uploads\/2020\/02\/Kamenac-768x432.jpg 768w, https:\/\/vkjc.bknezmar.cz\/wp-content\/uploads\/2020\/02\/Kamenac-1536x864.jpg 1536w, https:\/\/vkjc.bknezmar.cz\/wp-content\/uploads\/2020\/02\/Kamenac-2048x1152.jpg 2048w, https:\/\/vkjc.bknezmar.cz\/wp-content\/uploads\/2020\/02\/Kamenac-150x84.jpg 150w, https:\/\/vkjc.bknezmar.cz\/wp-content\/uploads\/2020\/02\/Kamenac-800x450.jpg 800w\" sizes=\"(max-width: 1024px) 100vw, 1024px\" \/><\/figure><\/li><li class=\"blocks-gallery-item\"><figure><img loading=\"lazy\" width=\"1024\" height=\"576\" src=\"https:\/\/vkjc.bknezmar.cz\/wp-content\/uploads\/2020\/02\/KlostermannovaSkala-1024x576.jpg\" alt=\"\" data-id=\"673\" data-link=\"https:\/\/vkjc.bknezmar.cz\/?attachment_id=673\" class=\"wp-image-673\" srcset=\"https:\/\/vkjc.bknezmar.cz\/wp-content\/uploads\/2020\/02\/KlostermannovaSkala-1024x576.jpg 1024w, https:\/\/vkjc.bknezmar.cz\/wp-content\/uploads\/2020\/02\/KlostermannovaSkala-300x169.jpg 300w, https:\/\/vkjc.bknezmar.cz\/wp-content\/uploads\/2020\/02\/KlostermannovaSkala-768x432.jpg 768w, https:\/\/vkjc.bknezmar.cz\/wp-content\/uploads\/2020\/02\/KlostermannovaSkala-1536x864.jpg 1536w, https:\/\/vkjc.bknezmar.cz\/wp-content\/uploads\/2020\/02\/KlostermannovaSkala-2048x1152.jpg 2048w, https:\/\/vkjc.bknezmar.cz\/wp-content\/uploads\/2020\/02\/KlostermannovaSkala-150x84.jpg 150w, https:\/\/vkjc.bknezmar.cz\/wp-content\/uploads\/2020\/02\/KlostermannovaSkala-800x450.jpg 800w\" sizes=\"(max-width: 1024px) 100vw, 1024px\" \/><\/figure><\/li><li class=\"blocks-gallery-item\"><figure><img loading=\"lazy\" width=\"1024\" height=\"576\" src=\"https:\/\/vkjc.bknezmar.cz\/wp-content\/uploads\/2020\/02\/Kremenec-1024x576.jpg\" alt=\"\" data-id=\"674\" data-link=\"https:\/\/vkjc.bknezmar.cz\/?attachment_id=674\" class=\"wp-image-674\" srcset=\"https:\/\/vkjc.bknezmar.cz\/wp-content\/uploads\/2020\/02\/Kremenec-1024x576.jpg 1024w, https:\/\/vkjc.bknezmar.cz\/wp-content\/uploads\/2020\/02\/Kremenec-300x169.jpg 300w, https:\/\/vkjc.bknezmar.cz\/wp-content\/uploads\/2020\/02\/Kremenec-768x432.jpg 768w, https:\/\/vkjc.bknezmar.cz\/wp-content\/uploads\/2020\/02\/Kremenec-1536x864.jpg 1536w, https:\/\/vkjc.bknezmar.cz\/wp-content\/uploads\/2020\/02\/Kremenec-2048x1152.jpg 2048w, https:\/\/vkjc.bknezmar.cz\/wp-content\/uploads\/2020\/02\/Kremenec-150x84.jpg 150w, https:\/\/vkjc.bknezmar.cz\/wp-content\/uploads\/2020\/02\/Kremenec-800x450.jpg 800w\" sizes=\"(max-width: 1024px) 100vw, 1024px\" \/><\/figure><\/li><li class=\"blocks-gallery-item\"><figure><img loading=\"lazy\" width=\"1024\" height=\"576\" src=\"https:\/\/vkjc.bknezmar.cz\/wp-content\/uploads\/2020\/02\/KrkavciSkala-1024x576.jpg\" alt=\"\" data-id=\"675\" data-link=\"https:\/\/vkjc.bknezmar.cz\/?attachment_id=675\" class=\"wp-image-675\" srcset=\"https:\/\/vkjc.bknezmar.cz\/wp-content\/uploads\/2020\/02\/KrkavciSkala-1024x576.jpg 1024w, https:\/\/vkjc.bknezmar.cz\/wp-content\/uploads\/2020\/02\/KrkavciSkala-300x169.jpg 300w, https:\/\/vkjc.bknezmar.cz\/wp-content\/uploads\/2020\/02\/KrkavciSkala-768x432.jpg 768w, https:\/\/vkjc.bknezmar.cz\/wp-content\/uploads\/2020\/02\/KrkavciSkala-1536x864.jpg 1536w, https:\/\/vkjc.bknezmar.cz\/wp-content\/uploads\/2020\/02\/KrkavciSkala-2048x1152.jpg 2048w, https:\/\/vkjc.bknezmar.cz\/wp-content\/uploads\/2020\/02\/KrkavciSkala-150x84.jpg 150w, https:\/\/vkjc.bknezmar.cz\/wp-content\/uploads\/2020\/02\/KrkavciSkala-800x450.jpg 800w\" sizes=\"(max-width: 1024px) 100vw, 1024px\" \/><\/figure><\/li><li class=\"blocks-gallery-item\"><figure><img loading=\"lazy\" width=\"1024\" height=\"576\" src=\"https:\/\/vkjc.bknezmar.cz\/wp-content\/uploads\/2020\/02\/KtisskaHora-1024x576.jpg\" alt=\"\" data-id=\"676\" data-link=\"https:\/\/vkjc.bknezmar.cz\/?attachment_id=676\" class=\"wp-image-676\" srcset=\"https:\/\/vkjc.bknezmar.cz\/wp-content\/uploads\/2020\/02\/KtisskaHora-1024x576.jpg 1024w, https:\/\/vkjc.bknezmar.cz\/wp-content\/uploads\/2020\/02\/KtisskaHora-300x169.jpg 300w, https:\/\/vkjc.bknezmar.cz\/wp-content\/uploads\/2020\/02\/KtisskaHora-768x432.jpg 768w, https:\/\/vkjc.bknezmar.cz\/wp-content\/uploads\/2020\/02\/KtisskaHora-1536x864.jpg 1536w, https:\/\/vkjc.bknezmar.cz\/wp-content\/uploads\/2020\/02\/KtisskaHora-2048x1152.jpg 2048w, https:\/\/vkjc.bknezmar.cz\/wp-content\/uploads\/2020\/02\/KtisskaHora-150x84.jpg 150w, https:\/\/vkjc.bknezmar.cz\/wp-content\/uploads\/2020\/02\/KtisskaHora-800x450.jpg 800w\" sizes=\"(max-width: 1024px) 100vw, 1024px\" \/><\/figure><\/li><li class=\"blocks-gallery-item\"><figure><img loading=\"lazy\" width=\"1024\" height=\"576\" src=\"https:\/\/vkjc.bknezmar.cz\/wp-content\/uploads\/2020\/02\/Kupa-1024x576.jpg\" alt=\"\" data-id=\"677\" data-link=\"https:\/\/vkjc.bknezmar.cz\/?attachment_id=677\" class=\"wp-image-677\" srcset=\"https:\/\/vkjc.bknezmar.cz\/wp-content\/uploads\/2020\/02\/Kupa-1024x576.jpg 1024w, https:\/\/vkjc.bknezmar.cz\/wp-content\/uploads\/2020\/02\/Kupa-300x169.jpg 300w, https:\/\/vkjc.bknezmar.cz\/wp-content\/uploads\/2020\/02\/Kupa-768x432.jpg 768w, https:\/\/vkjc.bknezmar.cz\/wp-content\/uploads\/2020\/02\/Kupa-1536x864.jpg 1536w, https:\/\/vkjc.bknezmar.cz\/wp-content\/uploads\/2020\/02\/Kupa-2048x1152.jpg 2048w, https:\/\/vkjc.bknezmar.cz\/wp-content\/uploads\/2020\/02\/Kupa-150x84.jpg 150w, https:\/\/vkjc.bknezmar.cz\/wp-content\/uploads\/2020\/02\/Kupa-800x450.jpg 800w\" sizes=\"(max-width: 1024px) 100vw, 1024px\" \/><\/figure><\/li><li class=\"blocks-gallery-item\"><figure><img loading=\"lazy\" width=\"1024\" height=\"576\" src=\"https:\/\/vkjc.bknezmar.cz\/wp-content\/uploads\/2020\/02\/Kustry-1024x576.jpg\" alt=\"\" data-id=\"678\" data-link=\"https:\/\/vkjc.bknezmar.cz\/?attachment_id=678\" class=\"wp-image-678\" srcset=\"https:\/\/vkjc.bknezmar.cz\/wp-content\/uploads\/2020\/02\/Kustry-1024x576.jpg 1024w, https:\/\/vkjc.bknezmar.cz\/wp-content\/uploads\/2020\/02\/Kustry-300x169.jpg 300w, https:\/\/vkjc.bknezmar.cz\/wp-content\/uploads\/2020\/02\/Kustry-768x432.jpg 768w, https:\/\/vkjc.bknezmar.cz\/wp-content\/uploads\/2020\/02\/Kustry-1536x864.jpg 1536w, https:\/\/vkjc.bknezmar.cz\/wp-content\/uploads\/2020\/02\/Kustry-2048x1152.jpg 2048w, https:\/\/vkjc.bknezmar.cz\/wp-content\/uploads\/2020\/02\/Kustry-150x84.jpg 150w, https:\/\/vkjc.bknezmar.cz\/wp-content\/uploads\/2020\/02\/Kustry-800x450.jpg 800w\" sizes=\"(max-width: 1024px) 100vw, 1024px\" \/><\/figure><\/li><li class=\"blocks-gallery-item\"><figure><img loading=\"lazy\" width=\"1024\" height=\"576\" src=\"https:\/\/vkjc.bknezmar.cz\/wp-content\/uploads\/2020\/02\/MedenyVrch-1024x576.jpg\" alt=\"\" data-id=\"679\" data-link=\"https:\/\/vkjc.bknezmar.cz\/?attachment_id=679\" class=\"wp-image-679\" srcset=\"https:\/\/vkjc.bknezmar.cz\/wp-content\/uploads\/2020\/02\/MedenyVrch-1024x576.jpg 1024w, https:\/\/vkjc.bknezmar.cz\/wp-content\/uploads\/2020\/02\/MedenyVrch-300x169.jpg 300w, https:\/\/vkjc.bknezmar.cz\/wp-content\/uploads\/2020\/02\/MedenyVrch-768x432.jpg 768w, https:\/\/vkjc.bknezmar.cz\/wp-content\/uploads\/2020\/02\/MedenyVrch-1536x864.jpg 1536w, https:\/\/vkjc.bknezmar.cz\/wp-content\/uploads\/2020\/02\/MedenyVrch-2048x1152.jpg 2048w, https:\/\/vkjc.bknezmar.cz\/wp-content\/uploads\/2020\/02\/MedenyVrch-150x84.jpg 150w, https:\/\/vkjc.bknezmar.cz\/wp-content\/uploads\/2020\/02\/MedenyVrch-800x450.jpg 800w\" sizes=\"(max-width: 1024px) 100vw, 1024px\" \/><\/figure><\/li><li class=\"blocks-gallery-item\"><figure><img loading=\"lazy\" width=\"1024\" height=\"576\" src=\"https:\/\/vkjc.bknezmar.cz\/wp-content\/uploads\/2020\/02\/Raziberk-1024x576.jpg\" alt=\"\" data-id=\"680\" data-link=\"https:\/\/vkjc.bknezmar.cz\/?attachment_id=680\" class=\"wp-image-680\" srcset=\"https:\/\/vkjc.bknezmar.cz\/wp-content\/uploads\/2020\/02\/Raziberk-1024x576.jpg 1024w, https:\/\/vkjc.bknezmar.cz\/wp-content\/uploads\/2020\/02\/Raziberk-300x169.jpg 300w, https:\/\/vkjc.bknezmar.cz\/wp-content\/uploads\/2020\/02\/Raziberk-768x432.jpg 768w, https:\/\/vkjc.bknezmar.cz\/wp-content\/uploads\/2020\/02\/Raziberk-1536x864.jpg 1536w, https:\/\/vkjc.bknezmar.cz\/wp-content\/uploads\/2020\/02\/Raziberk-2048x1152.jpg 2048w, https:\/\/vkjc.bknezmar.cz\/wp-content\/uploads\/2020\/02\/Raziberk-150x84.jpg 150w, https:\/\/vkjc.bknezmar.cz\/wp-content\/uploads\/2020\/02\/Raziberk-800x450.jpg 800w\" sizes=\"(max-width: 1024px) 100vw, 1024px\" \/><\/figure><\/li><li class=\"blocks-gallery-item\"><figure><img loading=\"lazy\" width=\"1024\" height=\"576\" src=\"https:\/\/vkjc.bknezmar.cz\/wp-content\/uploads\/2020\/02\/SlunovratoveKameny-1024x576.jpg\" alt=\"\" data-id=\"681\" data-link=\"https:\/\/vkjc.bknezmar.cz\/?attachment_id=681\" class=\"wp-image-681\" srcset=\"https:\/\/vkjc.bknezmar.cz\/wp-content\/uploads\/2020\/02\/SlunovratoveKameny-1024x576.jpg 1024w, https:\/\/vkjc.bknezmar.cz\/wp-content\/uploads\/2020\/02\/SlunovratoveKameny-300x169.jpg 300w, https:\/\/vkjc.bknezmar.cz\/wp-content\/uploads\/2020\/02\/SlunovratoveKameny-768x432.jpg 768w, https:\/\/vkjc.bknezmar.cz\/wp-content\/uploads\/2020\/02\/SlunovratoveKameny-1536x864.jpg 1536w, https:\/\/vkjc.bknezmar.cz\/wp-content\/uploads\/2020\/02\/SlunovratoveKameny-2048x1152.jpg 2048w, https:\/\/vkjc.bknezmar.cz\/wp-content\/uploads\/2020\/02\/SlunovratoveKameny-150x84.jpg 150w, https:\/\/vkjc.bknezmar.cz\/wp-content\/uploads\/2020\/02\/SlunovratoveKameny-800x450.jpg 800w\" sizes=\"(max-width: 1024px) 100vw, 1024px\" \/><\/figure><\/li><li class=\"blocks-gallery-item\"><figure><img loading=\"lazy\" width=\"1024\" height=\"576\" src=\"https:\/\/vkjc.bknezmar.cz\/wp-content\/uploads\/2020\/02\/TumuvVrch-1024x576.jpg\" alt=\"\" data-id=\"682\" data-link=\"https:\/\/vkjc.bknezmar.cz\/?attachment_id=682\" class=\"wp-image-682\" srcset=\"https:\/\/vkjc.bknezmar.cz\/wp-content\/uploads\/2020\/02\/TumuvVrch-1024x576.jpg 1024w, https:\/\/vkjc.bknezmar.cz\/wp-content\/uploads\/2020\/02\/TumuvVrch-300x169.jpg 300w, https:\/\/vkjc.bknezmar.cz\/wp-content\/uploads\/2020\/02\/TumuvVrch-768x432.jpg 768w, https:\/\/vkjc.bknezmar.cz\/wp-content\/uploads\/2020\/02\/TumuvVrch-1536x864.jpg 1536w\" sizes=\"(max-width: 1024px) 100vw, 1024px\" \/><\/figure><\/li><li class=\"blocks-gallery-item\"><figure><img loading=\"lazy\" width=\"1024\" height=\"576\" src=\"https:\/\/vkjc.bknezmar.cz\/wp-content\/uploads\/2020\/02\/Turnberg-1024x576.jpg\" alt=\"\" data-id=\"685\" data-full-url=\"https:\/\/vkjc.bknezmar.cz\/wp-content\/uploads\/2020\/02\/Turnberg-scaled.jpg\" data-link=\"https:\/\/vkjc.bknezmar.cz\/?attachment_id=685\" class=\"wp-image-685\" srcset=\"https:\/\/vkjc.bknezmar.cz\/wp-content\/uploads\/2020\/02\/Turnberg-1024x576.jpg 1024w, https:\/\/vkjc.bknezmar.cz\/wp-content\/uploads\/2020\/02\/Turnberg-300x169.jpg 300w, https:\/\/vkjc.bknezmar.cz\/wp-content\/uploads\/2020\/02\/Turnberg-768x432.jpg 768w, https:\/\/vkjc.bknezmar.cz\/wp-content\/uploads\/2020\/02\/Turnberg-1536x864.jpg 1536w, https:\/\/vkjc.bknezmar.cz\/wp-content\/uploads\/2020\/02\/Turnberg-2048x1152.jpg 2048w, https:\/\/vkjc.bknezmar.cz\/wp-content\/uploads\/2020\/02\/Turnberg-150x84.jpg 150w, https:\/\/vkjc.bknezmar.cz\/wp-content\/uploads\/2020\/02\/Turnberg-800x450.jpg 800w\" sizes=\"(max-width: 1024px) 100vw, 1024px\" \/><\/figure><\/li><li class=\"blocks-gallery-item\"><figure><img loading=\"lazy\" width=\"1024\" height=\"576\" src=\"https:\/\/vkjc.bknezmar.cz\/wp-content\/uploads\/2020\/02\/VelkyMehelnik-1024x576.jpg\" alt=\"\" data-id=\"686\" data-full-url=\"https:\/\/vkjc.bknezmar.cz\/wp-content\/uploads\/2020\/02\/VelkyMehelnik-scaled.jpg\" data-link=\"https:\/\/vkjc.bknezmar.cz\/?attachment_id=686\" class=\"wp-image-686\" srcset=\"https:\/\/vkjc.bknezmar.cz\/wp-content\/uploads\/2020\/02\/VelkyMehelnik-1024x576.jpg 1024w, https:\/\/vkjc.bknezmar.cz\/wp-content\/uploads\/2020\/02\/VelkyMehelnik-300x169.jpg 300w, https:\/\/vkjc.bknezmar.cz\/wp-content\/uploads\/2020\/02\/VelkyMehelnik-768x432.jpg 768w, https:\/\/vkjc.bknezmar.cz\/wp-content\/uploads\/2020\/02\/VelkyMehelnik-1536x864.jpg 1536w, https:\/\/vkjc.bknezmar.cz\/wp-content\/uploads\/2020\/02\/VelkyMehelnik-2048x1152.jpg 2048w, https:\/\/vkjc.bknezmar.cz\/wp-content\/uploads\/2020\/02\/VelkyMehelnik-150x84.jpg 150w, https:\/\/vkjc.bknezmar.cz\/wp-content\/uploads\/2020\/02\/VelkyMehelnik-800x450.jpg 800w\" sizes=\"(max-width: 1024px) 100vw, 1024px\" \/><\/figure><\/li><li class=\"blocks-gallery-item\"><figure><img loading=\"lazy\" width=\"1024\" height=\"576\" src=\"https:\/\/vkjc.bknezmar.cz\/wp-content\/uploads\/2020\/02\/ZelenyVrch-1024x576.jpg\" alt=\"\" data-id=\"687\" data-full-url=\"https:\/\/vkjc.bknezmar.cz\/wp-content\/uploads\/2020\/02\/ZelenyVrch-scaled.jpg\" data-link=\"https:\/\/vkjc.bknezmar.cz\/?attachment_id=687\" class=\"wp-image-687\" srcset=\"https:\/\/vkjc.bknezmar.cz\/wp-content\/uploads\/2020\/02\/ZelenyVrch-1024x576.jpg 1024w, https:\/\/vkjc.bknezmar.cz\/wp-content\/uploads\/2020\/02\/ZelenyVrch-300x169.jpg 300w, https:\/\/vkjc.bknezmar.cz\/wp-content\/uploads\/2020\/02\/ZelenyVrch-768x432.jpg 768w, https:\/\/vkjc.bknezmar.cz\/wp-content\/uploads\/2020\/02\/ZelenyVrch-1536x864.jpg 1536w, https:\/\/vkjc.bknezmar.cz\/wp-content\/uploads\/2020\/02\/ZelenyVrch-2048x1152.jpg 2048w, https:\/\/vkjc.bknezmar.cz\/wp-content\/uploads\/2020\/02\/ZelenyVrch-150x84.jpg 150w, https:\/\/vkjc.bknezmar.cz\/wp-content\/uploads\/2020\/02\/ZelenyVrch-800x450.jpg 800w\" sizes=\"(max-width: 1024px) 100vw, 1024px\" \/><\/figure><\/li><li class=\"blocks-gallery-item\"><figure><img loading=\"lazy\" width=\"1024\" height=\"576\" src=\"https:\/\/vkjc.bknezmar.cz\/wp-content\/uploads\/2020\/02\/ZlataHora-1024x576.jpg\" alt=\"\" data-id=\"688\" data-full-url=\"https:\/\/vkjc.bknezmar.cz\/wp-content\/uploads\/2020\/02\/ZlataHora-scaled.jpg\" data-link=\"https:\/\/vkjc.bknezmar.cz\/?attachment_id=688\" class=\"wp-image-688\" srcset=\"https:\/\/vkjc.bknezmar.cz\/wp-content\/uploads\/2020\/02\/ZlataHora-1024x576.jpg 1024w, https:\/\/vkjc.bknezmar.cz\/wp-content\/uploads\/2020\/02\/ZlataHora-300x169.jpg 300w, https:\/\/vkjc.bknezmar.cz\/wp-content\/uploads\/2020\/02\/ZlataHora-768x432.jpg 768w, https:\/\/vkjc.bknezmar.cz\/wp-content\/uploads\/2020\/02\/ZlataHora-1536x864.jpg 1536w, https:\/\/vkjc.bknezmar.cz\/wp-content\/uploads\/2020\/02\/ZlataHora-2048x1152.jpg 2048w, https:\/\/vkjc.bknezmar.cz\/wp-content\/uploads\/2020\/02\/ZlataHora-150x84.jpg 150w, https:\/\/vkjc.bknezmar.cz\/wp-content\/uploads\/2020\/02\/ZlataHora-800x450.jpg 800w\" sizes=\"(max-width: 1024px) 100vw, 1024px\" \/><\/figure><\/li><\/ul><\/figure>\n","protected":false},"excerpt":{"rendered":"<p>Vyrazil jsem na \u201eSvatek Prace\u201c 1.maje s c\u00edlem objet v\u0161echny vrcholy na jeden z\u00e1tah. Vyrazil jsem jak jinak ne\u017e z Po\u010d\u00e1tek a b\u011bhem prvn\u00edho dne posb\u00edral 4 kopce a n\u011bjak\u00fdch 140 km. P\u0159espal jsem za Kaplici a druhy den pokra\u010doval d\u00e1le do \u0160umavsk\u00fdch hvozd\u016f. Od dal\u0161\u00edho postupu m\u011b odradila bl\u00ed\u017e\u00edc\u00ed se zm\u011bna po\u010das\u00ed. Z Volar&#8230;<\/p>\n","protected":false},"author":2,"featured_media":679,"comment_status":"open","ping_status":"open","sticky":false,"template":"","format":"standard","meta":[],"categories":[12,13],"tags":[],"_links":{"self":[{"href":"https:\/\/vkjc.bknezmar.cz\/index.php?rest_route=\/wp\/v2\/posts\/123"}],"collection":[{"href":"https:\/\/vkjc.bknezmar.cz\/index.php?rest_route=\/wp\/v2\/posts"}],"about":[{"href":"https:\/\/vkjc.bknezmar.cz\/index.php?rest_route=\/wp\/v2\/types\/post"}],"author":[{"embeddable":true,"href":"https:\/\/vkjc.bknezmar.cz\/index.php?rest_route=\/wp\/v2\/users\/2"}],"replies":[{"embeddable":true,"href":"https:\/\/vkjc.bknezmar.cz\/index.php?rest_route=%2Fwp%2Fv2%2Fcomments&post=123"}],"version-history":[{"count":3,"href":"https:\/\/vkjc.bknezmar.cz\/index.php?rest_route=\/wp\/v2\/posts\/123\/revisions"}],"predecessor-version":[{"id":689,"href":"https:\/\/vkjc.bknezmar.cz\/index.php?rest_route=\/wp\/v2\/posts\/123\/revisions\/689"}],"wp:featuredmedia":[{"embeddable":true,"href":"https:\/\/vkjc.bknezmar.cz\/index.php?rest_route=\/wp\/v2\/media\/679"}],"wp:attachment":[{"href":"https:\/\/vkjc.bknezmar.cz\/index.php?rest_route=%2Fwp%2Fv2%2Fmedia&parent=123"}],"wp:term":[{"taxonomy":"category","embeddable":true,"href":"https:\/\/vkjc.bknezmar.cz\/index.php?rest_route=%2Fwp%2Fv2%2Fcategories&post=123"},{"taxonomy":"post_tag","embeddable":true,"href":"https:\/\/vkjc.bknezmar.cz\/index.php?rest_route=%2Fwp%2Fv2%2Ftags&post=123"}],"curies":[{"name":"wp","href":"https:\/\/api.w.org\/{rel}","templated":true}]}}