{"id":1201,"date":"2020-05-11T10:15:57","date_gmt":"2020-05-11T08:15:57","guid":{"rendered":"https:\/\/vkjc.bknezmar.cz\/?p=1201"},"modified":"2020-05-11T10:51:53","modified_gmt":"2020-05-11T08:51:53","slug":"jak-se-balda-stal-vrcharem-jiznich-cech","status":"publish","type":"post","link":"https:\/\/vkjc.bknezmar.cz\/?p=1201","title":{"rendered":"Jak se Balda stal vrcha\u0159em ji\u017en\u00edch \u010cech\u2026"},"content":{"rendered":"\n<p>Mus\u00edm se p\u0159iznat, \u017ee malink\u00e9 odlo\u017een\u00ed startu m\u011b vyhovovalo. Jednak jsem je\u0161t\u011b mohl dopilovat trasu a taky je\u0161t\u011b n\u011bco najet.<\/p>\n\n\n\n<p>Pl\u00e1n, byl jasn\u00fd od za\u010d\u00e1tku, jet v\u0161echny vrcholy v\u00fdkon+v\u00fdlet, ale nav\u00edc na jeden z\u00e1tah. \u010cekal jsem, \u017ee se pojede o t\u00fdden d\u00e9le 1.5.<\/p>\n\n\n\n<p>Pro pl\u00e1nov\u00e1n\u00ed jsem pou\u017e\u00edval mapy.cz \ud83d\ude02\ud83e\udd2a a mus\u00edm se p\u0159iznat, \u017ee by se tak\u00e9 m\u011bli pod\u00edvat, n\u011bkam do p\u0159\u00edrody, byly \u00faseky, kdy to st\u00e1lo za to&#8230;<\/p>\n\n\n\n<p>Start jsem m\u011bl napl\u00e1novan\u00fd na sobotu brzo r\u00e1no, proto\u017ee v p\u00e1tek jsem to dostal od sebe k sv\u00e1tku \ud83d\ude02.<\/p>\n\n\n\n<p>V\u011bd\u011bl jsem, \u017ee nen\u00ed \u010das ot\u00e1let a vyrazil jsem lehce p\u0159ed p\u00e1tou (up\u0159\u00edmn\u011b cht\u011bl jsem, tak ve \u010dty\u0159i, ale n\u011bjak to neklaplo)<\/p>\n\n\n\n<p>1. vrchol \u0160ibeni\u010dn\u00ed vrch &#8211; vrchol zn\u00e1m\u00ed ze hry \u0160vanda Dud\u00e1k, nat\u011b\u0161en\u00fd na dobrodru\u017estv\u00ed suver\u00e9nn\u011b m\u00edj\u00edm a \u0161lapu si to na Ry\u0161ovou, kter\u00e1 je o kousek vy\u0161\u0161\u00ed. Na vrcholku sv\u016fj omyl zji\u0161\u0165uji a poslepu se automaticky vrac\u00edm na spr\u00e1vn\u00fd vrchol. To to kr\u00e1sn\u011b za\u010d\u00edn\u00e1, kopec na kter\u00fd jezd\u00edm skoro ka\u017ed\u00fd t\u00fdden netref\u00edm, co potom ty, kter\u00e9 pojedu poprv\u00e9 \ud83d\ude48. Na fotce je kudy jsem m\u011bl jet a j\u00e1 vystoupal a\u017e na Ry\u0161ovou.<\/p>\n\n\n\n<p>Zaj\u00edmavosti m\u00edsta si p\u0159e\u010dt\u011bte na desce, na p\u016flce cesty mezi Ry\u0161ovou a \u0160iben\u00edk u toho k\u0159\u00ed\u017eku na \u017elut\u00e9 je p\u0159\u00edst\u0159e\u0161ek pro p\u0159\u00edpadn\u00fd sp\u00e1nek. Jinak je\u0161t\u011b mohu doporu\u010dit v Habe\u0161i u &#8222;koupali\u0161t\u011b&#8220; je otev\u0159eno \u017e\u00edzniv\u00e9 ok\u00e9nko a ud\u011blaj\u00ed i pizzu. Jinak k vrcholu se d\u00e1 dostat i po \u017elut\u00e9 nebo od Habe\u0161e po louce mezi Hol\u00fdm a Ry\u0161ovou &#8230;<\/p>\n\n\n\n<p>Trasu jsem m\u011bl napl\u00e1novanou proti sm\u011bru hodinov\u00fdch ru\u010di\u010dek a v\u011bd\u011bl jsem, \u017ee mi te\u010f \u010dek\u00e1 \u0160umava odhadem 70 km po\u0159\u00e1d do kopce.<\/p>\n\n\n\n<p>Nejv\u00edc jsem se t\u011b\u0161il, a\u017e pojedu od Pramen\u016f Vltavy a budu m\u00edt v\u00edtr v z\u00e1dech. Uv\u011bdomuji si, \u017ee mi neust\u00e1le foukalo proti.<\/p>\n\n\n\n<p>Te\u010f m\u011b \u010dek\u00e1 Menhir Mudrc.<\/p>\n\n\n\n<p>D\u00e1 se k n\u011bmu dostat n\u011bkolika zp\u016fsoby, ale poka\u017ed\u00e9 je to do kopce\ud83d\ude02 pokud jedete ze Strakonic. J\u00e1 volil trasu p\u0159es Kraselov, Dr\u00e1\u017eov, Vacov, Javorn\u00edk, Menhir Mudrc. Druh\u00e1 pro milovn\u00edky piva vede Habe\u0161, Katovice, Novosedly, Volenice, Stra\u0161\u00edn a zde je mal\u00fd Pidipivov\u00e1rek L\u00e1zny a potom k Menhir Mudrc ( dejte si bacha na mno\u017estv\u00ed piva, proto\u017ee menhiru je v lese hrozn\u011b moc). To j\u00e1 ho p\u0159ejel i bez piva a musel se vracet asi 200 m, m\u00edsto nen\u00ed ozna\u010den\u00e9, j\u00e1 se ot\u00e1\u010del u stud\u00e1nky, kter\u00e1 ozna\u010den\u00e1 byla. Menhir Mudrc dvojka koruny, je asi 50m pod cestou. Po odjezdu jsem nat\u011b\u0161en\u00fd druh\u00e9ho z\u00e1\u0159ezu jel dle navigace a musel p\u011bkn\u00fd kousek tla\u010dit asi bych to vzal po \u017elut\u00e9 nahoru a nebo bych se vr\u00e1til p\u0159es Javorn\u00edk&#8230;<\/p>\n\n\n\n<p>Zat\u00edm jsem sp\u00ed\u0161 toulalem ne\u017e vrcha\u0159em, ale hur\u00e1 na Popelnou, tam to zn\u00e1m. Cestu jsem si zvolil nejkrat\u0161\u00ed, co \u0161lo, p\u0159es Nicov a na Popeln\u00e9\u00a0 jsem byl za chvilku. Jsou zde dva penziony, bohu\u017eel zav\u0159eno. V l\u00e9t\u011b tady v\u017edycky d\u00e1v\u00e1me zast\u00e1vku, kdy\u017e p\u0159ej\u00ed\u017ed\u00edme \u0160umavu. T\u0159et\u00ed vrchol Popeln\u00e1 je cedule mezi nimi, povinn\u00e1 foto a hur\u00e1 po sjezdovce na Ob\u0159\u00ed hrad \u010dtvrt\u00fd vrchol, je to 1,5 km po \u017elut\u00e9 jinudy to ani nejde a prakticky skoro cel\u00e9 jsem to tla\u010dil, proto\u017ee kde by to \u0161lo jet, tak byly zapadl\u00e9 stromy nebo hrozilo prora\u017een\u00ed pl\u00e1\u0161t\u011b na m\u00e9m gravelu (mtb by to dalo). Dor\u00e1\u017e\u00edm k ceduli povinn\u00e9 foto a p\u0159i kouknut\u00ed do gps zji\u0161\u0165uji, \u017ee mus\u00edm je\u0161t\u011b 200m k druh\u00e9 spr\u00e1vn\u00e9 ceduli, foto \u010dty\u0159ky a rychle na prameny. <\/p>\n\n\n\n<figure class=\"wp-block-image size-large\"><img loading=\"lazy\" width=\"750\" height=\"1000\" src=\"https:\/\/vkjc.bknezmar.cz\/wp-content\/uploads\/2020\/05\/20200425_082900.jpg\" alt=\"\" class=\"wp-image-1202\" srcset=\"https:\/\/vkjc.bknezmar.cz\/wp-content\/uploads\/2020\/05\/20200425_082900.jpg 750w, https:\/\/vkjc.bknezmar.cz\/wp-content\/uploads\/2020\/05\/20200425_082900-225x300.jpg 225w, https:\/\/vkjc.bknezmar.cz\/wp-content\/uploads\/2020\/05\/20200425_082900-113x150.jpg 113w\" sizes=\"(max-width: 750px) 100vw, 750px\" \/><\/figure>\n\n\n\n<p>Cesta vede zp\u011bt k penzionu a odtud po druh\u00e9 sjezdovce sm\u011brem Chur\u00e1\u0148ov. Existuje je\u0161t\u011b varianta po \u010derven\u00e9 a nemus\u00ed se \u0161lapat sjezdovka, ale to jsem si uv\u011bdomil a\u017e te\u010f, nev\u00edm jestli je pro gravel vhodn\u00e1&#8230;<\/p>\n\n\n\n<p>Nad sjezdovkou jsem se napojil na cyklostezku a okolo Chur\u00e1\u0148ova kde jsem se napojil na v zim\u011b, i b\u011b\u017eka\u0159sk\u00e9 trat\u011b, p\u0159es Zlatou studnu sm\u011br Horsk\u00e1 Kvilda. Tady, pro zaj\u00edmavost, kdy\u017e budete sj\u00ed\u017ed\u011bt z kopce prvn\u00ed chalup\u011b po lev\u00e9 stran\u011b bydl\u00ed Roman Kreuziger st., na druhou Kvildu je to po asfaltu i cyklostezkou kousek, zde je mo\u017eno nakoupit. J\u00e1 si tu dal jednoho lahv\u00e1\u010de s b\u00fdval\u00fdm z\u00e1kazn\u00edkem a chvilku pokecal, na Prameny Vltavy \u010d.5, jsem vyjel jako nic. Vyhl\u00eddka nad Prameny \u010d.6, je asi do 2 km nad. Je to vlastn\u011b na \u010cern\u00e9 Ho\u0159e, ale ta m\u00e1 vrchol je\u0161t\u011b o kousek v\u00fd\u0161e. Bylo jasno a n\u00e1dhern\u00fd v\u00fdhled. Je\u0161t\u011b tu byl na cest\u011b sn\u00edh, tak\u017ee jsem musel, kdy\u017e jsem jel zp\u011bt opatrn\u011b. <\/p>\n\n\n\n<figure class=\"wp-block-image size-large\"><img loading=\"lazy\" width=\"1000\" height=\"244\" src=\"https:\/\/vkjc.bknezmar.cz\/wp-content\/uploads\/2020\/05\/20200425_105000-2.jpg\" alt=\"\" class=\"wp-image-1271\" srcset=\"https:\/\/vkjc.bknezmar.cz\/wp-content\/uploads\/2020\/05\/20200425_105000-2.jpg 1000w, https:\/\/vkjc.bknezmar.cz\/wp-content\/uploads\/2020\/05\/20200425_105000-2-300x73.jpg 300w, https:\/\/vkjc.bknezmar.cz\/wp-content\/uploads\/2020\/05\/20200425_105000-2-768x187.jpg 768w, https:\/\/vkjc.bknezmar.cz\/wp-content\/uploads\/2020\/05\/20200425_105000-2-150x37.jpg 150w, https:\/\/vkjc.bknezmar.cz\/wp-content\/uploads\/2020\/05\/20200425_105000-2-800x195.jpg 800w\" sizes=\"(max-width: 1000px) 100vw, 1000px\" \/><\/figure>\n\n\n\n<p>Vr\u00e1til jsem se na rozcest\u00ed a do prava sm\u011br Bu\u010dina (tady je n\u00e1dhern\u00fd penzion a poz\u016fstatky b\u00fdval\u00e9ho plotu se str\u00e1\u017en\u00ed v\u011b\u017e\u00ed, v l\u00e9t\u011b hojn\u011b nav\u0161t\u011bvovan\u00e9 m\u00edsto) je kousek mimo moj\u00ed trasu, tak jedu d\u00e1l.<\/p>\n\n\n\n<p>Kn\u00ed\u017eec\u00ed Pl\u00e1n\u011b roz., po Jelen\u00ed stezce a\u017e k V\u011btrn\u00e9 sk\u00e1le \u010d.7 m\u00e9ho v\u00fdletu, prvn\u00ed brod na Polku a jsem na Str\u00e1\u017en\u00e9m, kde si d\u00e1v\u00e1m plechovku pivo, Birell a kolu. Zji\u0161\u0165uji, kde by se dalo naj\u00edst pr\u00fd maj\u00ed hladov\u00e1 a \u017e\u00edzniv\u00e1 ok\u00fdnka v \u010cesk\u00fdch \u017dlebech, Sto\u017eci a Soumarsk\u00e9m most\u011b. J\u00e1 si zvolil Sto\u017eec a ud\u011blal jsem dob\u0159e, dal jsem si gul\u00e1\u0161ovku, j\u00e1tra na ro\u0161tu s cibulkou a ope\u010d. brambory a jedno od cesty a nabil jsem si pro jistotu mobil.<\/p>\n\n\n\n<p>Po v\u00fdborn\u00e9m ob\u011bd\u011b vyr\u00e1\u017e\u00edm sm\u011br \u0160pi\u010d\u00e1k, osm\u00fd vrchol koruny, trasa vede p\u0159es Jelen\u00ed (Tady jsem si d\u00e1val kdysi, v\u00fdbornou brambora\u010dku, ale bohu\u017eel zav\u0159eno), do Nov\u00e9 Pece to ub\u00edh\u00e1 docela rychle, je to p\u0159ev\u00e1\u017en\u011b z kopce. V obci Hory kousek p\u0159ed Pernekem jsou otev\u0159en\u00e9 ob\u010derstven\u00ed, jako kdyby covid neexistoval, d\u00e1v\u00e1m si Bernarda 11 ve skle a bodne, proto\u017ee to te\u010f k Perneku a za n\u00edm \u010dek\u00e1 poctiv\u00e9 stoup\u00e1n\u00ed odhadem 4,5 km s p\u0159ev\u00fd\u0161en\u00ed 450 m. Je tu ud\u011blan\u00fd nov\u00fd asfalt, tak z 2\/3, zbytek klasika lesn\u00ed cesta a v\u0161ude se t\u011b\u017e\u00ed d\u0159evo. K vrcholu je to na z\u00e1v\u011br na tla\u010dku nebo kolo na z\u00e1da. Na vrcholu \u0160pi\u010d\u00e1k \u010d. 8, m\u011b \u010dek\u00e1 n\u011bjak\u00fd zrezl\u00fd vys\u00edla\u010d bez ant\u00e9ny, sestaven\u00fd z le\u0161en\u00e1\u0159sk\u00fdch trubek\ud83d\ude02 . Odtud sjezd do Horn\u00ed Plan\u00e9 na Vyhl\u00eddku bod \u010d. 9, kter\u00e1 je kousek na poli za Planou. Je tu n\u00e1dhern\u00fd v\u00fdhled na Lipno, trasu jsem m\u011bl napl\u00e1novanou p\u0159es Hod\u0148ov a Polnou na \u0160umav\u011b, na konec vol\u00edm zm\u011bnu a jedu p\u0159es H\u016frku, kde zahr\u00e1dky praskaj\u00ed pod n\u00e1valem cyklist\u016f, jedu d\u00e1l na \u010cernou v Po\u0161umav\u00ed, chci nahnat ztr\u00e1tu ze stoup\u00e1n\u00ed na \u0160pi\u010d\u00e1k. V\u00edtr je proti a j\u00e1 i z kopce, kde by se mohlo jet p\u0159es 60, jedu 40 a mus\u00edm \u0161lapat. Naivn\u011b jsem si myslel, \u017ee mi bude foukat do zad, asi to ten v\u00edtr d\u011bl\u00e1 schv\u00e1ln\u011b a fouk\u00e1 po\u0159\u00e1d proti. Po \u010dasovce proti v\u011btru dor\u00e1\u017e\u00edm do \u010cesk\u00e9ho Krumlova na pumpu, kde si d\u00e1v\u00e1m Baldovo klasiku pivo,Birell,kolu a nav\u00edc kaf\u00e9, 2 p\u00e1rky v rohl\u00edku. D\u00e1v\u00e1m dohromady p\u0159edn\u00ed kolo, kter\u00e9 od Ob\u0159\u00edho hradu m\u00e1 pomal\u00fd defekt a dol\u00e9v\u00e1m ml\u00e9ko, kter\u00e9 pro jistotu vezu. Proj\u00ed\u017ed\u00edm p\u0159es historick\u00e9 centrum a koch\u00e1m se. Na 10tku se zapot\u00edm a trochu i potla\u010d\u00edm, ale K\u0159\u00ed\u017eov\u00e1 Hora zdol\u00e1na. Slunce se chyst\u00e1 ke sp\u00e1nku a j\u00e1 bych cht\u011bl, za sv\u011btla, stihnout je\u0161t\u011b Ro\u017emit\u00e1l na \u0160umav\u011b. Te\u010f je \u00fasek cesty, kter\u00fd vede Spol\u00ed, Mr\u00e1\u010dov, Z\u00e1to\u0148, kde by byla super koupa\u010dka ve Vltav\u011b, ale muselo by b\u00fdt o 20\u00b0C v\u00edce. Do Ro\u017emit\u00e1lu p\u0159ij\u00ed\u017ed\u00edm se z\u00e1padem slunce rychle vyfotit kostel 11tku a hur\u00e1 ke kapli. Kaple 12tka, je v \u017ealostn\u00e9m stavu, jedin\u00e9 co je opraven\u00e9, jsou takov\u00e9 mal\u00e9 kapli\u010dky okolo. Cestou zp\u011bt p\u0159esko\u010dit strom a hur\u00e1 sm\u011br nejji\u017en\u011bj\u0161\u00ed bod \u010cR, 13t\u00fd kor\u00e1lek koruny. P\u0159i obl\u00e9k\u00e1m se a jedu sm\u011br Hn\u011bvanov, Trojany, Rybn\u00edk. Trasu z Rybn\u00edk\u016f m\u00e1m napl\u00e1novanou po trase Bohemia Divide, kterou jsem jel na podzim. V Rybn\u00edku, ale vym\u00fd\u0161l\u00edm nov\u00fd pl\u00e1n a ter\u00e9n m\u011bn\u00edm na asfalt a jedu sm\u011br Vy\u0161\u0161\u00ed Brod.<\/p>\n\n\n\n<p>Mo\u017en\u00e1 jsem se o tom nezm\u00ednil, ale te\u010f je kosa jako sv..a. Tak \u017ee jsem pro jistotu dojel a\u017e na Benzinu p\u0159ed Vy\u0161\u00e1kem. Ud\u011blal jsem dob\u0159e,&nbsp; proto\u017ee obsluha byla suprov\u00e1 a m\u011bla pochopen\u00ed pro takov\u00e9 exempl\u00e1\u0159e jako jsem j\u00e1. Oh\u0159\u00e1t\u00ed a nabit\u00ed mobilu, doplnit tekutiny bylo t\u0159eba. Po debat\u011b jsem zjistil, \u017ee pl\u00e1n, jet p\u0159es Stud\u00e1nky je nemo\u017en\u00fd, kv\u016fli z\u00e1taras\u016fm a nejji\u017en\u011bj\u0161\u00ed bod \u010cR p\u0159es Rakousko je nemo\u017en\u00fd a pr\u00fd v lese chod\u00ed a str\u00e1\u017e\u00ed hranici voj\u00e1ci. No nic jdu na partyz\u00e1n\u0161tinu a 13t\u00fd bod mus\u00ed b\u00fdt dobit za ka\u017edou cenu. To se mi povede stylov\u011b ve 12 hodin v noci. Nejji\u017en\u011bj\u0161\u00ed bod \u010cR jsem zdokumentoval, te\u010f zp\u011bt do Rybn\u00edku a asi naj\u00edt m\u00edsto na sp\u00e1nek. Jede se mi docela dob\u0159e chvilku p\u0159em\u00fd\u0161l\u00edm, \u017ee bych jel asi nonstop, ale je docela zima. Nakonec to zalom\u00edm na zast\u00e1vce v Rybn\u00edku a ul\u00e9h\u00e1m&#8230;<\/p>\n\n\n\n<p>Sp\u00e1nek ve spac\u00e1ku, kter\u00fd m\u00e1 extr\u00e9m +2\u00b0C a venku -2\u00b0C, bylo tro\u0161ku dobrodru\u017estv\u00ed asi 4x jsem vzbudil. Jednou m\u011b vzbudilo n\u011bjak\u00e9 auto, kter\u00e9 zaj\u00edmalo, co to na t\u00e9 zast\u00e1vce je, tak jsem n\u011bco zahul\u00e1kal a auto odjelo. Vyrazil jsem s v\u00fdchodem slunce a to rovnou na pumpu v Doln\u00edm Dvo\u0159i\u0161ti, kde jsem rozmrzl u dvou kaf\u00ed\u010dek. Te\u010f m\u011b \u010dek\u00e1 \u017dof\u00edn, p\u016fvodn\u011b jsem m\u011bl v pl\u00e1nu jet p\u0159es Rakousko, rovnou od nejji\u017en\u011bj\u0161\u00edho bodu \u010cR, ale z\u00e1kaz vycestov\u00e1n\u00ed z republiky zm\u011bnilo trasu, p\u0159es Dvo\u0159i\u0161t\u011b. Zima je je\u0161t\u011b v\u011bt\u0161\u00ed ne\u017e v noci a dokonce si d\u00e1v\u00e1m igelitov\u00e9 jednor\u00e1zov\u00e9 rukavice pod rukavice, aby se ruce trochu zah\u0159\u00e1ly. Slun\u00ed\u010dko vyl\u00e9z\u00e1 pomaleji ne\u017e bych cht\u011bl, abych se trochu zah\u0159\u00e1l. K \u017dof\u00ednu 14ce koruny dor\u00e1\u017e\u00edm docela rychle v\u011bt\u0161inu trasy byl asfalt, docela to ut\u00edkalo. Foto a te\u010f na Jelen\u00ed h\u0159bet trasa bude p\u0159ev\u00e1\u017en\u011b po\u0159\u00e1d do kopce. Z\u00e1v\u011br p\u0159ed vrcholem bylo o hled\u00e1n\u00ed cesty, nakonec to dopadlo, \u017ee jsem tla\u010dil kolo v kolej\u00edch od hervestor\u016f a potom sk\u00e1kal p\u0159es kmeny skoro a\u017e k vrcholu. Foto u kopce kamen\u016f s mal\u00fdm n\u00e1pisem Jelen\u00ed h\u0159bet a 15tka je za mnou,te\u010f u\u017e pokus naj\u00edt trochu cesty a napojit se na trasu. Cestou potk\u00e1v\u00e1m trampa, kter\u00fd stanoval kousek od vrcholu. Po kr\u00e1tk\u00e9m pokecu, po p\u00e1r metrech nach\u00e1z\u00edm, jako cestu a p\u0159es n\u011bkolik strom\u016f se dost\u00e1v\u00e1m na asfaltku a na p\u0159edem zvolenou trasu. Dal\u0161\u00ed vrchol \u010d.16, Besednick\u00e1 hora Velk\u00fd k\u00e1men, mi dal zabrat, cesta k vrcholu byla zase o sk\u00e1k\u00e1n\u00ed p\u0159es ko\u0159eny. Fotka podle navigace u dvou kamen\u016f a rychle d\u00e1l, cestou dol\u016f se mi povede naj\u00edt i trochu cestu, tak se d\u00e1 jet. K&nbsp;Vandli\u010dce, 17tce je to p\u0159ev\u00e1\u017en\u011b z kopce. Slun\u00ed\u010dko u\u017e nab\u00edr\u00e1 na s\u00edle a u\u017e se d\u00e1 jet trochu nalehko oble\u010den\u00fd. Trasu jsem m\u011bl napl\u00e1novanou trochu jinou ne\u017e moment\u00e1ln\u011b jedu. Pot\u0159ebuji se naj\u00edst a vol\u00edm jistotu p\u0159es Trhov\u00e9 Sviny, kde ur\u010dit\u011b bude hladov\u00e9 ok\u00e9nko. To se povede naj\u00edt a d\u00e1v\u00e1m si nudle s krevetami a kolu. J\u00eddlo si d\u00e1v\u00e1m na n\u00e1m\u011bst\u00ed na lavi\u010dce a je\u0161t\u011b to prolo\u017e\u00edm Baldovo klasikou z plechovky, kterou jsem si koupil v s\u00e1mo\u0161ce. Natankov\u00e1no plnou, nased\u00e1m na kolo sm\u011br z\u0159\u00edcenina Lutov\u00e1. Jsem na T\u0159ebo\u0148sku a trasa je placka, cestou nach\u00e1z\u00edm v J\u00edlovic\u00edch pivovar, tak mus\u00edm zastavit a ochutnat. Je tu parti\u010dka biker\u016f, pr\u00fd taky maj\u00ed v pl\u00e1nu d\u00e1t korunu, ale pozd\u011bji a jeden z nich je k\u00e1mo\u0161 s organiz\u00e1torem. Dor\u00e1\u017e\u00edm k Lutov\u00e9, \u010d.18, kde potk\u00e1v\u00e1m turisty, kte\u0159\u00ed mi \u0159\u00edkaj\u00ed, \u017ee zde byla rodinka na kolech, asi kolegov\u00e9. Te\u010f mi \u010dek\u00e1 trasa na nejvzd\u00e1len\u011bj\u0161\u00ed v\u00fdchodn\u00ed bod koruny, Vysok\u00fd k\u00e1men. M\u011bl by b\u00fdt n\u011bkde u Kaprounu. Ke kameni dor\u00e1\u017e\u00edm p\u0159es Kaprounu a je vid\u011bt z d\u00e1lky, proto\u017ee je vyt\u011b\u017een\u00fd cel\u00fd les. Vyfot\u00edm se a odj\u00ed\u017ed\u00edm sm\u011br Sob\u011bslav, kdy\u017e v tom mi n\u011bco \u0159\u00edk\u00e1, \u017ee to asi nebyl ten spr\u00e1vn\u00fd k\u00e1men, kter\u00fd byl na fotce a taky \u017ee jo. J\u00e1, nev\u00edm pro\u010d, si do navigace napl\u00e1noval Vysok\u00fd k\u00e1men 738m a m\u011bl jsem si napl\u00e1novat Vysok\u00fd k\u00e1men 728m, kter\u00fd je kousek za Ro\u017enovem. Na\u0161t\u011bst\u00ed jsem si do navigace nahr\u00e1l jednotliv\u00e9 body, tak si d\u00e1v\u00e1m v gps navigovat k bod\u016f a val\u00edm zp\u011bt. Cestou potk\u00e1v\u00e1m 3 bikery, asi tak\u00e9 byli na vrcholu. Vytla\u010d\u00edm kolo k vrcholu \u010d. 19 a jedu sm\u011br Jind\u0159ich\u016fv Hradec. To to kole\u010dko bylo asi 15km a hodinka ztr\u00e1ty. Cestou zp\u011bt, p\u0159ehodnocuji p\u016fvodn\u00ed pl\u00e1n, kdy jsem to cht\u011bl d\u00e1t na jeden z\u00e1tah a vol\u00edm vlakov\u00e9 n\u00e1dra\u017e\u00ed a jedu dom\u016f. Cestou ve vlaku vym\u00fd\u0161l\u00edm trasu na zbytek 10 vrchol\u016f, kter\u00e9 pot\u0159ebuj\u00ed zdolat, abych to m\u011bl kompletn\u00ed.<\/p>\n\n\n\n<p>Sch\u00e1z\u00ed mi 10 vrchol\u016f, v hlav\u011b trochu \u010derv\u00ed\u010dek, \u017ee jsem to nedal nar\u00e1z a \u017ee je mo\u017en\u00e1 n\u011bkde na trase, taky takov\u00fd exot jako jsem j\u00e1. Tak po pr\u00e1ci vyr\u00e1\u017e\u00edm vlakem do T\u00e1bora. Napl\u00e1novan\u00e1 trasa je dlouh\u00e1 n\u011bco kolem 200km, jeliko\u017e m\u011b tla\u010d\u00ed \u010das, vol\u00edm mezi body p\u0159ev\u00e1\u017en\u011b asfalt, mus\u00edm b\u00fdt v 8 r\u00e1no v pr\u00e1ci, tak\u017ee n\u011bjak\u00fdch 14 hodin. Vyl\u00e9tla z vlaku\u00a0 odkud m\u00e1m napl\u00e1novanou trasu na nejsevern\u011bj\u0161\u00ed vrchol koruny \u0160elmberk, kter\u00fd se nach\u00e1z\u00ed kousek za Mladou Lo\u017enic\u00ed, b\u00fdt o kousek d\u00e1l, tak u\u017e je ve st\u0159edo\u010desk\u00e9m kraji. Z\u0159\u00edcenina je vid\u011bt z d\u00e1lky, na vrchol vystoup\u00e1m po asfaltce. U z\u0159\u00edceniny nach\u00e1z\u00edm \u010dervenou \u010depici, pro kterou se vrac\u00ed mal\u00fd chlape\u010dek, \u017ee ji tam zapomn\u011bl. D\u011bl\u00e1m foto 20ky, kdy\u017e v tom se bre\u010d\u00edc\u00ed chlapec vrac\u00ed, \u017ee nev\u00ed kudy za maminkou,\u00a0 tak ho doprovod\u00edm asi 50m a mamku nach\u00e1z\u00edme. Dal\u0161\u00ed bod Kapli\u010dka Pacova hora je u Ch\u00fdnovsk\u00fdch jeskyn\u00ed, je\u0161t\u011b jsem tam nebyl, dnes to bude premi\u00e9ra. V\u00edtr je dnes v\u011bt\u0161\u00ed kamar\u00e1d, tak tolik nezlob\u00ed a chvilkami mi pom\u016f\u017ee. Dor\u00e1\u017e\u00edm k Pacov\u011b ho\u0159e, je to tu n\u00e1dhern\u00e9, d\u011bl\u00e1m fotky, ale dole pod horou. Je jasn\u00e9, \u017ee kapli\u010dka bude naho\u0159e,\u00a0 tak mus\u00edm cel\u00e9\u00a0 \u00fadol\u00ed objet a vystoupat na vrchol. Foto u kapli\u010dky \u201evoko bere\u201c, n\u011bjak\u00e9 foto \u00fadol\u00ed a rychle sm\u011br rozhledna Sv\u00e1kov. <\/p>\n\n\n\n<figure class=\"wp-block-gallery columns-3 is-cropped\"><ul class=\"blocks-gallery-grid\"><li class=\"blocks-gallery-item\"><figure><img loading=\"lazy\" width=\"750\" height=\"1000\" src=\"https:\/\/vkjc.bknezmar.cz\/wp-content\/uploads\/2020\/05\/20200427_165530-1.jpg\" alt=\"\" data-id=\"1266\" data-full-url=\"https:\/\/vkjc.bknezmar.cz\/wp-content\/uploads\/2020\/05\/20200427_165530-1.jpg\" data-link=\"https:\/\/vkjc.bknezmar.cz\/?attachment_id=1266\" class=\"wp-image-1266\" srcset=\"https:\/\/vkjc.bknezmar.cz\/wp-content\/uploads\/2020\/05\/20200427_165530-1.jpg 750w, https:\/\/vkjc.bknezmar.cz\/wp-content\/uploads\/2020\/05\/20200427_165530-1-225x300.jpg 225w, https:\/\/vkjc.bknezmar.cz\/wp-content\/uploads\/2020\/05\/20200427_165530-1-113x150.jpg 113w\" sizes=\"(max-width: 750px) 100vw, 750px\" \/><\/figure><\/li><li class=\"blocks-gallery-item\"><figure><img loading=\"lazy\" width=\"750\" height=\"1000\" src=\"https:\/\/vkjc.bknezmar.cz\/wp-content\/uploads\/2020\/05\/20200427_171138-1.jpg\" alt=\"\" data-id=\"1267\" data-full-url=\"https:\/\/vkjc.bknezmar.cz\/wp-content\/uploads\/2020\/05\/20200427_171138-1.jpg\" data-link=\"https:\/\/vkjc.bknezmar.cz\/?attachment_id=1267\" class=\"wp-image-1267\" srcset=\"https:\/\/vkjc.bknezmar.cz\/wp-content\/uploads\/2020\/05\/20200427_171138-1.jpg 750w, https:\/\/vkjc.bknezmar.cz\/wp-content\/uploads\/2020\/05\/20200427_171138-1-225x300.jpg 225w, https:\/\/vkjc.bknezmar.cz\/wp-content\/uploads\/2020\/05\/20200427_171138-1-113x150.jpg 113w\" sizes=\"(max-width: 750px) 100vw, 750px\" \/><\/figure><\/li><li class=\"blocks-gallery-item\"><figure><img loading=\"lazy\" width=\"750\" height=\"1000\" src=\"https:\/\/vkjc.bknezmar.cz\/wp-content\/uploads\/2020\/05\/20200427_171144-1.jpg\" alt=\"\" data-id=\"1268\" data-full-url=\"https:\/\/vkjc.bknezmar.cz\/wp-content\/uploads\/2020\/05\/20200427_171144-1.jpg\" data-link=\"https:\/\/vkjc.bknezmar.cz\/?attachment_id=1268\" class=\"wp-image-1268\" srcset=\"https:\/\/vkjc.bknezmar.cz\/wp-content\/uploads\/2020\/05\/20200427_171144-1.jpg 750w, https:\/\/vkjc.bknezmar.cz\/wp-content\/uploads\/2020\/05\/20200427_171144-1-225x300.jpg 225w, https:\/\/vkjc.bknezmar.cz\/wp-content\/uploads\/2020\/05\/20200427_171144-1-113x150.jpg 113w\" sizes=\"(max-width: 750px) 100vw, 750px\" \/><\/figure><\/li><\/ul><\/figure>\n\n\n\n<p>P\u0159i n\u00e1vratu dol\u016f, potk\u00e1v\u00e1m rodinku, kterou popisovali v\u010dera na Lutov\u00e9, man\u017eel\u00e9 a t\u0159i mal\u00e9 d\u011bti na kolech, asi kolegov\u00e9. \u00a0Cestou p\u0159ibrzd\u011bn\u00ed u kamar\u00e1da v T\u016frovci, kter\u00e9ho jsem nevid\u011bl mo\u017en\u00e1 6 let a vyr\u00e1\u017e\u00edm sm\u011br Plan\u00e1 a potom ostr\u00e1 lev\u00e1 na kruh\u00e1\u010di, kde m\u011b ned\u00e1 p\u0159ednost n\u011bjak\u00fd d\u016fchodce, na\u0161t\u011bst\u00ed se to obe\u0161lo bez \u0161r\u00e1m\u016f. To je riziko j\u00edzdy po frekventovan\u00fdch silnic\u00edch, u\u017e se t\u011b\u0161\u00edm a\u017e se dostanu na okrsky.<\/p>\n\n\n\n<p>Kousek za Planou odbo\u010duje na vedlej\u0161\u00ed a krajina mi tady p\u0159ipom\u00edn\u00e1 M\u00e1ch\u016fv kraj. P\u0159ed rozhlednou trochu zakufruji, ale na\u0161t\u011bst\u00ed ne moc a vrac\u00edm se asi 500m na spr\u00e1vnou cestu.<\/p>\n\n\n\n<p>Z\u00a0rozhledny Sv\u00e1kov \u010d.22, je vid\u011bt cel\u00e1 Sob\u011bslav, nahoru nele\u017e\u00ed a val\u00edm d\u00e1l, za chvilku se za\u010dne stm\u00edvat a \u017didovskou strouhu bych cht\u011bl absolvovat je\u0161t\u011b za sv\u011btla. Kousek p\u0159ed Bechyn\u00ed m\u011b stihne drobn\u00fd de\u0161t\u00ed\u010dek, ale nic z\u00e1va\u017en\u00e9ho. P\u0159ed \u017didovskou strouhou \u010d.23, tro\u0161i\u010dku zabloud\u00edm, ale d\u00edky tomu j\u00ed mus\u00edm projet skoro celou, a\u017e k bodu, kde se mus\u00ed ud\u011blat fotka. Je to asi nejkr\u00e1sn\u011bj\u0161\u00ed m\u00edsto, co jsem na korun\u011b objevil. D\u00e1 se zde i kempovat pod skaln\u00edm p\u0159evisem, romantika jako\ud83d\udc37. Jedin\u00e1 vada na kr\u00e1se je, \u017ee mi rupne dr\u00e1t ve v\u00fdpletu a mus\u00edm zbytek trasy absolvovat bez n\u011bj. N\u011bjak ho p\u0159ipevn\u00edm k ostatn\u00edm dr\u00e1t\u016fm elektrik\u00e1\u0159skou p\u00e1skou a jedu d\u00e1l.<\/p>\n\n\n\n<figure class=\"wp-block-gallery columns-2 is-cropped\"><ul class=\"blocks-gallery-grid\"><li class=\"blocks-gallery-item\"><figure><img loading=\"lazy\" width=\"750\" height=\"1000\" src=\"https:\/\/vkjc.bknezmar.cz\/wp-content\/uploads\/2020\/05\/20200427_195917-1.jpg\" alt=\"\" data-id=\"1269\" data-full-url=\"https:\/\/vkjc.bknezmar.cz\/wp-content\/uploads\/2020\/05\/20200427_195917-1.jpg\" data-link=\"https:\/\/vkjc.bknezmar.cz\/?attachment_id=1269\" class=\"wp-image-1269\" srcset=\"https:\/\/vkjc.bknezmar.cz\/wp-content\/uploads\/2020\/05\/20200427_195917-1.jpg 750w, https:\/\/vkjc.bknezmar.cz\/wp-content\/uploads\/2020\/05\/20200427_195917-1-225x300.jpg 225w, https:\/\/vkjc.bknezmar.cz\/wp-content\/uploads\/2020\/05\/20200427_195917-1-113x150.jpg 113w\" sizes=\"(max-width: 750px) 100vw, 750px\" \/><\/figure><\/li><li class=\"blocks-gallery-item\"><figure><img loading=\"lazy\" width=\"750\" height=\"1000\" src=\"https:\/\/vkjc.bknezmar.cz\/wp-content\/uploads\/2020\/05\/20200427_201747-1.jpg\" alt=\"\" data-id=\"1270\" data-full-url=\"https:\/\/vkjc.bknezmar.cz\/wp-content\/uploads\/2020\/05\/20200427_201747-1.jpg\" data-link=\"https:\/\/vkjc.bknezmar.cz\/?attachment_id=1270\" class=\"wp-image-1270\" srcset=\"https:\/\/vkjc.bknezmar.cz\/wp-content\/uploads\/2020\/05\/20200427_201747-1.jpg 750w, https:\/\/vkjc.bknezmar.cz\/wp-content\/uploads\/2020\/05\/20200427_201747-1-225x300.jpg 225w, https:\/\/vkjc.bknezmar.cz\/wp-content\/uploads\/2020\/05\/20200427_201747-1-113x150.jpg 113w\" sizes=\"(max-width: 750px) 100vw, 750px\" \/><\/figure><\/li><\/ul><\/figure>\n\n\n\n<p>Od strouhy vyj\u00ed\u017ed\u00edm u\u017e po z\u00e1padu slunce, trasu m\u00e1m napl\u00e1novanou p\u0159es T\u00fdn nad Vltavou,\u00a0 kde na Shellce d\u00e1v\u00e1m j\u00eddlo a Baldovo klasika + kolu sebou, cestou toho u\u017e asi moc otev\u0159en\u00e9ho nebude. Dost\u00e1v\u00e1m se do Netolic, kde m\u011bn\u00edm baterie,\u00a0 jak je chladno, tak se vyb\u00edjej\u00ed trochu rychleji. Na\u0161t\u011bst\u00ed nen\u00ed takov\u00e1 zima jako v\u010dera. Dal\u0161\u00ed punt\u00edk \u010d. 24 Pivovar v Horn\u00ed Chra\u0161\u0165anech, kousek p\u0159ed n\u00edm, trochu ter\u00e9nn\u00ed vlo\u017eka a kousek po louce, kde by podle mapy.cz m\u011bla b\u00fdt cesta a nebyla. Foto u pivovaru bohu\u017eel zav\u0159eno ve 12 v noci, pro\u010d? Jedno by bodlo, dokonce tu kolo maj\u00ed \ud83d\ude00 op\u0159en\u00e9 o ceduli. Kouk\u00e1m do navigace kudy na Vysokou B\u011btu \u010d.25 a sv\u011bte div se, je to do kopce. V\u0161ude se t\u011b\u017e\u00ed d\u0159evo a hlavn\u011b jsou cesty rozje\u017ed\u011bn\u00e9 od lesn\u00ed techniky. Za sv\u011btla by to bylo asi snaz\u0161\u00ed, k vrcholu trochu v\u00edc bloud\u00edm a na vrcholu, kde by asi m\u011bla b\u00fdt n\u011bjak\u00e1 cedule, objevuji nyvela\u010dn\u00ed ty\u010d s kamenem kde je vyra\u017eeno 1946. Ceduli jsem hledal na n\u011bjak\u00e9m strom\u011b, ale marn\u011b, n\u011bkter\u00e9 stromy nejbl\u00ed\u017ee k vrcholu byly pok\u00e1cen\u00fd, t\u0159eba byla cedule na n\u011bkter\u00e9m z nich.\ud83d\ude02 Cesta z vrcholu byla mo\u017en\u00e1 hor\u0161\u00ed, ne\u017e na vrchol, ne\u017e jsem na\u0161el napl\u00e1novanou trasu, trvalo to mo\u017en\u00e1 p\u016fl hodiny. Te\u010f mi \u010dek\u00e1 p\u0159esun k Rohanovu Vrchu 26ce, mus\u00edm vy\u0161lapat okolo Buglaty, kolem Kuklova (to zji\u0161\u0165uji a\u017e te\u010f, kdy\u017e se d\u00edv\u00e1m do mapy) a potom na Chroboly. Z Chrobol za\u010d\u00edn\u00e1 v\u00fdstup na Rohansk\u00fd Vrch, cestou nach\u00e1z\u00edm stud\u00e1nku a tak tankuji plnou a je\u0161t\u011b se po\u0159\u00e1dn\u011b ob\u010derstv\u00edm. Na vrchol, jak jinak, p\u0159es kmeny dor\u00e1\u017e\u00edm n\u011bkdy po 2 hodin\u011b rann\u00ed, povinn\u00e9 fotky a hur\u00e1 do L\u00e1zn\u00ed. Je to p\u0159ev\u00e1\u017en\u011b z kopce, \u017ee mi m\u00e1lem sho\u0159\u00ed brzdy. Fotka u Globusu pro m\u011b \u010d\u00edslo 27 a te\u010f u\u017e jen dva vrcholy a konec za Bavorovem (jo a takov\u00e1 diskot\u00e9ka v Bavorov\u011b). Je\u0161t\u011b se zastavuji \u00a0na Benzin\u011b, d\u00e1v\u00e1m kaf\u00e9 a kolu. Je po 3t\u00ed hodin\u011b byl jsem domluven\u00fd s man\u017eelkou, \u017ee by to mohlo kon\u010dit, \u00a0tak kolem druh\u00e9 a \u017ee se j\u00ed ozvu, asi jsem velk\u00fd optimista\ud83d\ude02. Vyr\u00e1\u017e\u00edm sm\u011br Bavorov, cestou m\u011b moj\u00ed jeden peka\u0159 za druh\u00fdm, dor\u00e1\u017e\u00edm na n\u00e1m\u011bst\u00ed a sna\u017e\u00edm se vym\u011bnit baterie ve sv\u011btle, ale nejde to povolit (ve st\u0159edu jsem zjistil, \u017ee jak jsem to cht\u011bl povolit a jak jsem byl zmatlanej, tak jsem to utahoval). Vyr\u00e1\u017e\u00edm sm\u011br rozhledna, napl\u00e1novan\u00e1 trasa byla o kousek del\u0161\u00ed, tak jsem volil krat\u0161\u00ed, kv\u016fli sv\u011btlu, abych to stihl. To jsem, ale nev\u011bd\u011bl, \u017ee tu byli partyz\u00e1ni (t\u011b\u017ea\u0159i) a na cestu vyvozili v\u0161echny v\u011btve ze strom\u016f, co porazili a j\u00e1 se musel mezi nimi prod\u00edrat z kolem na z\u00e1dech. Bylo to mo\u017en\u00e1 tak 20 min. na vyp\u00edp\u00e1n\u00ed zvuku, proto\u017ee to \u010dlov\u011bk nepochop\u00ed, pro\u010d?\u00a0 Na rozhledn\u011b jsem zjistil, \u017ee m\u00e1m 3 nep\u0159ijat\u00e9 hovory od man\u017eelky. M\u011bl jsem telefon v m\u00f3du neru\u0161it. Vol\u00e1m a omlouv\u00e1m se, \u017ee jsem skoro bez sv\u011btla a \u017ee m\u00e1m je\u0161t\u011b jeden vrchol, \u017ee j\u00ed hned potom zavol\u00e1m. Povinn\u00e9 foto a sjezd dol\u016f, zkratkou p\u0159es soukrom\u00fd pozemek (omlouv\u00e1m se) k\u00a0posledn\u00edmu m\u00e9mu drahokamu \u010d. 29, a\u00e1Koruny ji\u017en\u00edch \u010cech. C\u00edlov\u00e9 foto a telefon\u00e1t man\u017eelce, kter\u00e1 je za ka\u017edou cenu rozhodnut\u00e1, \u017ee pro m\u011b p\u0159ijede. Sna\u017e\u00edm se j\u00ed p\u0159esv\u011bd\u010dit, ale marn\u011b, \u017ee to dom\u016f dojedu, jede mi naproti. Nakonec doj\u00ed\u017ed\u00edm do Vod\u0148an k Ryb\u00e1\u0159sk\u00e9 \u0161kole, kde mi nab\u00edr\u00e1 a jedeme dom\u016f. Kde se sna\u017e\u00edm poslat co nejrychleji fotky na email, vykoupat a do pr\u00e1ce.<\/p>\n\n\n\n<p>Bylo to kr\u00e1sn\u00e9, v\u00fd\u017eivn\u00e9 a n\u011bkter\u00e9 vrcholy nav\u0161t\u00edv\u00edm je\u0161t\u011b jednou. Ur\u010dit\u011b to bude Chr\u00e1\u0161\u0165ansk\u00fd pivovar, \u017didovsk\u00e1 strouha, Pacova Hora. M\u00e1m v&nbsp;pl\u00e1nu, \u017ee si dojedu \u00faseky, abych m\u011bl mezi vrcholy kole\u010dko&#8230;<\/p>\n\n\n\n<p>Sum\u00e1\u0159:<\/p>\n\n\n\n<p>Na VKJ\u010c jsem najel 615,04 km, nastoupal 9919m, str\u00e1vil celkem 47h 12min a 57sec (v\u010detn\u011b v\u0161ech zast\u00e1vek a sp\u00e1nku, kdy jsem byl na kole), \u010dist\u00fd \u010das pohybu 35h 31min a 36 sec.<\/p>\n\n\n\n<p>V\u011b\u0159\u00edm, \u017ee se v\u00e1m bude koruna l\u00edbit a mo\u017en\u00e1 se n\u011bkde na n\u00ed je\u0161t\u011b potk\u00e1me.<\/p>\n\n\n\n<p>S&nbsp;pozdravem<\/p>\n\n\n\n<p>Jirka Balou\u0161ek<\/p>\n\n\n\n<p><\/p>\n\n\n\n<figure class=\"wp-block-image size-large\"><img loading=\"lazy\" width=\"750\" height=\"1000\" src=\"https:\/\/vkjc.bknezmar.cz\/wp-content\/uploads\/2020\/05\/20200427_184202-1.jpg\" alt=\"\" class=\"wp-image-1273\" srcset=\"https:\/\/vkjc.bknezmar.cz\/wp-content\/uploads\/2020\/05\/20200427_184202-1.jpg 750w, https:\/\/vkjc.bknezmar.cz\/wp-content\/uploads\/2020\/05\/20200427_184202-1-225x300.jpg 225w, https:\/\/vkjc.bknezmar.cz\/wp-content\/uploads\/2020\/05\/20200427_184202-1-113x150.jpg 113w\" sizes=\"(max-width: 750px) 100vw, 750px\" \/><\/figure>\n","protected":false},"excerpt":{"rendered":"<p>Mus\u00edm se p\u0159iznat, \u017ee malink\u00e9 odlo\u017een\u00ed startu m\u011b vyhovovalo. Jednak jsem je\u0161t\u011b mohl dopilovat trasu a taky je\u0161t\u011b n\u011bco najet. Pl\u00e1n, byl jasn\u00fd od za\u010d\u00e1tku, jet v\u0161echny vrcholy v\u00fdkon+v\u00fdlet, ale nav\u00edc na jeden z\u00e1tah. \u010cekal jsem, \u017ee se pojede o t\u00fdden d\u00e9le 1.5. Pro pl\u00e1nov\u00e1n\u00ed jsem pou\u017e\u00edval mapy.cz \ud83d\ude02\ud83e\udd2a a mus\u00edm se p\u0159iznat, \u017ee by&#8230;<\/p>\n","protected":false},"author":2,"featured_media":1193,"comment_status":"open","ping_status":"open","sticky":false,"template":"","format":"standard","meta":[],"categories":[14,13],"tags":[],"_links":{"self":[{"href":"https:\/\/vkjc.bknezmar.cz\/index.php?rest_route=\/wp\/v2\/posts\/1201"}],"collection":[{"href":"https:\/\/vkjc.bknezmar.cz\/index.php?rest_route=\/wp\/v2\/posts"}],"about":[{"href":"https:\/\/vkjc.bknezmar.cz\/index.php?rest_route=\/wp\/v2\/types\/post"}],"author":[{"embeddable":true,"href":"https:\/\/vkjc.bknezmar.cz\/index.php?rest_route=\/wp\/v2\/users\/2"}],"replies":[{"embeddable":true,"href":"https:\/\/vkjc.bknezmar.cz\/index.php?rest_route=%2Fwp%2Fv2%2Fcomments&post=1201"}],"version-history":[{"count":3,"href":"https:\/\/vkjc.bknezmar.cz\/index.php?rest_route=\/wp\/v2\/posts\/1201\/revisions"}],"predecessor-version":[{"id":1274,"href":"https:\/\/vkjc.bknezmar.cz\/index.php?rest_route=\/wp\/v2\/posts\/1201\/revisions\/1274"}],"wp:featuredmedia":[{"embeddable":true,"href":"https:\/\/vkjc.bknezmar.cz\/index.php?rest_route=\/wp\/v2\/media\/1193"}],"wp:attachment":[{"href":"https:\/\/vkjc.bknezmar.cz\/index.php?rest_route=%2Fwp%2Fv2%2Fmedia&parent=1201"}],"wp:term":[{"taxonomy":"category","embeddable":true,"href":"https:\/\/vkjc.bknezmar.cz\/index.php?rest_route=%2Fwp%2Fv2%2Fcategories&post=1201"},{"taxonomy":"post_tag","embeddable":true,"href":"https:\/\/vkjc.bknezmar.cz\/index.php?rest_route=%2Fwp%2Fv2%2Ftags&post=1201"}],"curies":[{"name":"wp","href":"https:\/\/api.w.org\/{rel}","templated":true}]}}