{"id":1140,"date":"2020-04-24T07:38:51","date_gmt":"2020-04-24T05:38:51","guid":{"rendered":"https:\/\/vkjc.bknezmar.cz\/?p=1140"},"modified":"2020-04-24T07:38:53","modified_gmt":"2020-04-24T05:38:53","slug":"pozor-pozor-vkjc-2020-odbrzdena","status":"publish","type":"post","link":"https:\/\/vkjc.bknezmar.cz\/?p=1140","title":{"rendered":"POZOR POZOR! VKJ\u010c 2020 ODBR\u017dD\u011aNA!"},"content":{"rendered":"\n<p>Nezaspali jste? Ode dne\u0161ka je v \u010cR zru\u0161en z\u00e1kaz voln\u00e9ho pohybu osob, tedy i voln\u00e9ho pohybu bajker\u016f a nic n\u00e1m nebr\u00e1n\u00ed dob\u00fdvat vrcholy VKJ\u010c 2020! Dne\u0161n\u00edm dnem tedy startujeme!<\/p>\n\n\n\n<figure class=\"wp-block-gallery columns-3 is-cropped\"><ul class=\"blocks-gallery-grid\"><li class=\"blocks-gallery-item\"><figure><img loading=\"lazy\" width=\"980\" height=\"735\" src=\"https:\/\/vkjc.bknezmar.cz\/wp-content\/uploads\/2020\/04\/maly-zavod-miru-cyklistika-start-etapa-kolari-lanskroun-namesti260517-uo_galerie-980-1.jpg\" alt=\"\" data-id=\"1146\" data-full-url=\"https:\/\/vkjc.bknezmar.cz\/wp-content\/uploads\/2020\/04\/maly-zavod-miru-cyklistika-start-etapa-kolari-lanskroun-namesti260517-uo_galerie-980-1.jpg\" data-link=\"https:\/\/vkjc.bknezmar.cz\/?attachment_id=1146\" class=\"wp-image-1146\" srcset=\"https:\/\/vkjc.bknezmar.cz\/wp-content\/uploads\/2020\/04\/maly-zavod-miru-cyklistika-start-etapa-kolari-lanskroun-namesti260517-uo_galerie-980-1.jpg 980w, https:\/\/vkjc.bknezmar.cz\/wp-content\/uploads\/2020\/04\/maly-zavod-miru-cyklistika-start-etapa-kolari-lanskroun-namesti260517-uo_galerie-980-1-300x225.jpg 300w, https:\/\/vkjc.bknezmar.cz\/wp-content\/uploads\/2020\/04\/maly-zavod-miru-cyklistika-start-etapa-kolari-lanskroun-namesti260517-uo_galerie-980-1-768x576.jpg 768w, https:\/\/vkjc.bknezmar.cz\/wp-content\/uploads\/2020\/04\/maly-zavod-miru-cyklistika-start-etapa-kolari-lanskroun-namesti260517-uo_galerie-980-1-150x113.jpg 150w, https:\/\/vkjc.bknezmar.cz\/wp-content\/uploads\/2020\/04\/maly-zavod-miru-cyklistika-start-etapa-kolari-lanskroun-namesti260517-uo_galerie-980-1-800x600.jpg 800w, https:\/\/vkjc.bknezmar.cz\/wp-content\/uploads\/2020\/04\/maly-zavod-miru-cyklistika-start-etapa-kolari-lanskroun-namesti260517-uo_galerie-980-1-400x300.jpg 400w\" sizes=\"(max-width: 980px) 100vw, 980px\" \/><\/figure><\/li><li class=\"blocks-gallery-item\"><figure><img loading=\"lazy\" width=\"280\" height=\"280\" src=\"https:\/\/vkjc.bknezmar.cz\/wp-content\/uploads\/2020\/04\/sta\u017een\u00fd-soubor.jpg\" alt=\"\" data-id=\"1148\" data-full-url=\"https:\/\/vkjc.bknezmar.cz\/wp-content\/uploads\/2020\/04\/sta\u017een\u00fd-soubor.jpg\" data-link=\"https:\/\/vkjc.bknezmar.cz\/?attachment_id=1148\" class=\"wp-image-1148\" srcset=\"https:\/\/vkjc.bknezmar.cz\/wp-content\/uploads\/2020\/04\/sta\u017een\u00fd-soubor.jpg 280w, https:\/\/vkjc.bknezmar.cz\/wp-content\/uploads\/2020\/04\/sta\u017een\u00fd-soubor-150x150.jpg 150w\" sizes=\"(max-width: 280px) 100vw, 280px\" \/><\/figure><\/li><li class=\"blocks-gallery-item\"><figure><img loading=\"lazy\" width=\"603\" height=\"398\" src=\"https:\/\/vkjc.bknezmar.cz\/wp-content\/uploads\/2020\/04\/sta\u017een\u00fd-soubor-1.jpg\" alt=\"\" data-id=\"1147\" data-full-url=\"https:\/\/vkjc.bknezmar.cz\/wp-content\/uploads\/2020\/04\/sta\u017een\u00fd-soubor-1.jpg\" data-link=\"https:\/\/vkjc.bknezmar.cz\/?attachment_id=1147\" class=\"wp-image-1147\" srcset=\"https:\/\/vkjc.bknezmar.cz\/wp-content\/uploads\/2020\/04\/sta\u017een\u00fd-soubor-1.jpg 603w, https:\/\/vkjc.bknezmar.cz\/wp-content\/uploads\/2020\/04\/sta\u017een\u00fd-soubor-1-300x198.jpg 300w, https:\/\/vkjc.bknezmar.cz\/wp-content\/uploads\/2020\/04\/sta\u017een\u00fd-soubor-1-150x99.jpg 150w\" sizes=\"(max-width: 603px) 100vw, 603px\" \/><\/figure><\/li><\/ul><\/figure>\n","protected":false},"excerpt":{"rendered":"<p>Nezaspali jste? Ode dne\u0161ka je v \u010cR zru\u0161en z\u00e1kaz voln\u00e9ho pohybu osob, tedy i voln\u00e9ho pohybu bajker\u016f a nic n\u00e1m nebr\u00e1n\u00ed dob\u00fdvat vrcholy VKJ\u010c 2020! Dne\u0161n\u00edm dnem tedy startujeme!<\/p>\n","protected":false},"author":2,"featured_media":1145,"comment_status":"open","ping_status":"open","sticky":false,"template":"","format":"standard","meta":[],"categories":[14,13],"tags":[],"_links":{"self":[{"href":"https:\/\/vkjc.bknezmar.cz\/index.php?rest_route=\/wp\/v2\/posts\/1140"}],"collection":[{"href":"https:\/\/vkjc.bknezmar.cz\/index.php?rest_route=\/wp\/v2\/posts"}],"about":[{"href":"https:\/\/vkjc.bknezmar.cz\/index.php?rest_route=\/wp\/v2\/types\/post"}],"author":[{"embeddable":true,"href":"https:\/\/vkjc.bknezmar.cz\/index.php?rest_route=\/wp\/v2\/users\/2"}],"replies":[{"embeddable":true,"href":"https:\/\/vkjc.bknezmar.cz\/index.php?rest_route=%2Fwp%2Fv2%2Fcomments&post=1140"}],"version-history":[{"count":2,"href":"https:\/\/vkjc.bknezmar.cz\/index.php?rest_route=\/wp\/v2\/posts\/1140\/revisions"}],"predecessor-version":[{"id":1149,"href":"https:\/\/vkjc.bknezmar.cz\/index.php?rest_route=\/wp\/v2\/posts\/1140\/revisions\/1149"}],"wp:featuredmedia":[{"embeddable":true,"href":"https:\/\/vkjc.bknezmar.cz\/index.php?rest_route=\/wp\/v2\/media\/1145"}],"wp:attachment":[{"href":"https:\/\/vkjc.bknezmar.cz\/index.php?rest_route=%2Fwp%2Fv2%2Fmedia&parent=1140"}],"wp:term":[{"taxonomy":"category","embeddable":true,"href":"https:\/\/vkjc.bknezmar.cz\/index.php?rest_route=%2Fwp%2Fv2%2Fcategories&post=1140"},{"taxonomy":"post_tag","embeddable":true,"href":"https:\/\/vkjc.bknezmar.cz\/index.php?rest_route=%2Fwp%2Fv2%2Ftags&post=1140"}],"curies":[{"name":"wp","href":"https:\/\/api.w.org\/{rel}","templated":true}]}}