{"id":1124,"date":"2020-03-27T18:47:25","date_gmt":"2020-03-27T17:47:25","guid":{"rendered":"https:\/\/vkjc.bknezmar.cz\/?p=1124"},"modified":"2020-03-27T19:06:36","modified_gmt":"2020-03-27T18:06:36","slug":"pozor-odlozeni-startu-vkjc-2020","status":"publish","type":"post","link":"https:\/\/vkjc.bknezmar.cz\/?p=1124","title":{"rendered":"POZOR, ODLO\u017dEN\u00cd STARTU VKJ\u010c 2020"},"content":{"rendered":"\n<p>V\u00e1\u017een\u00ed potenci\u00e1ln\u00ed dobyvatel\u00e9 Vrcha\u0159sk\u00e9 koruny Ji\u017en\u00edch \u010cech. Rozhodli jsme se, \u017ee start leto\u0161n\u00edho ro\u010dn\u00edku odlo\u017e\u00edme. Koronavirus \u0159\u00e1d\u00ed a je\u0161t\u011b n\u011bjakou dobu nejsp\u00ed\u0161 bude. Nouzov\u00fd stav v \u010cR trv\u00e1 do 1.4.2020 a u\u017e se nav\u00edc mluv\u00ed o tom, \u017ee bude prodlou\u017een o dal\u0161\u00ed m\u011bs\u00edc! Teoreticky by na kole vyj\u00ed\u017ed\u011bt \u0161lo. Po jednom, s rou\u0161kou, bez ob\u010derstven\u00ed cestou &#8230; a to by opravdu nebylo to prav\u00e9. <\/p>\n\n\n\n<p>Kolegov\u00e9 z VKV maj\u00ed obavy, \u017ee budou na vrcholech m\u00edt narv\u00e1no: &#8222;Hnali bychom tak toti\u017e stovky v\u00e9\u010dka\u0159\u016f do kopc\u016f, kde by se vz\u00e1jemn\u011b potk\u00e1vali a t\u00edm by doch\u00e1zelo k&nbsp;n\u00e1mi \u0159\u00edzen\u00e9mu naru\u0161ov\u00e1n\u00ed karant\u00e9ny &#8222;. Takov\u00fd n\u00e1val my na jihu \u010cech ne\u010dek\u00e1me \ud83d\ude42 . Nicm\u00e9n\u011b se ztoto\u017e\u0148ujeme s jejich n\u00e1zorem start odlo\u017eit. I proto, \u017ee si velmi v\u00e1\u017e\u00edme pr\u00e1ce slo\u017eek IZS,  kter\u00fdm v boji v prvn\u00ed linii dr\u017e\u00edme palce. A nechceme jim, nedej bo\u017ee, p\u0159id\u011bl\u00e1vat pr\u00e1ci.<\/p>\n\n\n\n<p>Opo\u017ed\u011bn\u00fd start ur\u010d\u00edme nejsp\u00ed\u0161e na prvn\u00ed sobotu po zru\u0161en\u00ed karantenn\u00edch opat\u0159en\u00ed (z\u00e1kazu voln\u00e9ho pohybu osob). Douf\u00e1me, \u017ee to bude co nejd\u0159\u00edve a t\u011b\u0161\u00edme se na spole\u010dn\u00e9 kilometry v sedle! Hodn\u011b zdrav\u00ed a pevn\u00e9 nervy v\u0161em!<\/p>\n\n\n\n<p><\/p>\n","protected":false},"excerpt":{"rendered":"<p>V\u00e1\u017een\u00ed potenci\u00e1ln\u00ed dobyvatel\u00e9 Vrcha\u0159sk\u00e9 koruny Ji\u017en\u00edch \u010cech. Rozhodli jsme se, \u017ee start leto\u0161n\u00edho ro\u010dn\u00edku odlo\u017e\u00edme. Koronavirus \u0159\u00e1d\u00ed a je\u0161t\u011b n\u011bjakou dobu nejsp\u00ed\u0161 bude. Nouzov\u00fd stav v \u010cR trv\u00e1 do 1.4.2020 a u\u017e se nav\u00edc mluv\u00ed o tom, \u017ee bude prodlou\u017een o dal\u0161\u00ed m\u011bs\u00edc! Teoreticky by na kole vyj\u00ed\u017ed\u011bt \u0161lo. Po jednom, s rou\u0161kou, bez ob\u010derstven\u00ed&#8230;<\/p>\n","protected":false},"author":2,"featured_media":1135,"comment_status":"open","ping_status":"open","sticky":false,"template":"","format":"standard","meta":[],"categories":[14,13],"tags":[],"_links":{"self":[{"href":"https:\/\/vkjc.bknezmar.cz\/index.php?rest_route=\/wp\/v2\/posts\/1124"}],"collection":[{"href":"https:\/\/vkjc.bknezmar.cz\/index.php?rest_route=\/wp\/v2\/posts"}],"about":[{"href":"https:\/\/vkjc.bknezmar.cz\/index.php?rest_route=\/wp\/v2\/types\/post"}],"author":[{"embeddable":true,"href":"https:\/\/vkjc.bknezmar.cz\/index.php?rest_route=\/wp\/v2\/users\/2"}],"replies":[{"embeddable":true,"href":"https:\/\/vkjc.bknezmar.cz\/index.php?rest_route=%2Fwp%2Fv2%2Fcomments&post=1124"}],"version-history":[{"count":7,"href":"https:\/\/vkjc.bknezmar.cz\/index.php?rest_route=\/wp\/v2\/posts\/1124\/revisions"}],"predecessor-version":[{"id":1133,"href":"https:\/\/vkjc.bknezmar.cz\/index.php?rest_route=\/wp\/v2\/posts\/1124\/revisions\/1133"}],"wp:featuredmedia":[{"embeddable":true,"href":"https:\/\/vkjc.bknezmar.cz\/index.php?rest_route=\/wp\/v2\/media\/1135"}],"wp:attachment":[{"href":"https:\/\/vkjc.bknezmar.cz\/index.php?rest_route=%2Fwp%2Fv2%2Fmedia&parent=1124"}],"wp:term":[{"taxonomy":"category","embeddable":true,"href":"https:\/\/vkjc.bknezmar.cz\/index.php?rest_route=%2Fwp%2Fv2%2Fcategories&post=1124"},{"taxonomy":"post_tag","embeddable":true,"href":"https:\/\/vkjc.bknezmar.cz\/index.php?rest_route=%2Fwp%2Fv2%2Ftags&post=1124"}],"curies":[{"name":"wp","href":"https:\/\/api.w.org\/{rel}","templated":true}]}}