{"id":1071,"date":"2020-03-26T20:37:13","date_gmt":"2020-03-26T19:37:13","guid":{"rendered":"https:\/\/vkjc.bknezmar.cz\/?p=1071"},"modified":"2020-03-30T15:25:49","modified_gmt":"2020-03-30T13:25:49","slug":"vsechny-vrcholy-zverejneny","status":"publish","type":"post","link":"https:\/\/vkjc.bknezmar.cz\/?p=1071","title":{"rendered":"V\u0161echny vrcholy zve\u0159ejn\u011bny. Pozor, do\u0161lo ke zm\u011bn\u011b v kategorii V\u00ddKON."},"content":{"rendered":"\n<p><\/p>\n\n\n\n<p>Dnes byl na <a href=\"http:\/\/www.facebook.com\/Vrcha%C5%99sk%C3%A1-koruna-Ji%C5%BEn%C3%ADch-%C4%8Cech-1503482973251301\/\" target=\"_blank\" rel=\"noreferrer noopener\" aria-label=\"facebooku  (otev\u0159e se na nov\u00e9 z\u00e1lo\u017ece)\">facebooku <\/a>uhodnut posledn\u00ed vrchol VKJ\u010c pro rok 2020. V\u0161echny vrcholy ve v\u0161ech 3 kategori\u00edch jsou tedy zve\u0159ejn\u011bny. M\u016f\u017eeme pl\u00e1novat jejich dob\u00fdv\u00e1n\u00ed i kdy\u017e bohu\u017eel nen\u00ed jasn\u00e9, kdy se do p\u0159\u00edrody bez omezen\u00ed dostaneme.<\/p>\n\n\n\n<p>Ji\u017e jasn\u00fdmi ob\u011btmi koronaviru jsou Rakousk\u00e9 vrcholy VKJ\u010c 2020 v kategorii V\u00ddKON.<\/p>\n\n\n\n<figure class=\"wp-block-image size-large\"><img loading=\"lazy\" width=\"665\" height=\"506\" src=\"https:\/\/vkjc.bknezmar.cz\/wp-content\/uploads\/2020\/03\/zm\u011bna-p\u016fvodn\u00ed.jpeg\" alt=\"\" class=\"wp-image-1121\" srcset=\"https:\/\/vkjc.bknezmar.cz\/wp-content\/uploads\/2020\/03\/zm\u011bna-p\u016fvodn\u00ed.jpeg 665w, https:\/\/vkjc.bknezmar.cz\/wp-content\/uploads\/2020\/03\/zm\u011bna-p\u016fvodn\u00ed-300x228.jpeg 300w, https:\/\/vkjc.bknezmar.cz\/wp-content\/uploads\/2020\/03\/zm\u011bna-p\u016fvodn\u00ed-150x114.jpeg 150w\" sizes=\"(max-width: 665px) 100vw, 665px\" \/><\/figure>\n\n\n\n<p>Za hranice se n\u011bjakou dobu leg\u00e1ln\u011b nepod\u00edv\u00e1me. Vrcholy kategorie V\u00ddKON, kter\u00e9 byly v Rakousku, jsme tedy nahradili vrcholy z kategorie V\u00ddLET. <\/p>\n\n\n\n<figure class=\"wp-block-image size-large\"><img loading=\"lazy\" width=\"1024\" height=\"385\" src=\"https:\/\/vkjc.bknezmar.cz\/wp-content\/uploads\/2020\/03\/zm\u011bna-nov\u00e9-1-1024x385.jpeg\" alt=\"\" class=\"wp-image-1122\" srcset=\"https:\/\/vkjc.bknezmar.cz\/wp-content\/uploads\/2020\/03\/zm\u011bna-nov\u00e9-1-1024x385.jpeg 1024w, https:\/\/vkjc.bknezmar.cz\/wp-content\/uploads\/2020\/03\/zm\u011bna-nov\u00e9-1-300x113.jpeg 300w, https:\/\/vkjc.bknezmar.cz\/wp-content\/uploads\/2020\/03\/zm\u011bna-nov\u00e9-1-768x289.jpeg 768w, https:\/\/vkjc.bknezmar.cz\/wp-content\/uploads\/2020\/03\/zm\u011bna-nov\u00e9-1-150x56.jpeg 150w, https:\/\/vkjc.bknezmar.cz\/wp-content\/uploads\/2020\/03\/zm\u011bna-nov\u00e9-1-800x301.jpeg 800w, https:\/\/vkjc.bknezmar.cz\/wp-content\/uploads\/2020\/03\/zm\u011bna-nov\u00e9-1.jpeg 1330w\" sizes=\"(max-width: 1024px) 100vw, 1024px\" \/><\/figure>\n\n\n\n<p><\/p>\n","protected":false},"excerpt":{"rendered":"<p>Dnes byl na facebooku uhodnut posledn\u00ed vrchol VKJ\u010c pro rok 2020. V\u0161echny vrcholy ve v\u0161ech 3 kategori\u00edch jsou tedy zve\u0159ejn\u011bny. M\u016f\u017eeme pl\u00e1novat jejich dob\u00fdv\u00e1n\u00ed i kdy\u017e bohu\u017eel nen\u00ed jasn\u00e9, kdy se do p\u0159\u00edrody bez omezen\u00ed dostaneme. Ji\u017e jasn\u00fdmi ob\u011btmi koronaviru jsou Rakousk\u00e9 vrcholy VKJ\u010c 2020 v kategorii V\u00ddKON. Za hranice se n\u011bjakou dobu leg\u00e1ln\u011b nepod\u00edv\u00e1me&#8230;.<\/p>\n","protected":false},"author":2,"featured_media":1081,"comment_status":"open","ping_status":"open","sticky":false,"template":"","format":"standard","meta":[],"categories":[14,13],"tags":[],"_links":{"self":[{"href":"https:\/\/vkjc.bknezmar.cz\/index.php?rest_route=\/wp\/v2\/posts\/1071"}],"collection":[{"href":"https:\/\/vkjc.bknezmar.cz\/index.php?rest_route=\/wp\/v2\/posts"}],"about":[{"href":"https:\/\/vkjc.bknezmar.cz\/index.php?rest_route=\/wp\/v2\/types\/post"}],"author":[{"embeddable":true,"href":"https:\/\/vkjc.bknezmar.cz\/index.php?rest_route=\/wp\/v2\/users\/2"}],"replies":[{"embeddable":true,"href":"https:\/\/vkjc.bknezmar.cz\/index.php?rest_route=%2Fwp%2Fv2%2Fcomments&post=1071"}],"version-history":[{"count":15,"href":"https:\/\/vkjc.bknezmar.cz\/index.php?rest_route=\/wp\/v2\/posts\/1071\/revisions"}],"predecessor-version":[{"id":1138,"href":"https:\/\/vkjc.bknezmar.cz\/index.php?rest_route=\/wp\/v2\/posts\/1071\/revisions\/1138"}],"wp:featuredmedia":[{"embeddable":true,"href":"https:\/\/vkjc.bknezmar.cz\/index.php?rest_route=\/wp\/v2\/media\/1081"}],"wp:attachment":[{"href":"https:\/\/vkjc.bknezmar.cz\/index.php?rest_route=%2Fwp%2Fv2%2Fmedia&parent=1071"}],"wp:term":[{"taxonomy":"category","embeddable":true,"href":"https:\/\/vkjc.bknezmar.cz\/index.php?rest_route=%2Fwp%2Fv2%2Fcategories&post=1071"},{"taxonomy":"post_tag","embeddable":true,"href":"https:\/\/vkjc.bknezmar.cz\/index.php?rest_route=%2Fwp%2Fv2%2Ftags&post=1071"}],"curies":[{"name":"wp","href":"https:\/\/api.w.org\/{rel}","templated":true}]}}